{"id":162073,"date":"2025-02-13T02:22:05","date_gmt":"2025-02-13T02:22:05","guid":{"rendered":"https:\/\/puntoapunto.com.ar\/?p=370064"},"modified":"2025-02-13T02:22:05","modified_gmt":"2025-02-13T02:22:05","slug":"renuncio-el-presidente-de-fadea-y-es-otro-cordobes-que-deja-el-gobierno-de-milei","status":"publish","type":"post","link":"http:\/\/cordobadirecto.com\/index.php\/2025\/02\/13\/renuncio-el-presidente-de-fadea-y-es-otro-cordobes-que-deja-el-gobierno-de-milei\/","title":{"rendered":"Renunci\u00f3 el presidente de FAdeA y es otro cordob\u00e9s que deja el gobierno de Milei"},"content":{"rendered":"<p>&nbsp;<!-- \u00a1O bien no hay banners, estan desactivados o no estan programados para esta ubicaci\u00f3n! -->\n<\/p>\n<p>&nbsp;\n<\/p>\n<p>A trav\u00e9s de un posteo en sus redes sociales el cordob\u00e9s Fernando Sibilla anunci\u00f3 que dejaba la presidencia de la F\u00e1brica Argentina de Aviones (FAdeA), cargo que ostent\u00f3 durante cerca de un a\u00f1o.\n<\/p>\n<p>Se trata as\u00ed de otro \u201cbaja\u201d de un funcionario oriundo de la provincia en el gobierno nacional de Javier Milei. Desde el entorno del ex Secretario de Industria del Gobierno de la Provincia de C\u00f3rdoba y ex director ejecutivo de la UIC se\u00f1alaron que hab\u00eda marcadas diferencias en torno al rumbo y al apoyo que se necesitaba para continuar con sus funciones, pese a que durante su gesti\u00f3n Sibilla activ\u00f3 un nuevo convenio colectivo de trabajo y baj\u00f3 cerca del 35% del costo operativo de la f\u00e1brica.\n<\/p>\n<p>La decisi\u00f3n de dejar FAdeA se da en el marco de un programa de desinversi\u00f3n y retiro por parte del Estado nacional en las empresas p\u00fablicas. Desde el inicio de la gesti\u00f3n Milei FAdeA estaba en la \u201clista\u201d de empresas que podr\u00edan atravesar un proceso de privatizaci\u00f3n. Pero en los \u00faltimos meses cobr\u00f3 fuerza la intenci\u00f3n del gobierno provincial de hacerse de FAdeA y que pase a la \u00f3rbita de la Provincia con la intenci\u00f3n de generar mayor m\u00fasculo en la alica\u00edda industria metalmec\u00e1nica de la que la f\u00e1brica de aviones puede ser protagonista.<!-- \u00a1O bien no hay banners, estan desactivados o no estan programados para esta ubicaci\u00f3n! -->\n<\/p>\n<p><img decoding=\"async\" class=\"aligncenter wp-image-370066 size-large\" src=\"http:\/\/cordobadirecto.com\/wp-content\/uploads\/2025\/02\/renuncio-el-presidente-de-fadea-y-es-otro-cordobes-que-deja-el-gobierno-de-milei.jpg\" alt=\"Fadea\" width=\"1024\" height=\"681\" srcset=\"http:\/\/cordobadirecto.com\/wp-content\/uploads\/2025\/02\/renuncio-el-presidente-de-fadea-y-es-otro-cordobes-que-deja-el-gobierno-de-milei.jpg 1024w, http:\/\/cordobadirecto.com\/wp-content\/uploads\/2025\/02\/renuncio-el-presidente-de-fadea-y-es-otro-cordobes-que-deja-el-gobierno-de-milei-1.jpg 300w, http:\/\/cordobadirecto.com\/wp-content\/uploads\/2025\/02\/renuncio-el-presidente-de-fadea-y-es-otro-cordobes-que-deja-el-gobierno-de-milei-2.jpg 768w, http:\/\/cordobadirecto.com\/wp-content\/uploads\/2025\/02\/renuncio-el-presidente-de-fadea-y-es-otro-cordobes-que-deja-el-gobierno-de-milei-3.jpg 1536w, http:\/\/cordobadirecto.com\/wp-content\/uploads\/2025\/02\/renuncio-el-presidente-de-fadea-y-es-otro-cordobes-que-deja-el-gobierno-de-milei-4.jpg 750w, http:\/\/cordobadirecto.com\/wp-content\/uploads\/2025\/02\/renuncio-el-presidente-de-fadea-y-es-otro-cordobes-que-deja-el-gobierno-de-milei-5.jpg 1140w, http:\/\/cordobadirecto.com\/wp-content\/uploads\/2025\/02\/renuncio-el-presidente-de-fadea-y-es-otro-cordobes-que-deja-el-gobierno-de-milei-6.jpg 1600w\" sizes=\"(max-width: 1024px) 100vw, 1024px\" loading=\"lazy\"><\/p>\n<p>En su posteo Sibilla repasa algunos de los puntos de su gesti\u00f3n:\n<\/p>\n<p>\u2013 Reorganizaci\u00f3n integral de una nueva estructura por unidades de negocios.<br \/>\u2013 Productividad y ahorro de costos superiores a los 8M u$s a\u00f1o.<br \/>\u2013 Fortalecimiento operativo de la FAA, contribuyendo a mejorar sus capacidades operativas.<br \/>\u2013 Modernizaci\u00f3n laboral con la firma de un nuevo convenio colectivo de trabajo.<br \/>\u2013 Restablecimiento de proveedores externos que estaba paralizada.<br \/>\u2013 Desarrollo industrial local con un plan de outsourcing de m\u00e1s de 4000 horas de trabajo especializado, generando dinamismo industrial local.<br \/>\u2013 Reactivaci\u00f3n del MRO Comercial, recuperando certificaciones internacionales que nos permiten intervenir aviones extranjeros.<br \/>\u2013 Fortalecimiento de alianzas estrat\u00e9gicas, consolidando relaciones con actores globales como Etihad Engineering, Embraer y Akaer.\n<\/p>\n<p>Y plante\u00f3 -sutilmente- las diferencias en el rumbo y el estilo para encarar la gesti\u00f3n de la compa\u00f1\u00eda p\u00fablica que tiene en el Ministerio de Defensa y el Ej\u00e9rcito a sus principales clientes:\n<\/p>\n<p>\u201cSin embargo, este desaf\u00edo exige que todos los actores involucrados asuman la responsabilidad de tomar las decisiones necesarias para profundizar esta senda de transformaci\u00f3n y proyecci\u00f3n. El tiempo que toca exige mantener el foco, la visi\u00f3n y el compromiso necesario para consolidar y profundizar los avances alcanzados\u201d.\n<\/p>\n<div class=\"g g-38\">\n<div class=\"g-dyn a-12 c-1\"><a class=\"gofollow\" data-track=\"MTIsMzgsMSw2MA==\" href=\"https:\/\/hospitalprivado.com.ar\/blog\/institucional\/somos-la-primera-institucion-del-interior-del-pais-en-acreditar-joint-commission-international.html\" target=\"_blank\" rel=\"noopener\"><img src=\"http:\/\/cordobadirecto.com\/wp-content\/uploads\/2025\/02\/renuncio-el-presidente-de-fadea-y-es-otro-cordobes-que-deja-el-gobierno-de-milei.gif\" loading=\"lazy\"><\/a><\/div>\n<\/div>\n","protected":false},"excerpt":{"rendered":"<p>&nbsp; &nbsp; A trav\u00e9s de un posteo en sus redes sociales el cordob\u00e9s Fernando Sibilla anunci\u00f3 que dejaba la presidencia de la F\u00e1brica Argentina de Aviones (FAdeA), cargo que ostent\u00f3 durante cerca de un a\u00f1o. Se trata as\u00ed de otro \u201cbaja\u201d de un funcionario oriundo de la provincia en el gobierno nacional de Javier Milei. [&hellip;]<\/p>\n","protected":false},"author":1,"featured_media":162074,"comment_status":"closed","ping_status":"closed","sticky":false,"template":"","format":"standard","meta":[],"categories":[23,25],"tags":[],"_links":{"self":[{"href":"http:\/\/cordobadirecto.com\/index.php\/wp-json\/wp\/v2\/posts\/162073"}],"collection":[{"href":"http:\/\/cordobadirecto.com\/index.php\/wp-json\/wp\/v2\/posts"}],"about":[{"href":"http:\/\/cordobadirecto.com\/index.php\/wp-json\/wp\/v2\/types\/post"}],"author":[{"embeddable":true,"href":"http:\/\/cordobadirecto.com\/index.php\/wp-json\/wp\/v2\/users\/1"}],"replies":[{"embeddable":true,"href":"http:\/\/cordobadirecto.com\/index.php\/wp-json\/wp\/v2\/comments?post=162073"}],"version-history":[{"count":0,"href":"http:\/\/cordobadirecto.com\/index.php\/wp-json\/wp\/v2\/posts\/162073\/revisions"}],"wp:featuredmedia":[{"embeddable":true,"href":"http:\/\/cordobadirecto.com\/index.php\/wp-json\/wp\/v2\/media\/162074"}],"wp:attachment":[{"href":"http:\/\/cordobadirecto.com\/index.php\/wp-json\/wp\/v2\/media?parent=162073"}],"wp:term":[{"taxonomy":"category","embeddable":true,"href":"http:\/\/cordobadirecto.com\/index.php\/wp-json\/wp\/v2\/categories?post=162073"},{"taxonomy":"post_tag","embeddable":true,"href":"http:\/\/cordobadirecto.com\/index.php\/wp-json\/wp\/v2\/tags?post=162073"}],"curies":[{"name":"wp","href":"https:\/\/api.w.org\/{rel}","templated":true}]}}