{"id":162101,"date":"2025-02-12T22:15:41","date_gmt":"2025-02-12T22:15:41","guid":{"rendered":"https:\/\/cordoba.gob.ar\/?p=73849"},"modified":"2025-02-12T22:15:41","modified_gmt":"2025-02-12T22:15:41","slug":"diferentes-propuestas-cinematograficas-en-el-verano-cultural-de-la-ciudad","status":"publish","type":"post","link":"http:\/\/cordobadirecto.com\/index.php\/2025\/02\/12\/diferentes-propuestas-cinematograficas-en-el-verano-cultural-de-la-ciudad\/","title":{"rendered":"Diferentes propuestas cinematogr\u00e1ficas en el verano cultural de la ciudad"},"content":{"rendered":"<div><img src=\"http:\/\/cordobadirecto.com\/wp-content\/uploads\/2025\/02\/diferentes-propuestas-cinematograficas-en-el-verano-cultural-de-la-ciudad.jpg\" class=\"ff-og-image-inserted\"><\/div>\n<ul class=\"ak-ul\" data-pm-slice=\"3 1 []\">\n<li><strong>Este jueves, desde las 20:00 horas comienza el ciclo de cine espa\u00f1ol en el patio del Centro Cultural Espa\u00f1a C\u00f3rdoba.<\/strong><\/li>\n<\/ul>\n<hr>\n<p>La Municipalidad de C\u00f3rdoba invita a disfrutar del ciclo de cine \u201c<em>Luces en el Espa\u00f1a. Cine al patio\u201d<\/em>, que se realizar\u00e1 durante el mes de febrero en el Centro Cultural Espa\u00f1a C\u00f3rdoba (Entre R\u00edos 40).<\/p>\n<p>La propuesta ser\u00e1 durante los \u00faltimos tres jueves de febrero, a las 20:00 horas, donde se proyectar\u00e1n pel\u00edculas contempor\u00e1neas de Espa\u00f1a en un ambiente relajado y al aire libre.<\/p>\n<p>La primera funci\u00f3n ser\u00e1 este jueves 13 con \u201c<em>Las ovejas no pierden el tren\u201d<\/em> (2014), una comedia optimista sobre un grupo de amigos en sus 40 que buscan adaptarse a los cambios de la sociedad actual. La pel\u00edcula, dirigida por \u00c1lvaro Fern\u00e1ndez Armero, cuenta con las actuaciones de Ra\u00fal Ar\u00e9valo, Inma Cuesta, Candela Pe\u00f1a y Alberto San Juan, entre otros.<\/p>\n<p>La programaci\u00f3n contin\u00faa el jueves 20, con <em>Mataharis<\/em> (2007), un drama social protagonizado por Najwa Nimri, Nuria Gonz\u00e1lez y Mar\u00eda V\u00e1zquez, dirigido por Ic\u00edar Bolla\u00edn, con cinco nominaciones a los Premio Goya 2025.<\/p>\n<p>Y el jueves 27, <em>Cerdita<\/em> (2018), la primera <em>pel\u00edcula<\/em> de Carlota Pereda, es un \u00abthriller\u00bb sobre el acoso y la violencia ambientado en un entorno rural.<\/p>\n<p>Durante la presentaci\u00f3n del filme en el Festival de Cine Fant\u00e1stico de Sitges, la actriz Laura Gal\u00e1n, que interpreta a la protagonista, ha recordado que <em>\u00abel ser distinto y no pertenecer a los c\u00e1nones de belleza extendidas hace que se sufra mucho el \u2018bullying\u201d<\/em> y por eso cree que <em>\u00abesta pel\u00edcula la deber\u00eda ver todo el mundo\u00bb.<\/em><\/p>\n<p>La entrada para todas las funciones es libre y gratuita.<\/p>\n<p>Se invita al p\u00fablico a llevar mantas, mate o su bebida favorita para disfrutar de la funci\u00f3n.<\/p>\n<p>Todas las pel\u00edculas se proyectar\u00e1n con subt\u00edtulos. No se suspenden por lluvia y en caso de mal clima la actividad se realizar\u00e1 en el Auditorio.<\/p>\n","protected":false},"excerpt":{"rendered":"<p>Este jueves, desde las 20:00 horas comienza el ciclo de cine espa\u00f1ol en el patio del Centro Cultural Espa\u00f1a C\u00f3rdoba. La Municipalidad de C\u00f3rdoba invita a disfrutar del ciclo de cine \u201cLuces en el Espa\u00f1a. Cine al patio\u201d, que se realizar\u00e1 durante el mes de febrero en el Centro Cultural Espa\u00f1a C\u00f3rdoba (Entre R\u00edos 40). [&hellip;]<\/p>\n","protected":false},"author":1,"featured_media":162102,"comment_status":"closed","ping_status":"closed","sticky":false,"template":"","format":"standard","meta":[],"categories":[44],"tags":[],"_links":{"self":[{"href":"http:\/\/cordobadirecto.com\/index.php\/wp-json\/wp\/v2\/posts\/162101"}],"collection":[{"href":"http:\/\/cordobadirecto.com\/index.php\/wp-json\/wp\/v2\/posts"}],"about":[{"href":"http:\/\/cordobadirecto.com\/index.php\/wp-json\/wp\/v2\/types\/post"}],"author":[{"embeddable":true,"href":"http:\/\/cordobadirecto.com\/index.php\/wp-json\/wp\/v2\/users\/1"}],"replies":[{"embeddable":true,"href":"http:\/\/cordobadirecto.com\/index.php\/wp-json\/wp\/v2\/comments?post=162101"}],"version-history":[{"count":0,"href":"http:\/\/cordobadirecto.com\/index.php\/wp-json\/wp\/v2\/posts\/162101\/revisions"}],"wp:featuredmedia":[{"embeddable":true,"href":"http:\/\/cordobadirecto.com\/index.php\/wp-json\/wp\/v2\/media\/162102"}],"wp:attachment":[{"href":"http:\/\/cordobadirecto.com\/index.php\/wp-json\/wp\/v2\/media?parent=162101"}],"wp:term":[{"taxonomy":"category","embeddable":true,"href":"http:\/\/cordobadirecto.com\/index.php\/wp-json\/wp\/v2\/categories?post=162101"},{"taxonomy":"post_tag","embeddable":true,"href":"http:\/\/cordobadirecto.com\/index.php\/wp-json\/wp\/v2\/tags?post=162101"}],"curies":[{"name":"wp","href":"https:\/\/api.w.org\/{rel}","templated":true}]}}