{"id":162105,"date":"2025-02-12T20:58:37","date_gmt":"2025-02-12T20:58:37","guid":{"rendered":"https:\/\/www.ole.com.ar\/autos\/mercedes-seguira-negro-coche-formula-uniforme-russell-antonelli-hamilton_0_imyyH9Nx5n.html"},"modified":"2025-02-12T20:58:37","modified_gmt":"2025-02-12T20:58:37","slug":"mer-in-black-merecedes-seguira-de-negro-en-la-formula-1","status":"publish","type":"post","link":"http:\/\/cordobadirecto.com\/index.php\/2025\/02\/12\/mer-in-black-merecedes-seguira-de-negro-en-la-formula-1\/","title":{"rendered":"Mer In Black: Merecedes seguir\u00e1 de negro en la F\u00f3rmula 1"},"content":{"rendered":"<p><time class=\"createDate\" datetime=\"2025-02-12T17:58:37-03:00\">12\/02\/2025 17:58hs.<\/time><\/p>\n<div id=\"storyBody\">\n<div class=\"custom-text \" readability=\"37.972350230415\">\n<p>El 2025 sin lugar a dudas ser\u00e1 un a\u00f1o particular para <strong><a href=\"https:\/\/www.ole.com.ar\/tema\/mercedes-benz.html\" title=\"Mercedes Benz\" alt=\"Mercedes Benz\" class=\"slug\">Mercedes<\/a><\/strong>: un <strong>decepcionante 2024<\/strong> dej\u00f3 a los alemanes lejos de los equipos dominantes de la parrilla y, con la salida de <strong><a href=\"https:\/\/www.ole.com.ar\/tema\/lewis-hamilton.html\" title=\"Lewis Hamilton\" alt=\"Lewis Hamilton\" class=\"slug\">Lewis Hamilton<\/a><\/strong>, ser\u00e1 una <strong>temporada de transici\u00f3n<\/strong>. Con Australia a la vuelta de la esquina, con la primera fecha el 16 de marzo, se espera el anuncio de la indumentaria y veh\u00edculos de cada equipo, con <strong>todas las luces se\u00f1alando a una continuidad del negro.<\/strong><\/p>\n<\/div>\n<p><h2><strong>Mercedes seguir\u00e1 de negro<\/strong><\/h2>\n<\/p>\n<div class=\"custom-text \" readability=\"36\">\n<p>Si bien de parte del equipo alem\u00e1n a\u00fan no ha habido anuncios oficiales acerca de que color elegir\u00e1n para el auto (no se puede por normativa del Gran Circo), hay indicios que permiten imaginar que el <strong>tono negro que usan desde 2020 (con un impasse en 2022) tendr\u00e1 un nuevo cap\u00edtulo para esta temporada. <\/strong><\/p>\n<\/div>\n<div class=\"custom-text \" readability=\"37.157360406091\">\n<p>En primer lugar, el anuncio de los uniformes de <strong><a href=\"https:\/\/www.ole.com.ar\/tema\/george-rusell.html\" title=\"George Rusell\" alt=\"George Rusell\" class=\"slug\">George Russell<\/a><\/strong> y <strong><a href=\"https:\/\/www.ole.com.ar\/tema\/andrea-kimi-antonelli.html\" title=\"Andrea Kimi Antonelli\" alt=\"Andrea Kimi Antonelli\" class=\"slug\">Kimi Antonelli<\/a><\/strong> es una pista concreta acerca de las decisiones est\u00e9ticas de los alemanes para este a\u00f1o. En la presentaci\u00f3n, primera de adidas en la F1, <strong>tanto el brit\u00e1nico como el italiano lucieron el caracter\u00edstico traje de color negro<\/strong>, muy similar al del 2024, en el que coincidi\u00f3 el color de la vestimenta con el del auto.<\/p>\n<\/div>\n<div class=\"sc-e7b891c4-0 ifHnQL image-embed\"><img alt=\"Antonelli, izquierda, y Russell, derecha, con los uniformes negros.\" loading=\"lazy\" width=\"720\" height=\"100\" decoding=\"async\" data-nimg=\"1\" src=\"http:\/\/cordobadirecto.com\/wp-content\/uploads\/2025\/02\/mer-in-black-merecedes-seguira-de-negro-en-la-formula-1.jpg\"><span class=\"epigraphe\">Antonelli, izquierda, y Russell, derecha, con los uniformes negros.<\/span><\/div>\n<div class=\"custom-text \" readability=\"38.992443324937\">\n<p>Un segundo dato, acerca de la permanencia del negro en Brackley <strong>es la palabra de <a href=\"https:\/\/www.ole.com.ar\/tema\/wolf.html\" title=\"Wolf\" alt=\"Wolf\" class=\"slug\">Toto Wolff<\/a><\/strong>, director del equipo. En un video de despedida para LH44 de comienzos de a\u00f1o, el austr\u00edaco revel\u00f3 que <strong>&#8220;por eso seguimos (con el negro). Vamos a continuar, es lo que trajiste&#8221;<\/strong>; el comentario se debe a que el negro fue una movida en apoyo a la lucha contra el racismo, impulsada por el piloto brit\u00e1nico.<\/p>\n<\/div>\n<div class=\"custom-text \" readability=\"38\">\n<p>Adem\u00e1s, las redes sociales de la escuder\u00eda alemana llevan un tiempo alimentando las teor\u00edas sobre el negro: en m\u00e1s de una ocasi\u00f3n, subieron publicaciones en las que <strong>se ve una silueta del auto en la que la luz parece cortar una carrocer\u00eda de color negro<\/strong>. Junto a esto, <strong>todos los anuncios sobre el FW16 mantuvieron la est\u00e9tica negra y celeste de los \u00faltimos a\u00f1os.<\/strong><\/p>\n<\/div>\n<div class=\"custom-text \" readability=\"39\">\n<p>Fue en las propias redes sociales de Las Flechas Plateadas, nombre por el ic\u00f3nico color metal que simboliz\u00f3 a la escuder\u00eda por a\u00f1os, en las que se gener\u00f3 la expectativa inicial. En la <strong>presentaci\u00f3n del n\u00famero #12 de Antonelli, el estampado fue sobre una carrocer\u00eda negra<\/strong>: si bien podr\u00eda ser del FW15 del 2024 (y con el que el italiano hizo pruebas), tambi\u00e9n <strong>podr\u00eda ser una pista de cara al 2025<\/strong>.<\/p>\n<\/div>\n<div class=\"sc-e7b891c4-0 ifHnQL image-embed\"><img alt=\"Los indicios en las redes de Mercedes sobre el color del auto.\" loading=\"lazy\" width=\"720\" height=\"100\" decoding=\"async\" data-nimg=\"1\" src=\"http:\/\/cordobadirecto.com\/wp-content\/uploads\/2025\/02\/mer-in-black-merecedes-seguira-de-negro-en-la-formula-1-1.jpg\"><span class=\"epigraphe\">Los indicios en las redes de Mercedes sobre el color del auto.<\/span><\/div>\n<p><h2><strong>Mercedes y la inc\u00f3gnita en conjunto con WhatsApp<\/strong><\/h2>\n<\/p>\n<div class=\"custom-text \" readability=\"38\">\n<p>Desde hace algunos d\u00edas, <strong>los usuarios de la reconocida aplicaci\u00f3n de mensajer\u00edas cuentan con una modificaci\u00f3n en uno de los caracter\u00edsticos emojis<\/strong>. Si bien ya desde el 2024 el ic\u00f3nico emotic\u00f3n del auto de F1 rojo pas\u00f3 a ser celeste y negro, por un acuerdo entre la aplicaci\u00f3n y la escuder\u00eda, <strong>los \u00faltimos d\u00edas traen un cambio extra<\/strong>. <\/p>\n<\/div>\n<div class=\"custom-text \" readability=\"40\">\n<p>Hasta el 18 de febrero, d\u00eda en el que todas las escuder\u00edas har\u00e1n la presentaci\u00f3n oficial de los liveries de cada auto, <strong>el emoji del coche de la m\u00e1xima categor\u00eda de automovilismo en el mundo cuenta con una manta negra encima<\/strong>. Esto se debe a que los autos siempre <strong>son presentados sacando un cobertor identico al que tiene ahora el emoticono<\/strong>; el misterio seguir\u00e1 en pie por ahora. Mercedes, adem\u00e1s, hara\u00b4un lanzamiento individual, el 24.<\/p>\n<\/div>\n<div class=\"sc-a7166897-0 eoLsBE\" readability=\"6\">\n<section readability=\"2\"><picture><img alt=\"Alpine manda al banco a Colapinto en los tests de Jerez de la Frontera\" loading=\"lazy\" width=\"290\" height=\"290\" decoding=\"async\" data-nimg=\"1\" src=\"http:\/\/cordobadirecto.com\/wp-content\/uploads\/2025\/02\/mer-in-black-merecedes-seguira-de-negro-en-la-formula-1-2.jpg\"><\/picture>\n<p><span>Mir\u00e1 tambi\u00e9n<\/span><\/p>\n<hr>\n<h3>Alpine manda al banco a Colapinto en los tests de Jerez de la Frontera<\/h3>\n<\/p>\n<\/section>\n<\/div>\n<div class=\"sc-a7166897-0 eoLsBE\" readability=\"6\">\n<section readability=\"2\"><picture><img alt=\"Se confirm\u00f3 la presentaci\u00f3n de Alpine... \u00bfqu\u00e9 har\u00e1n con Colapinto? \" loading=\"lazy\" width=\"290\" height=\"290\" decoding=\"async\" data-nimg=\"1\" src=\"http:\/\/cordobadirecto.com\/wp-content\/uploads\/2025\/02\/mer-in-black-merecedes-seguira-de-negro-en-la-formula-1-3.jpg\"><\/picture>\n<p><span>Mir\u00e1 tambi\u00e9n<\/span><\/p>\n<hr>\n<h3>Se confirm\u00f3 la presentaci\u00f3n de Alpine&#8230; \u00bfqu\u00e9 har\u00e1n con Colapinto? <\/h3>\n<\/p>\n<\/section>\n<\/div>\n<div class=\"sc-a7166897-0 eoLsBE\" readability=\"6.5\">\n<section readability=\"3\"><picture><img alt=\"Condenaron a tres a\u00f1os de c\u00e1rcel al fot\u00f3grafo que extorsion\u00f3 a la familia Schumacher\" loading=\"lazy\" width=\"290\" height=\"290\" decoding=\"async\" data-nimg=\"1\" src=\"http:\/\/cordobadirecto.com\/wp-content\/uploads\/2025\/02\/mer-in-black-merecedes-seguira-de-negro-en-la-formula-1-4.jpg\"><\/picture>\n<p><span>Mir\u00e1 tambi\u00e9n<\/span><\/p>\n<hr>\n<h3>Condenaron a tres a\u00f1os de c\u00e1rcel al fot\u00f3grafo que extorsion\u00f3 a la familia Schumacher<\/h3>\n<\/p>\n<\/section>\n<\/div>\n<\/div>\n","protected":false},"excerpt":{"rendered":"<p>12\/02\/2025 17:58hs. El 2025 sin lugar a dudas ser\u00e1 un a\u00f1o particular para Mercedes: un decepcionante 2024 dej\u00f3 a los alemanes lejos de los equipos dominantes de la parrilla y, con la salida de Lewis Hamilton, ser\u00e1 una temporada de transici\u00f3n. Con Australia a la vuelta de la esquina, con la primera fecha el 16 [&hellip;]<\/p>\n","protected":false},"author":1,"featured_media":162106,"comment_status":"closed","ping_status":"closed","sticky":false,"template":"","format":"standard","meta":[],"categories":[21],"tags":[],"_links":{"self":[{"href":"http:\/\/cordobadirecto.com\/index.php\/wp-json\/wp\/v2\/posts\/162105"}],"collection":[{"href":"http:\/\/cordobadirecto.com\/index.php\/wp-json\/wp\/v2\/posts"}],"about":[{"href":"http:\/\/cordobadirecto.com\/index.php\/wp-json\/wp\/v2\/types\/post"}],"author":[{"embeddable":true,"href":"http:\/\/cordobadirecto.com\/index.php\/wp-json\/wp\/v2\/users\/1"}],"replies":[{"embeddable":true,"href":"http:\/\/cordobadirecto.com\/index.php\/wp-json\/wp\/v2\/comments?post=162105"}],"version-history":[{"count":0,"href":"http:\/\/cordobadirecto.com\/index.php\/wp-json\/wp\/v2\/posts\/162105\/revisions"}],"wp:featuredmedia":[{"embeddable":true,"href":"http:\/\/cordobadirecto.com\/index.php\/wp-json\/wp\/v2\/media\/162106"}],"wp:attachment":[{"href":"http:\/\/cordobadirecto.com\/index.php\/wp-json\/wp\/v2\/media?parent=162105"}],"wp:term":[{"taxonomy":"category","embeddable":true,"href":"http:\/\/cordobadirecto.com\/index.php\/wp-json\/wp\/v2\/categories?post=162105"},{"taxonomy":"post_tag","embeddable":true,"href":"http:\/\/cordobadirecto.com\/index.php\/wp-json\/wp\/v2\/tags?post=162105"}],"curies":[{"name":"wp","href":"https:\/\/api.w.org\/{rel}","templated":true}]}}