{"id":162107,"date":"2025-02-12T20:41:31","date_gmt":"2025-02-12T20:41:31","guid":{"rendered":"https:\/\/www.ole.com.ar\/autos\/formula1-williams-presentacion-autos-2025-sainz-albon-colapinto_0_mGciD8H2B3.html"},"modified":"2025-02-12T20:41:31","modified_gmt":"2025-02-12T20:41:31","slug":"williams-presenta-su-auto-de-formula-1-2025-horario-y-como-verlo","status":"publish","type":"post","link":"http:\/\/cordobadirecto.com\/index.php\/2025\/02\/12\/williams-presenta-su-auto-de-formula-1-2025-horario-y-como-verlo\/","title":{"rendered":"Williams presenta su auto de Formula 1 2025: horario y c\u00f3mo verlo"},"content":{"rendered":"<p><time class=\"createDate\" datetime=\"2025-02-12T17:41:31-03:00\">12\/02\/2025 17:41hs.<\/time><\/p>\n<div id=\"storyBody\">\n<div class=\"custom-text \" readability=\"39\">\n<p>Cada vez falta menos para el comienzo de la temporada de <strong>Formula 1<\/strong> de este a\u00f1o, que tendr\u00e1 lugar el <strong>16 de marzo en Melbourne<\/strong> (Australia), y las escuder\u00edas presentar\u00e1n sus <strong>modelos<\/strong>, <strong>pilotos<\/strong> y<strong> jefes de equipo<\/strong> para la competencia <strong>el pr\u00f3ximo martes en un gran evento en Londres<\/strong>. Sin embargo, algunas escuder\u00edas tendr\u00e1n un <strong>evento propio<\/strong> previo al compromiso en Inglaterra.<\/p>\n<\/div>\n<div class=\"custom-text \" readability=\"40\">\n<p>La escuder\u00eda <strong>que fue la favorita de los argentinos<\/strong> la temporada pasada por darle una plaza a <strong>Franco Colapinto <\/strong> presentar\u00e1 el modelo denominado FW47 antes que el resto de los equipos que decidieron, adem\u00e1s de hacerlo en el lanzamiento oficial de la categor\u00eda, el martes en Londres, tener su propio evento. Este ser\u00e1 en el circuito de Silverstone, el m\u00e1s tradicional de Inglaterra, de donde es el equipo con sede en Grove.<\/p>\n<\/div>\n<div class=\"sc-e7b891c4-0 ifHnQL image-embed\"><img alt=\"Carlos Sainz, con los integrantes del equipo.\" loading=\"lazy\" width=\"720\" height=\"100\" decoding=\"async\" data-nimg=\"1\" src=\"http:\/\/cordobadirecto.com\/wp-content\/uploads\/2025\/02\/williams-presenta-su-auto-de-formula-1-2025-horario-y-como-verlo.jpg\"><span class=\"epigraphe\">Carlos Sainz, con los integrantes del equipo.<\/span><\/div>\n<div class=\"custom-text \" readability=\"36\">\n<p>El <strong>principal atractivo<\/strong> que tiene la presentaci\u00f3n es ver al<strong> nuevo piloto titular<\/strong> de la escuder\u00eda, <strong>Carlos Sainz<\/strong>, que toma el lugar de Colapinto. Se especula con que el espa\u00f1ol y el tailand\u00e9s <strong>Alex Albon<\/strong> saldr\u00e1n a la pista a probar el nuevo modelo en un<strong> tramo cronometrado de 100 kil\u00f3metro<\/strong>.<\/p>\n<\/div>\n<div class=\"custom-text \" readability=\"36\">\n<p>Otra de las <strong>novedades<\/strong> dentro de<strong> Williams<\/strong> es su alianza con la marca <strong>Atlassian<\/strong>, una empresa de software australiana que pas\u00f3 a ser patrocinadora de la escuder\u00eda y formando parte del nuevo nombre oficial de la misma, <strong>Atlassian Williams Racing<\/strong>.<\/p>\n<\/div>\n<p><h2>A qu\u00e9 hora es la presentaci\u00f3n de Williams y c\u00f3mo verlo<\/h2>\n<\/p>\n<div class=\"custom-text \" readability=\"34\">\n<p>La escuder\u00eda brit\u00e1nica comienza el evento de este viernes a las <strong>6.30 de la ma\u00f1ana en horario argentino<\/strong>, y la transmisi\u00f3n se podr\u00e1 ver por la <strong>web oficial de Williams y la plataforma DAZN<\/strong>.<\/p>\n<\/div>\n<div class=\"sc-e7b891c4-0 ifHnQL image-embed\"><img alt=\"Horarios de la presentaci\u00f3n de Williams este 14 de febrero. (@WilliamsRacing)\" loading=\"lazy\" width=\"720\" height=\"100\" decoding=\"async\" data-nimg=\"1\" src=\"http:\/\/cordobadirecto.com\/wp-content\/uploads\/2025\/02\/williams-presenta-su-auto-de-formula-1-2025-horario-y-como-verlo-1.jpg\"><span class=\"epigraphe\">Horarios de la presentaci\u00f3n de Williams este 14 de febrero. (@WilliamsRacing)<\/span><\/div>\n<div class=\"custom-text \" readability=\"41\">\n<p>Las otras escuder\u00edas que tambi\u00e9n decidieron lanzar por separado sus autos son: Haas (domingo 16), Ferrari (mi\u00e9rcoles 19), Aston Martin (domingo 23) y Mercedes (lunes 24). Alpine directamente mostrar\u00e1 el modelo A525 el martes en Londres, con los pilotos titulares, <strong>Pierre Gasly y Jack Doohan<\/strong>, m\u00e1s el jefe de equipo, Oliver Oakes. Franco Colapinto ir\u00e1 a la capital inglesa pero no participar\u00e1 del evento.<\/p>\n<\/div>\n<div class=\"sc-a7166897-0 eoLsBE\" readability=\"6.5\">\n<section readability=\"3\"><picture><img alt=\"No es Franco Colapinto: qui\u00e9n es el piloto sudamericano que es furor en el automovilismo de Estados Unidos\" loading=\"lazy\" width=\"290\" height=\"290\" decoding=\"async\" data-nimg=\"1\" src=\"http:\/\/cordobadirecto.com\/wp-content\/uploads\/2025\/02\/williams-presenta-su-auto-de-formula-1-2025-horario-y-como-verlo-2.jpg\"><\/picture>\n<p><span>Mir\u00e1 tambi\u00e9n<\/span><\/p>\n<hr>\n<h3>No es Franco Colapinto: qui\u00e9n es el piloto sudamericano que es furor en el automovilismo de Estados Unidos<\/h3>\n<\/p>\n<\/section>\n<\/div>\n<div class=\"sc-a7166897-0 eoLsBE\" readability=\"6\">\n<section readability=\"2\"><picture><img alt=\"Los hermanos Franzosi con Ol\u00e9: &quot;Messi es nuestro pasaporte&quot;\" loading=\"lazy\" width=\"290\" height=\"290\" decoding=\"async\" data-nimg=\"1\" src=\"http:\/\/cordobadirecto.com\/wp-content\/uploads\/2025\/02\/williams-presenta-su-auto-de-formula-1-2025-horario-y-como-verlo-3.jpg\"><\/picture>\n<p><span>Mir\u00e1 tambi\u00e9n<\/span><\/p>\n<hr>\n<h3>Los hermanos Franzosi con Ol\u00e9: &#8220;Messi es nuestro pasaporte&#8221;<\/h3>\n<\/p>\n<\/section>\n<\/div>\n<div class=\"sc-a7166897-0 eoLsBE\" readability=\"7\">\n<section readability=\"4\"><picture><img alt=\"El curioso v\u00ednculo con el f\u00fatbol de Flavio Briatore, el nuevo jefe de Franco Colapinto en Alpine\" loading=\"lazy\" width=\"290\" height=\"290\" decoding=\"async\" data-nimg=\"1\" src=\"http:\/\/cordobadirecto.com\/wp-content\/uploads\/2025\/02\/williams-presenta-su-auto-de-formula-1-2025-horario-y-como-verlo-4.jpg\"><\/picture>\n<p><span>Mir\u00e1 tambi\u00e9n<\/span><\/p>\n<hr>\n<h3>El curioso v\u00ednculo con el f\u00fatbol de Flavio Briatore, el nuevo jefe de Franco Colapinto en Alpine<\/h3>\n<\/p>\n<\/section>\n<\/div>\n<\/div>\n","protected":false},"excerpt":{"rendered":"<p>12\/02\/2025 17:41hs. Cada vez falta menos para el comienzo de la temporada de Formula 1 de este a\u00f1o, que tendr\u00e1 lugar el 16 de marzo en Melbourne (Australia), y las escuder\u00edas presentar\u00e1n sus modelos, pilotos y jefes de equipo para la competencia el pr\u00f3ximo martes en un gran evento en Londres. Sin embargo, algunas escuder\u00edas [&hellip;]<\/p>\n","protected":false},"author":1,"featured_media":162108,"comment_status":"closed","ping_status":"closed","sticky":false,"template":"","format":"standard","meta":[],"categories":[21],"tags":[],"_links":{"self":[{"href":"http:\/\/cordobadirecto.com\/index.php\/wp-json\/wp\/v2\/posts\/162107"}],"collection":[{"href":"http:\/\/cordobadirecto.com\/index.php\/wp-json\/wp\/v2\/posts"}],"about":[{"href":"http:\/\/cordobadirecto.com\/index.php\/wp-json\/wp\/v2\/types\/post"}],"author":[{"embeddable":true,"href":"http:\/\/cordobadirecto.com\/index.php\/wp-json\/wp\/v2\/users\/1"}],"replies":[{"embeddable":true,"href":"http:\/\/cordobadirecto.com\/index.php\/wp-json\/wp\/v2\/comments?post=162107"}],"version-history":[{"count":0,"href":"http:\/\/cordobadirecto.com\/index.php\/wp-json\/wp\/v2\/posts\/162107\/revisions"}],"wp:featuredmedia":[{"embeddable":true,"href":"http:\/\/cordobadirecto.com\/index.php\/wp-json\/wp\/v2\/media\/162108"}],"wp:attachment":[{"href":"http:\/\/cordobadirecto.com\/index.php\/wp-json\/wp\/v2\/media?parent=162107"}],"wp:term":[{"taxonomy":"category","embeddable":true,"href":"http:\/\/cordobadirecto.com\/index.php\/wp-json\/wp\/v2\/categories?post=162107"},{"taxonomy":"post_tag","embeddable":true,"href":"http:\/\/cordobadirecto.com\/index.php\/wp-json\/wp\/v2\/tags?post=162107"}],"curies":[{"name":"wp","href":"https:\/\/api.w.org\/{rel}","templated":true}]}}