{"id":162143,"date":"2025-02-13T20:08:25","date_gmt":"2025-02-13T20:08:25","guid":{"rendered":"https:\/\/www.ole.com.ar\/autos\/formula1-mclaren-presentacion-sorpresa-norris-piastri-williams_0_kb6InkRACy.html"},"modified":"2025-02-13T20:08:25","modified_gmt":"2025-02-13T20:08:25","slug":"la-presentacion-sorpresa-de-mclaren-candidato-al-titulo-de-la-formula-1","status":"publish","type":"post","link":"http:\/\/cordobadirecto.com\/index.php\/2025\/02\/13\/la-presentacion-sorpresa-de-mclaren-candidato-al-titulo-de-la-formula-1\/","title":{"rendered":"La presentaci\u00f3n sorpresa de McLaren, candidato al t\u00edtulo de la Formula 1"},"content":{"rendered":"<p><time class=\"createDate\" datetime=\"2025-02-13T17:08:25-03:00\">13\/02\/2025 17:08hs.<\/time><\/p>\n<div id=\"storyBody\">\n<div class=\"custom-text \" readability=\"39.311715481172\">\n<p>McLaren, <strong>ganador del campeonato de constructores en 2024<\/strong>, fue<strong> el primero en presentar su coche<\/strong>, denominado <strong>MCL39<\/strong>, con el que <strong>Lando Norris<\/strong> <strong>y Oscar Piastri correr\u00e1n este a\u00f1o<\/strong>. Sin previo aviso, sorprendi\u00f3 al mundo del automovilismo y se le adelant\u00f3 a <strong>Williams, <\/strong><a href=\"https:\/\/www.ole.com.ar\/autos\/formula1-williams-presentacion-autos-2025-sainz-albon-colapinto_0_mGciD8H2B3.html\" target=\"_self\" title=\"que tendr\u00e1 su presentaci\u00f3n este viernes\" alt=\"que tendr\u00e1 su presentaci\u00f3n este viernes\" rel=\"noopener\">que tendr\u00e1 su presentaci\u00f3n este viernes<\/a>, mostrando el modelo que lanzar\u00e1 a la pista con una <strong>decoraci\u00f3n provisional<\/strong> y su cl\u00e1sica combinaci\u00f3n de colores <strong>papaya con negro<\/strong>,<strong> <\/strong>en el legendario circuito de <strong>Silverstone<\/strong>.<\/p>\n<\/div>\n<div class=\"custom-text \" readability=\"38\">\n<p>El equipo <strong>no se relaj\u00f3 desde el t\u00edtulo obtenido el a\u00f1o pasado<\/strong> y sigui\u00f3 trabajando para obtener a\u00fan <strong>mejores resultados<\/strong> en la temporada entrante. <strong>Zak Brown<\/strong>, director ejecutivo de <strong>McLaren<\/strong>, declar\u00f3: &#8220;<strong>Debemos ser realistas y pensar que los equipos se han desarrollado durante el invierno<\/strong>&#8220;, refiri\u00e9ndose a las mejoras en los autos que habr\u00e1n implementado el resto de escuder\u00edas y dando ordenes de no subestimar al resto de equipos.<\/p>\n<\/div>\n<p><h2>La prueba que hicieron Norris y Piastri<\/h2>\n<\/p>\n<div class=\"custom-text \" readability=\"34\">\n<p>Los<strong> pilotos titulares<\/strong> de la escuder\u00eda <strong>estrenaron el auto dando unas vueltas en la pista<\/strong>, y tras las pruebas <strong>comentaron sus sensaciones manejando el modelo<\/strong>.<\/p>\n<\/div>\n<div class=\"custom-text \" readability=\"31.313852813853\">\n<p>&#8220;<strong>Es emocionante subirse al MCL39 por primera vez y ver lo que es capaz de hacer en la pista<\/strong>&#8220;, declar\u00f3 <strong><a href=\"https:\/\/www.ole.com.ar\/tema\/lando-norris.html\" target=\"_self\" title=\"Norris\" alt=\"Norris\" rel=\"noopener\">Norris<\/a><\/strong>, y agreg\u00f3 <strong>sobre el dise\u00f1o del coche que &#8220;la decoraci\u00f3n de camuflaje es divertida y es genial poder mostrar algo diferente antes de la presentaci\u00f3n de nuestra decoraci\u00f3n completa<\/strong> en la presentaci\u00f3n oficial&#8221;. El brit\u00e1nico se refiri\u00f3 a que el dise\u00f1o no se puede mostrar antes del <a href=\"https:\/\/www.ole.com.ar\/autos\/presentacion-formula-1-2025-equipos-autos-juntos-londres_0_QoHieXrc4N.html#google_vignette\" target=\"_self\" title=\"(a realizarse el pr\u00f3ximo martes 18 en Londres)\" alt=\"(a realizarse el pr\u00f3ximo martes 18 en Londres)\" rel=\"noopener\">lanzamiento oficial a realizarse el pr\u00f3ximo martes 18 en Londres<\/a>.<\/p>\n<\/div>\n<div class=\"sc-e7b891c4-0 ifHnQL image-embed\"><img alt=\"Norris, 2\u00b0 en el campeonato de pilotos 2024. (REUTER)\" loading=\"lazy\" width=\"720\" height=\"100\" decoding=\"async\" data-nimg=\"1\" src=\"http:\/\/cordobadirecto.com\/wp-content\/uploads\/2025\/02\/la-presentacion-sorpresa-de-mclaren-candidato-al-titulo-de-la-formula-1.jpg\"><span class=\"epigraphe\">Norris, 2\u00b0 en el campeonato de pilotos 2024. (REUTER)<\/span><\/div>\n<div class=\"custom-text \" readability=\"34.941176470588\">\n<p>Por su parte, <strong><a href=\"https:\/\/www.ole.com.ar\/tema\/oscar-piastri.html\" target=\"_self\" title=\"Piastri\" alt=\"Piastri\" rel=\"noopener\">Piastri<\/a><\/strong> coment\u00f3: &#8220;<strong>Es genial estar al volante del MCL39 por primera vez antes de ponerlo a prueba en Bahrein<\/strong>\u201d, palpitando las pruebas a realizarse en esa ciudad del 26 al 28 de febrero previo al arranque de la competencia.<\/p>\n<\/div>\n<p><h2>Los cambios realizados en McLaren respecto al modelo anterior<\/h2>\n<\/p>\n<div class=\"custom-text \" readability=\"42\">\n<p>El <strong>MCL38<\/strong> supo llevar a la escuder\u00eda a la victoria en el campeonato de constructores de la temporada pasada, siendo <strong>un modelo que marc\u00f3 tendencia dentro del campeonato<\/strong>. El<strong> MCL39<\/strong>, su sucesor para este a\u00f1o, <strong>mantendr\u00e1 las bases que alcanzaron el \u00e9xito en la competencia<\/strong>, como la suspensi\u00f3n delantera pull-rod (la cual mejora el flujo de aire que va a la parte trasera), pero contar\u00e1 con <strong>una importante serie de cambios en t\u00e9rminos de carrocer\u00eda<\/strong>: un cap\u00f3 mucho m\u00e1s compacto, la notable reducci\u00f3n de los gulleys (secciones en los hombros de la cabina del piloto) y m\u00faltiples modificaciones en los sidepods, componentes que van delante de las ruedas traseras donde se encuentran piezas claves del funcionamiento. Todas estas modificaciones tienen la intenci\u00f3n de <strong>mejorar la aerodin\u00e1mica del veh\u00edculo<\/strong>.<\/p>\n<\/div>\n<div class=\"sc-e7b891c4-0 ifHnQL image-embed\"><img alt=\"El MCL39, en acci\u00f3n en Silverstone. (McLaren)\" loading=\"lazy\" width=\"720\" height=\"100\" decoding=\"async\" data-nimg=\"1\" src=\"http:\/\/cordobadirecto.com\/wp-content\/uploads\/2025\/02\/la-presentacion-sorpresa-de-mclaren-candidato-al-titulo-de-la-formula-1-1.jpg\"><span class=\"epigraphe\">El MCL39, en acci\u00f3n en Silverstone. (McLaren)<\/span><\/div>\n<div class=\"sc-a7166897-0 eoLsBE\" readability=\"6\">\n<section readability=\"2\"><picture><img alt=\"Mer In Black: Merecedes seguir\u00e1 de negro en la F\u00f3rmula 1\" loading=\"lazy\" width=\"290\" height=\"290\" decoding=\"async\" data-nimg=\"1\" src=\"http:\/\/cordobadirecto.com\/wp-content\/uploads\/2025\/02\/la-presentacion-sorpresa-de-mclaren-candidato-al-titulo-de-la-formula-1-2.jpg\"><\/picture>\n<p><span>Mir\u00e1 tambi\u00e9n<\/span><\/p>\n<hr>\n<h3>Mer In Black: Merecedes seguir\u00e1 de negro en la F\u00f3rmula 1<\/h3>\n<\/p>\n<\/section>\n<\/div>\n<div class=\"sc-a7166897-0 eoLsBE\" readability=\"6.5\">\n<section readability=\"3\"><picture><img alt=\"No es Franco Colapinto: qui\u00e9n es el piloto sudamericano que es furor en el automovilismo de Estados Unidos\" loading=\"lazy\" width=\"290\" height=\"290\" decoding=\"async\" data-nimg=\"1\" src=\"http:\/\/cordobadirecto.com\/wp-content\/uploads\/2025\/02\/la-presentacion-sorpresa-de-mclaren-candidato-al-titulo-de-la-formula-1-3.jpg\"><\/picture>\n<p><span>Mir\u00e1 tambi\u00e9n<\/span><\/p>\n<hr>\n<h3>No es Franco Colapinto: qui\u00e9n es el piloto sudamericano que es furor en el automovilismo de Estados Unidos<\/h3>\n<\/p>\n<\/section>\n<\/div>\n<div class=\"sc-a7166897-0 eoLsBE\" readability=\"6\">\n<section readability=\"2\"><picture><img alt=\"\u00bfLa F\u00f3rmula 1 pasa de 10 a 12 equipos?\" loading=\"lazy\" width=\"290\" height=\"290\" decoding=\"async\" data-nimg=\"1\" src=\"http:\/\/cordobadirecto.com\/wp-content\/uploads\/2025\/02\/la-presentacion-sorpresa-de-mclaren-candidato-al-titulo-de-la-formula-1-4.jpg\"><\/picture>\n<p><span>Mir\u00e1 tambi\u00e9n<\/span><\/p>\n<hr>\n<h3>\u00bfLa F\u00f3rmula 1 pasa de 10 a 12 equipos?<\/h3>\n<\/p>\n<\/section>\n<\/div>\n<\/div>\n","protected":false},"excerpt":{"rendered":"<p>13\/02\/2025 17:08hs. McLaren, ganador del campeonato de constructores en 2024, fue el primero en presentar su coche, denominado MCL39, con el que Lando Norris y Oscar Piastri correr\u00e1n este a\u00f1o. Sin previo aviso, sorprendi\u00f3 al mundo del automovilismo y se le adelant\u00f3 a Williams, que tendr\u00e1 su presentaci\u00f3n este viernes, mostrando el modelo que lanzar\u00e1 [&hellip;]<\/p>\n","protected":false},"author":1,"featured_media":162144,"comment_status":"closed","ping_status":"closed","sticky":false,"template":"","format":"standard","meta":[],"categories":[21],"tags":[],"_links":{"self":[{"href":"http:\/\/cordobadirecto.com\/index.php\/wp-json\/wp\/v2\/posts\/162143"}],"collection":[{"href":"http:\/\/cordobadirecto.com\/index.php\/wp-json\/wp\/v2\/posts"}],"about":[{"href":"http:\/\/cordobadirecto.com\/index.php\/wp-json\/wp\/v2\/types\/post"}],"author":[{"embeddable":true,"href":"http:\/\/cordobadirecto.com\/index.php\/wp-json\/wp\/v2\/users\/1"}],"replies":[{"embeddable":true,"href":"http:\/\/cordobadirecto.com\/index.php\/wp-json\/wp\/v2\/comments?post=162143"}],"version-history":[{"count":0,"href":"http:\/\/cordobadirecto.com\/index.php\/wp-json\/wp\/v2\/posts\/162143\/revisions"}],"wp:featuredmedia":[{"embeddable":true,"href":"http:\/\/cordobadirecto.com\/index.php\/wp-json\/wp\/v2\/media\/162144"}],"wp:attachment":[{"href":"http:\/\/cordobadirecto.com\/index.php\/wp-json\/wp\/v2\/media?parent=162143"}],"wp:term":[{"taxonomy":"category","embeddable":true,"href":"http:\/\/cordobadirecto.com\/index.php\/wp-json\/wp\/v2\/categories?post=162143"},{"taxonomy":"post_tag","embeddable":true,"href":"http:\/\/cordobadirecto.com\/index.php\/wp-json\/wp\/v2\/tags?post=162143"}],"curies":[{"name":"wp","href":"https:\/\/api.w.org\/{rel}","templated":true}]}}