{"id":162161,"date":"2025-02-14T20:12:23","date_gmt":"2025-02-14T20:12:23","guid":{"rendered":"http:\/\/estaciontrip.com.ar\/?p=9927"},"modified":"2025-02-14T20:12:23","modified_gmt":"2025-02-14T20:12:23","slug":"la-ciudad-de-cordoba-se-prepara-para-celebrar-el-amor-este-14-de-febrero","status":"publish","type":"post","link":"http:\/\/cordobadirecto.com\/index.php\/2025\/02\/14\/la-ciudad-de-cordoba-se-prepara-para-celebrar-el-amor-este-14-de-febrero\/","title":{"rendered":"La ciudad de C\u00f3rdoba se prepara para celebrar el amor este 14 de Febrero"},"content":{"rendered":"<div><img src=\"http:\/\/cordobadirecto.com\/wp-content\/uploads\/2025\/02\/la-ciudad-de-cordoba-se-prepara-para-celebrar-el-amor-este-14-de-febrero.jpg\" class=\"ff-og-image-inserted\"><\/div>\n<p><em>El Parque La Heras Elisa, que naci\u00f3 como acto rom\u00e1ntico dedicado a una primera dama argentina, ser\u00e1 escenario de actividades recreativas y para revalidar v\u00ednculos amorosos.<\/em><\/p>\n<p>El remozado Parque Las Heras Elisa ser\u00e1 el sitio elegido de la Ciudad de C\u00f3rdoba para agasajar a los enamorados este viernes de San Valent\u00edn.<\/p>\n<p>Desde las 12 del mediod\u00eda se suceder\u00e1n propuestas musicales, gastron\u00f3micas, sorteos, visitas guiadas y hasta la posibilidad que hacer promesas de amor colocando un candado en una escultura. <\/p>\n<p>A las 18.00 se instalar\u00e1n los food trucks que ofrecer\u00e1n especialidades a excelentes precios para poder disfrutar de una variada gastronom\u00eda a la vera del R\u00edo Suqu\u00eda.<\/p>\n<p>Adem\u00e1s, en este mismo horario y debajo del puente Enfermeras Hero\u00ednas de Malvinas (Bv. Mitre al 200, del lado sur), se pintar\u00e1 un mural en vivo y los enamorados presentes podr\u00e1n estampar su mano.<\/p>\n<p>En simult\u00e1neo, la Glorieta ser\u00e1 el rom\u00e1ntico escenario para que las parejas se declaren su amor y seguramente para llevarse una de las fotos m\u00e1s bonitas para el recuerdo.<\/p>\n<p>A las 19.00 comenzar\u00e1 una visita guiada por el s\u00f3tano de la glorieta, el parque, el Puente Enfermeras Hero\u00ednas de Malvinas y la escultura Coraz\u00f3n para engarzar candados.<\/p>\n<p>A partir de las 20, habr\u00e1 sorteos para consumiciones en restaurantes de la ciudad y food trucks. Tambi\u00e9n habr\u00e1 como premio \u201ccandados para parejas\u201d que quieran engarzarlos en la escultura de los enamorados.<\/p>\n<p>Para cerrar la noche a pura m\u00fasica y que el romance baile a son de los acordes, a las 20.30 comenzar\u00e1n diversas puestas art\u00edsticas.<\/p>\n<p>Sobre Paseo Suqu\u00eda, integrantes y profes del grupo Costanera Cultural realizar\u00e1n una muestra de danzas de zamba y rock junto a los vecinos.<\/p>\n<p><strong>Un parque en honor a Elisa<\/strong><\/p>\n<p>Cuando el parque fue inaugurado en 1889, fue bautizado como Paseo Elisa, dedicado a fuera la primera dama de Argentina, como gesto rom\u00e1ntico de su esposo Miguel Ju\u00e1rez Celman<\/p>\n<p>En aquellos a\u00f1os, el parque fue fundado&nbsp;en un contexto de expansi\u00f3n econ\u00f3mica y urbanizaci\u00f3n acelerada, el&nbsp;lugar&nbsp;estuvo marcado por las ideas de esparcimiento, recreaci\u00f3n y salubridad de la \u00e9poca.<\/p>\n<p>Hija de una familia tradicional de C\u00f3rdoba capital,&nbsp;Benedicta Elisa Funes D\u00edaz&nbsp;(1853-1933) fue una mujer cuyos pasos dejaron huella en la memoria de la ciudad y hoy se erige como una joven protagonista.<\/p>\n<p>A principios del siglo XX Elisa Funes vivi\u00f3 los primeros replanteos del g\u00e9nero femenino, al mismo tiempo que se comenzaba a desafiar la participaci\u00f3n de las mujeres en espacios institucionalizados y no limitarse solamente al \u00e1mbito dom\u00e9stico.<\/p>\n<p>Para ese entonces, la primera dama ocupaba un rol importante en la fundaci\u00f3n de la Cruz Roja Argentina junto a su prima materna.<\/p>\n<p>Para la revoluci\u00f3n de&nbsp;1890&nbsp;el predio cambi\u00f3 el nombre de Elisa y se convirti\u00f3 en&nbsp;\u201cParque General Las Heras\u201d.<\/p>\n<p>Despu\u00e9s de 134 a\u00f1os, en un acto de reparaci\u00f3n hist\u00f3rica, el 15 de julio de 2021 el Concejo Deliberante aprob\u00f3 la nomenclatura actual, agregando el nombre Elisa a lo que hoy conocemos como el&nbsp;Parque Las Heras Elisa.<\/p>\n","protected":false},"excerpt":{"rendered":"<p>El Parque La Heras Elisa, que naci\u00f3 como acto rom\u00e1ntico dedicado a una primera dama argentina, ser\u00e1 escenario de actividades recreativas y para revalidar v\u00ednculos amorosos. El remozado Parque Las Heras Elisa ser\u00e1 el sitio elegido de la Ciudad de C\u00f3rdoba para agasajar a los enamorados este viernes de San Valent\u00edn. Desde las 12 del [&hellip;]<\/p>\n","protected":false},"author":1,"featured_media":162162,"comment_status":"closed","ping_status":"closed","sticky":false,"template":"","format":"standard","meta":[],"categories":[22],"tags":[],"_links":{"self":[{"href":"http:\/\/cordobadirecto.com\/index.php\/wp-json\/wp\/v2\/posts\/162161"}],"collection":[{"href":"http:\/\/cordobadirecto.com\/index.php\/wp-json\/wp\/v2\/posts"}],"about":[{"href":"http:\/\/cordobadirecto.com\/index.php\/wp-json\/wp\/v2\/types\/post"}],"author":[{"embeddable":true,"href":"http:\/\/cordobadirecto.com\/index.php\/wp-json\/wp\/v2\/users\/1"}],"replies":[{"embeddable":true,"href":"http:\/\/cordobadirecto.com\/index.php\/wp-json\/wp\/v2\/comments?post=162161"}],"version-history":[{"count":0,"href":"http:\/\/cordobadirecto.com\/index.php\/wp-json\/wp\/v2\/posts\/162161\/revisions"}],"wp:featuredmedia":[{"embeddable":true,"href":"http:\/\/cordobadirecto.com\/index.php\/wp-json\/wp\/v2\/media\/162162"}],"wp:attachment":[{"href":"http:\/\/cordobadirecto.com\/index.php\/wp-json\/wp\/v2\/media?parent=162161"}],"wp:term":[{"taxonomy":"category","embeddable":true,"href":"http:\/\/cordobadirecto.com\/index.php\/wp-json\/wp\/v2\/categories?post=162161"},{"taxonomy":"post_tag","embeddable":true,"href":"http:\/\/cordobadirecto.com\/index.php\/wp-json\/wp\/v2\/tags?post=162161"}],"curies":[{"name":"wp","href":"https:\/\/api.w.org\/{rel}","templated":true}]}}