{"id":162166,"date":"2025-02-14T21:09:30","date_gmt":"2025-02-14T21:09:30","guid":{"rendered":"https:\/\/cordoba.gob.ar\/?p=74187"},"modified":"2025-02-14T21:09:30","modified_gmt":"2025-02-14T21:09:30","slug":"desague-sagrada-familia-este-lunes-se-realizara-un-corte-total-de-transito-y-desvios-del-transporte-en-el-cruce-de-esa-avenida-y-colon","status":"publish","type":"post","link":"http:\/\/cordobadirecto.com\/index.php\/2025\/02\/14\/desague-sagrada-familia-este-lunes-se-realizara-un-corte-total-de-transito-y-desvios-del-transporte-en-el-cruce-de-esa-avenida-y-colon\/","title":{"rendered":"Desag\u00fce Sagrada Familia: este lunes se realizar\u00e1 un corte total de tr\u00e1nsito y desv\u00edos del transporte en el cruce de esa avenida y Col\u00f3n"},"content":{"rendered":"<div><img src=\"http:\/\/cordobadirecto.com\/wp-content\/uploads\/2025\/02\/desague-sagrada-familia-este-lunes-se-realizara-un-corte-total-de-transito-y-desvios-del-transporte-en-el-cruce-de-esa-avenida-y-colon.jpg\" class=\"ff-og-image-inserted\"><\/div>\n<ul>\n<li><strong>Comenzar\u00e1 a las 6:00 y se extender\u00e1 por 10 d\u00edas aproximadamente.<\/strong><\/li>\n<\/ul>\n<hr>\n<p>Con el inicio de nuevos trabajos en la obra de desag\u00fce de Sagrada Familia, la Municipalidad de C\u00f3rdoba realizar\u00e1 este lunes 17 de febrero desde las 6:00 un corte total de tr\u00e1nsito. Ocurrir\u00e1 en el cruce de Sagrada Familia y Col\u00f3n, prolong\u00e1ndose por alrededor de 10 d\u00edas.<\/p>\n<p>Los desv\u00edos del tr\u00e1nsito particular en direcci\u00f3n este \u2013 oeste ser\u00e1n por Col\u00f3n, Santa Rosa, Juan de Morales y retomar\u00e1n por Col\u00f3n, mientras que en sentido contrario, quienes vengan por esa avenida desviar\u00e1n por Juan de Morales hasta De\u00e1n Funes, seguir\u00e1n por Juan Mateo Olmos y volver\u00e1n a la avenida Col\u00f3n.<\/p>\n<p>Adem\u00e1s, cuatro l\u00edneas de transporte modificar\u00e1n su recorrido al pasar por la zona, anulando temporalmente algunas paradas y fijando otras provisorias.<\/p>\n<p>L\u00ednea 70 y 75<\/p>\n<p>Ida: Av. Col\u00f3n \u2013 Pedro de O\u00f1ate \u2013 Santa Rosa \u2013 Juan de Morales \u2013 Av. Col\u00f3n \u2013 su ruta.<br \/>Regreso: Av. Col\u00f3n \u2013 Juan de Morales \u2013 De\u00e1n Funes \u2013 J. Mateo Olmos \u2013 Av. Col\u00f3n \u2013 su ruta.<br \/>Paradas suspendidas: avenida Col\u00f3n 4330 (ida) y 4487 (regreso).<\/p>\n<p>L\u00ednea 81 y B1<\/p>\n<p>Ida: Av. Col\u00f3n \u2013 Pedro de O\u00f1ate \u2013 Igualdad \u2013 Av. Sagrada Familia \u2013 su ruta.<br \/>Regreso: Av. Sagrada Familia \u2013 Igualdad \u2013 Pedro de O\u00f1ate \u2013 Av. Col\u00f3n \u2013 su ruta.<br \/>Paradas provisorias: Igualdad 4173 y Pedro de O\u00f1ate 245 (ida); Igualdad 4171 y Pedro de O\u00f1ate 200 (regreso)<\/p>\n<p>L\u00ednea 45<\/p>\n<p>Ida: Av. Col\u00f3n \u2013 Eugenio Galli \u2013 De\u00e1n Funes \u2013 Juan Mateo Olmos \u2013 Av. Col\u00f3n \u2013 su ruta.<br \/>Regreso: Av. Col\u00f3n \u2013 Pedro de O\u00f1ate \u2013 Santa Rosa \u2013 Eugenio Galli \u2013 Av. Col\u00f3n \u2013 su ruta.<\/p>\n","protected":false},"excerpt":{"rendered":"<p>Comenzar\u00e1 a las 6:00 y se extender\u00e1 por 10 d\u00edas aproximadamente. Con el inicio de nuevos trabajos en la obra de desag\u00fce de Sagrada Familia, la Municipalidad de C\u00f3rdoba realizar\u00e1 este lunes 17 de febrero desde las 6:00 un corte total de tr\u00e1nsito. Ocurrir\u00e1 en el cruce de Sagrada Familia y Col\u00f3n, prolong\u00e1ndose por alrededor [&hellip;]<\/p>\n","protected":false},"author":1,"featured_media":162167,"comment_status":"closed","ping_status":"closed","sticky":false,"template":"","format":"standard","meta":[],"categories":[44],"tags":[],"_links":{"self":[{"href":"http:\/\/cordobadirecto.com\/index.php\/wp-json\/wp\/v2\/posts\/162166"}],"collection":[{"href":"http:\/\/cordobadirecto.com\/index.php\/wp-json\/wp\/v2\/posts"}],"about":[{"href":"http:\/\/cordobadirecto.com\/index.php\/wp-json\/wp\/v2\/types\/post"}],"author":[{"embeddable":true,"href":"http:\/\/cordobadirecto.com\/index.php\/wp-json\/wp\/v2\/users\/1"}],"replies":[{"embeddable":true,"href":"http:\/\/cordobadirecto.com\/index.php\/wp-json\/wp\/v2\/comments?post=162166"}],"version-history":[{"count":0,"href":"http:\/\/cordobadirecto.com\/index.php\/wp-json\/wp\/v2\/posts\/162166\/revisions"}],"wp:featuredmedia":[{"embeddable":true,"href":"http:\/\/cordobadirecto.com\/index.php\/wp-json\/wp\/v2\/media\/162167"}],"wp:attachment":[{"href":"http:\/\/cordobadirecto.com\/index.php\/wp-json\/wp\/v2\/media?parent=162166"}],"wp:term":[{"taxonomy":"category","embeddable":true,"href":"http:\/\/cordobadirecto.com\/index.php\/wp-json\/wp\/v2\/categories?post=162166"},{"taxonomy":"post_tag","embeddable":true,"href":"http:\/\/cordobadirecto.com\/index.php\/wp-json\/wp\/v2\/tags?post=162166"}],"curies":[{"name":"wp","href":"https:\/\/api.w.org\/{rel}","templated":true}]}}