{"id":162187,"date":"2025-02-14T23:21:24","date_gmt":"2025-02-14T23:21:24","guid":{"rendered":"https:\/\/www.ole.com.ar\/autos\/franco-colapinto-flavio-briatore-alpine-foto-presentacion-nueva-aplicacion-fc43_0_pNOeuybtbS.html"},"modified":"2025-02-14T23:21:24","modified_gmt":"2025-02-14T23:21:24","slug":"franco-colapinto-foto-con-flavio-briatore-y-una-sorpresa-para-los-fans","status":"publish","type":"post","link":"http:\/\/cordobadirecto.com\/index.php\/2025\/02\/14\/franco-colapinto-foto-con-flavio-briatore-y-una-sorpresa-para-los-fans\/","title":{"rendered":"Franco Colapinto: foto con Flavio Briatore y una sorpresa para los fans"},"content":{"rendered":"<p><time class=\"createDate\" datetime=\"2025-02-14T20:21:24-03:00\">14\/02\/2025 20:21hs.<\/time><\/p>\n<div id=\"storyBody\">\n<div class=\"custom-text \" readability=\"33.691666666667\">\n<p>En medio de los rumores que apuntan a que pelear\u00e1 la titularidad con <a href=\"https:\/\/www.ole.com.ar\/tema\/jack-doohan.html\" target=\"_self\" title=\"Jack Doohan\" alt=\"Jack Doohan\" rel=\"noopener\">Jack Doohan<\/a>, <strong>Franco Colapinto<\/strong> prepara su temporada junto a Alpine, que tiene como asesor a <strong>Flavio Briatore<\/strong>. Es sabido que el empresario mantiene una gran relaci\u00f3n con<strong> <\/strong>el argentino y este 14 de febrero, <a href=\"https:\/\/www.ole.com.ar\/autos\/franco-colapinto-mensajes-amorosos-alpine-san-valentin_0_RdPaOFgfE2.html\" target=\"_self\" title=\"cuando el equipo se acord\u00f3 del piloto\" alt=\"cuando el equipo se acord\u00f3 del piloto\" rel=\"noopener\">cuando el equipo se acord\u00f3 del piloto<\/a>, volvi\u00f3 a hacerlo saber por medio de un posteo.<\/p>\n<\/div>\n<div class=\"custom-text \" readability=\"35.982905982906\">\n<p>A pocos d\u00edas de la <a href=\"https:\/\/www.ole.com.ar\/autos\/presentacion-formula-1-2025-equipos-autos-juntos-londres_0_QoHieXrc4N.html\" target=\"_self\" title=\"presentaci\u00f3n oficial de la temporada de la Formula 1 este 2025\" alt=\"presentaci\u00f3n oficial de la temporada de la Formula 1 este 2025\" rel=\"noopener\">presentaci\u00f3n de la temporada<\/a>, que ser\u00e1 este martes 18 de febrero en el estadio O2 Arena de Londres, <strong>Colapinto y Briatore realizaron un viaje<\/strong>. Y aunque Franco no estar\u00e1 a la cabeza en la demostraci\u00f3n que har\u00e1 <a href=\"https:\/\/www.ole.com.ar\/tema\/alpine.html\" target=\"_self\" title=\"Alpine\" alt=\"Alpine\" rel=\"noopener\">Alpine<\/a>, ya que los asientos titulares son ocupados por <a href=\"https:\/\/www.ole.com.ar\/tema\/pierre-gasly.html\" target=\"_self\" title=\"Pierre Gasly\" alt=\"Pierre Gasly\" rel=\"noopener\">Pierre Gasly<\/a> y Jack Doohan, Briatore no deja de hacer referencias al argentino en redes sociales. Esta vez fue mediante Instagram, <strong>donde el italiano pos\u00f3 con el piloto en M\u00f3naco<\/strong>.<\/p>\n<\/div>\n<div class=\"custom-text \" readability=\"38\">\n<p>Esta foto gener\u00f3 revuelo dentro de los seguidores argentinos, que en el pasado se encari\u00f1aron con <strong>James Vowles<\/strong>, jefe de Williams, a quien apodaron como &#8220;T\u00edo James&#8221;. Ese lugar ahora lo ocupa <strong>Briatore, quien apadrin\u00f3 a Franco y se gan\u00f3 el cari\u00f1o de los argentinos por la oportunidad que le dio<\/strong>.<\/p>\n<\/div>\n<div class=\"custom-text \" readability=\"35\">\n<p>Sin embargo, <strong>la interacci\u00f3n no qued\u00f3 ah\u00ed<\/strong>. El argentino<strong> resubi\u00f3 la publicaci\u00f3n en las historias de su cuenta<\/strong>, acompa\u00f1ada de un <strong>&#8220;Il Padrino&#8221;<\/strong> para referirse cari\u00f1osamente al italiano.<\/p>\n<\/div>\n<p><h2><strong>La historia de Colapinto con Briatore<\/strong><\/h2>\n<\/p>\n<div class=\"sc-e7b891c4-0 ifHnQL image-embed\"><img alt=\"Colapinto a trav\u00e9s de Instagram, respondiendo a Briatore. (@francolapinto)\" loading=\"lazy\" width=\"720\" height=\"100\" decoding=\"async\" data-nimg=\"1\" src=\"http:\/\/cordobadirecto.com\/wp-content\/uploads\/2025\/02\/franco-colapinto-foto-con-flavio-briatore-y-una-sorpresa-para-los-fans.jpg\"><span class=\"epigraphe\">Colapinto a trav\u00e9s de Instagram, respondiendo a Briatore. (@francolapinto)<\/span><\/div>\n<p><h2><strong>La novedad que anunci\u00f3 Colapinto <\/strong><\/h2>\n<\/p>\n<div class=\"custom-text \" readability=\"42\">\n<p>Hace algunos d\u00edas, Colapinto hab\u00eda cambiado su foto de perfil y publicado un video dando a entender que har\u00eda un anuncio a la brevedad. Finalmente, el mismo viernes, tambi\u00e9n en sus historias de Instagram, <strong>Colapinto public\u00f3 el lanzamiento de una aplicaci\u00f3n que cre\u00f3 para sus fans llamada &#8220;FC43&#8221;<\/strong>. Dentro de esta,<strong> <\/strong>los seguidores del piloto podr\u00e1n seguir su d\u00eda a d\u00eda en la Formula 1. Franco coment\u00f3 que la app contar\u00e1 con &#8220;videos exclusivos, contenido, muchas cosas especiales y alguna prenda tambi\u00e9n&#8221;.<\/p>\n<\/div>\n<div class=\"sc-a7166897-0 eoLsBE\" readability=\"6\">\n<section readability=\"2\"><picture><img alt=\"Las frases amorosas de Franco Colapinto a Alpine en San Valent\u00edn\" loading=\"lazy\" width=\"290\" height=\"290\" decoding=\"async\" data-nimg=\"1\" src=\"http:\/\/cordobadirecto.com\/wp-content\/uploads\/2025\/02\/franco-colapinto-foto-con-flavio-briatore-y-una-sorpresa-para-los-fans-1.jpg\"><\/picture>\n<p><span>Mir\u00e1 tambi\u00e9n<\/span><\/p>\n<hr>\n<h3>Las frases amorosas de Franco Colapinto a Alpine en San Valent\u00edn<\/h3>\n<\/p>\n<\/section>\n<\/div>\n<div class=\"sc-a7166897-0 eoLsBE\" readability=\"6.5\">\n<section readability=\"3\"><picture><img alt=\"La presentaci\u00f3n sorpresa de McLaren, candidato al t\u00edtulo de la Formula 1\" loading=\"lazy\" width=\"290\" height=\"290\" decoding=\"async\" data-nimg=\"1\" src=\"http:\/\/cordobadirecto.com\/wp-content\/uploads\/2025\/02\/franco-colapinto-foto-con-flavio-briatore-y-una-sorpresa-para-los-fans-2.jpg\"><\/picture>\n<p><span>Mir\u00e1 tambi\u00e9n<\/span><\/p>\n<hr>\n<h3>La presentaci\u00f3n sorpresa de McLaren, candidato al t\u00edtulo de la Formula 1<\/h3>\n<\/p>\n<\/section>\n<\/div>\n<div class=\"sc-a7166897-0 eoLsBE\" readability=\"6.5\">\n<section readability=\"3\"><picture><img alt=\"TC en Viedma: a qu\u00e9 hora es y d\u00f3nde ver por TV la primera fecha del Turismo Carretera\" loading=\"lazy\" width=\"290\" height=\"290\" decoding=\"async\" data-nimg=\"1\" src=\"http:\/\/cordobadirecto.com\/wp-content\/uploads\/2025\/02\/franco-colapinto-foto-con-flavio-briatore-y-una-sorpresa-para-los-fans-3.jpg\"><\/picture>\n<p><span>Mir\u00e1 tambi\u00e9n<\/span><\/p>\n<hr>\n<h3>TC en Viedma: a qu\u00e9 hora es y d\u00f3nde ver por TV la primera fecha del Turismo Carretera<\/h3>\n<\/p>\n<\/section>\n<\/div>\n<\/div>\n","protected":false},"excerpt":{"rendered":"<p>14\/02\/2025 20:21hs. En medio de los rumores que apuntan a que pelear\u00e1 la titularidad con Jack Doohan, Franco Colapinto prepara su temporada junto a Alpine, que tiene como asesor a Flavio Briatore. Es sabido que el empresario mantiene una gran relaci\u00f3n con el argentino y este 14 de febrero, cuando el equipo se acord\u00f3 del [&hellip;]<\/p>\n","protected":false},"author":1,"featured_media":162188,"comment_status":"closed","ping_status":"closed","sticky":false,"template":"","format":"standard","meta":[],"categories":[21],"tags":[],"_links":{"self":[{"href":"http:\/\/cordobadirecto.com\/index.php\/wp-json\/wp\/v2\/posts\/162187"}],"collection":[{"href":"http:\/\/cordobadirecto.com\/index.php\/wp-json\/wp\/v2\/posts"}],"about":[{"href":"http:\/\/cordobadirecto.com\/index.php\/wp-json\/wp\/v2\/types\/post"}],"author":[{"embeddable":true,"href":"http:\/\/cordobadirecto.com\/index.php\/wp-json\/wp\/v2\/users\/1"}],"replies":[{"embeddable":true,"href":"http:\/\/cordobadirecto.com\/index.php\/wp-json\/wp\/v2\/comments?post=162187"}],"version-history":[{"count":0,"href":"http:\/\/cordobadirecto.com\/index.php\/wp-json\/wp\/v2\/posts\/162187\/revisions"}],"wp:featuredmedia":[{"embeddable":true,"href":"http:\/\/cordobadirecto.com\/index.php\/wp-json\/wp\/v2\/media\/162188"}],"wp:attachment":[{"href":"http:\/\/cordobadirecto.com\/index.php\/wp-json\/wp\/v2\/media?parent=162187"}],"wp:term":[{"taxonomy":"category","embeddable":true,"href":"http:\/\/cordobadirecto.com\/index.php\/wp-json\/wp\/v2\/categories?post=162187"},{"taxonomy":"post_tag","embeddable":true,"href":"http:\/\/cordobadirecto.com\/index.php\/wp-json\/wp\/v2\/tags?post=162187"}],"curies":[{"name":"wp","href":"https:\/\/api.w.org\/{rel}","templated":true}]}}