{"id":162189,"date":"2025-02-14T21:02:43","date_gmt":"2025-02-14T21:02:43","guid":{"rendered":"https:\/\/www.ole.com.ar\/autos\/turismo-carretera-tc-viedma-hora-ver-tv-primera-fecha_0_bIjftS6vVp.html"},"modified":"2025-02-14T21:02:43","modified_gmt":"2025-02-14T21:02:43","slug":"tc-en-viedma-a-que-hora-es-y-donde-ver-por-tv-la-primera-fecha-del-turismo-carretera","status":"publish","type":"post","link":"http:\/\/cordobadirecto.com\/index.php\/2025\/02\/14\/tc-en-viedma-a-que-hora-es-y-donde-ver-por-tv-la-primera-fecha-del-turismo-carretera\/","title":{"rendered":"TC en Viedma: a qu\u00e9 hora es y d\u00f3nde ver por TV la primera fecha del Turismo Carretera"},"content":{"rendered":"<p><time class=\"createDate\" datetime=\"2025-02-14T18:02:43-03:00\">14\/02\/2025 18:02hs.<\/time><\/p>\n<div id=\"storyBody\">\n<div class=\"custom-text \" readability=\"39.405034324943\">\n<p>Para cortar con el silencio del verano, los motores volver\u00e1n a rugir nuevamente. <strong>Este fin de semana, en Viedma, se pondr\u00e1 en marcha el 82\u00b0 campeonato de<a href=\"https:\/\/www.ole.com.ar\/tema\/turismo-carretera.html\" title=\"Turismo Carretera\" alt=\"Turismo Carretera\" class=\"slug\"> Turismo Carretera<\/a>.<\/strong> Despu\u00e9s de un 2024 vibrante, que no se resolvi\u00f3 hasta la \u00faltima fecha (el campe\u00f3n fue Juli\u00e1n Santero) y cont\u00f3 con la incursi\u00f3n de los autos Next Gen, <strong>el pron\u00f3stico marca que se vivir\u00e1 un 2025 a la altura. <\/strong>El primer cap\u00edtulo, este mismo fin de semana&#8230;<\/p>\n<\/div>\n<p><h2><strong>A qu\u00e9 hora es y d\u00f3nde ver la primera fecha del TC en Viedma<\/strong><\/h2>\n<\/p>\n<div class=\"custom-text \" readability=\"38\">\n<p><strong>La actividad se pondr\u00e1 en marcha este s\u00e1bado<\/strong> con dos tandas de libres, una a las 8.50 y la otra a las 11<strong> <\/strong>(se podr\u00e1n seguir a trav\u00e9s de DeporTV y Motor Play). La clasificaci\u00f3n, que ordenar\u00e1 la grilla para las series<strong> <\/strong>y constar\u00e1 de cuatro cuartos de ocho minutos cada uno, <strong>dar\u00e1 inicio a las<\/strong> <strong>16 y ser\u00e1 transmitida por los mismos medios adem\u00e1s de TV P\u00fablica.<\/strong><\/p>\n<\/div>\n<div class=\"custom-text \" readability=\"37\">\n<p>Como es habitual, el domingo se correr\u00e1n las <strong>tres series del TC<\/strong>, cuyo arranque est\u00e1 pactado para las 10 y su finalizaci\u00f3n para las 11. <strong>En tanto, la carrera final arrancar\u00e1 a las 13.30<\/strong>. Toda la actividad dominical ser\u00e1 transmitida por TV P\u00fablica.<\/p>\n<\/div>\n<div class=\"sc-e7b891c4-0 ifHnQL image-embed\"><img alt=\"Las tribunas en Viedma con las m\u00e1quinas viejas. Este a\u00f1o ir\u00e1n los Next Gen.\n(Foto: Marcelo Ochoa)\" loading=\"lazy\" width=\"720\" height=\"100\" decoding=\"async\" data-nimg=\"1\" src=\"http:\/\/cordobadirecto.com\/wp-content\/uploads\/2025\/02\/tc-en-viedma-a-que-hora-es-y-donde-ver-por-tv-la-primera-fecha-del-turismo-carretera.jpg\"><span class=\"epigraphe\">Las tribunas en Viedma con las m\u00e1quinas viejas. Este a\u00f1o ir\u00e1n los Next Gen.<br \/>\n(Foto: Marcelo Ochoa)<\/span><\/div>\n<p><h2><strong>El cronograma de toda la actividad del TC en Viedma<\/strong><\/h2>\n<\/p>\n<p><h3><strong>S\u00e1bado 15<\/strong><\/h3>\n<\/p>\n<div class=\"custom-text \">\n<ul>\n<li>8.50 a 9.05 \u2013 Primera pr\u00e1ctica (Grupo A)<\/li>\n<li>9.10 a 9.25 \u2013 Primera pr\u00e1ctica (Grupo B)<\/li>\n<li>11.05 a 11.25 \u2013 Segunda pr\u00e1ctica (Grupo A)<\/li>\n<li>\ufeff11.30 a 11.50 \u2013 Segunda pr\u00e1ctica (Grupo B)<\/li>\n<li>13.20 a 13.50 \u2013 Tercera pr\u00e1ctica (Grupo A)<\/li>\n<li>13.55 a 14.25 \u2013 Tercera pr\u00e1ctica (Grupo B)<\/li>\n<li>16.00 a 16.50 \u2013 Clasificaci\u00f3n<\/li>\n<\/ul>\n<\/div>\n<p><h3><strong>Domingo 16<\/strong><\/h3>\n<\/p>\n<div class=\"custom-text \">\n<ul>\n<li>10.05 a 10.15 \u2013 1\u00aa Serie (5 vueltas)<\/li>\n<li>10.30 a 10.40 \u2013 2\u00aa Serie (5 vueltas)<\/li>\n<li>10.55 a 11.05 \u2013 3\u00aa Serie (5 vueltas)<\/li>\n<li>13.25 a 14.15 \u2013 Final TC (20 vueltas o 40 minutos)<\/li>\n<\/ul>\n<\/div>\n<p><h2><strong>\u00bfQui\u00e9n fue el \u00faltimo ganador en Viedma?<\/strong><\/h2>\n<\/p>\n<div class=\"custom-text \" readability=\"42\">\n<p>La \u00faltima vez en la que la M\u00e1xima desembarc\u00f3 en el circuito de R\u00edo Negro, <strong>Juli\u00e1n Santero<\/strong>, quien tiempo despu\u00e9s ser\u00eda el <strong>campe\u00f3n de la categor\u00eda<\/strong>, fue el primero en ver la bandera a cuadros. De esta manera, el mendocino le entregar\u00eda a <strong>Ford<\/strong>, la marca m\u00e1s ganadora en esta pista, una victoria m\u00e1s: <strong>son cuatro de forma consecutiva<\/strong>, tras una racha que comenz\u00f3 con Mariano Werner en 2021.<\/p>\n<\/div>\n<div class=\"sc-e7b891c4-0 ifHnQL image-embed\"><img alt=\"El mendocino Juli\u00e1n Santero ir\u00e1 en busca de defender el t\u00edtulo que logr\u00f3 el a\u00f1o pasado. (Foto: Maxi Failla - FTP)\" loading=\"lazy\" width=\"720\" height=\"100\" decoding=\"async\" data-nimg=\"1\" src=\"http:\/\/cordobadirecto.com\/wp-content\/uploads\/2025\/02\/tc-en-viedma-a-que-hora-es-y-donde-ver-por-tv-la-primera-fecha-del-turismo-carretera-1.jpg\"><span class=\"epigraphe\">El mendocino Juli\u00e1n Santero ir\u00e1 en busca de defender el t\u00edtulo que logr\u00f3 el a\u00f1o pasado. (Foto: Maxi Failla &#8211; FTP)<\/span><\/div>\n<div class=\"sc-a7166897-0 eoLsBE\" readability=\"6\">\n<section readability=\"2\"><picture><img alt=\"Colapinto toma nota: Doohan fue el mejor en los test de Jerez de la Frontera\" loading=\"lazy\" width=\"290\" height=\"290\" decoding=\"async\" data-nimg=\"1\" src=\"http:\/\/cordobadirecto.com\/wp-content\/uploads\/2025\/02\/tc-en-viedma-a-que-hora-es-y-donde-ver-por-tv-la-primera-fecha-del-turismo-carretera-2.jpg\"><\/picture>\n<p><span>Mir\u00e1 tambi\u00e9n<\/span><\/p>\n<hr>\n<h3>Colapinto toma nota: Doohan fue el mejor en los test de Jerez de la Frontera<\/h3>\n<\/p>\n<\/section>\n<\/div>\n<div class=\"sc-a7166897-0 eoLsBE\" readability=\"6\">\n<section readability=\"2\"><picture><img alt=\"F\u00f3rmula 1 picante: Norris promete &quot;mostrarle los dientes&quot; a Verstappen\" loading=\"lazy\" width=\"290\" height=\"290\" decoding=\"async\" data-nimg=\"1\" src=\"http:\/\/cordobadirecto.com\/wp-content\/uploads\/2025\/02\/tc-en-viedma-a-que-hora-es-y-donde-ver-por-tv-la-primera-fecha-del-turismo-carretera-3.jpg\"><\/picture>\n<p><span>Mir\u00e1 tambi\u00e9n<\/span><\/p>\n<hr>\n<h3>F\u00f3rmula 1 picante: Norris promete &#8220;mostrarle los dientes&#8221; a Verstappen<\/h3>\n<\/p>\n<\/section>\n<\/div>\n<div class=\"sc-a7166897-0 eoLsBE\" readability=\"6\">\n<section readability=\"2\"><picture><img alt=\"Las frases amorosas de Franco Colapinto a Alpine en San Valent\u00edn\" loading=\"lazy\" width=\"290\" height=\"290\" decoding=\"async\" data-nimg=\"1\" src=\"http:\/\/cordobadirecto.com\/wp-content\/uploads\/2025\/02\/tc-en-viedma-a-que-hora-es-y-donde-ver-por-tv-la-primera-fecha-del-turismo-carretera-4.jpg\"><\/picture>\n<p><span>Mir\u00e1 tambi\u00e9n<\/span><\/p>\n<hr>\n<h3>Las frases amorosas de Franco Colapinto a Alpine en San Valent\u00edn<\/h3>\n<\/p>\n<\/section>\n<\/div>\n<\/div>\n","protected":false},"excerpt":{"rendered":"<p>14\/02\/2025 18:02hs. Para cortar con el silencio del verano, los motores volver\u00e1n a rugir nuevamente. Este fin de semana, en Viedma, se pondr\u00e1 en marcha el 82\u00b0 campeonato de Turismo Carretera. Despu\u00e9s de un 2024 vibrante, que no se resolvi\u00f3 hasta la \u00faltima fecha (el campe\u00f3n fue Juli\u00e1n Santero) y cont\u00f3 con la incursi\u00f3n de [&hellip;]<\/p>\n","protected":false},"author":1,"featured_media":162190,"comment_status":"closed","ping_status":"closed","sticky":false,"template":"","format":"standard","meta":[],"categories":[21],"tags":[],"_links":{"self":[{"href":"http:\/\/cordobadirecto.com\/index.php\/wp-json\/wp\/v2\/posts\/162189"}],"collection":[{"href":"http:\/\/cordobadirecto.com\/index.php\/wp-json\/wp\/v2\/posts"}],"about":[{"href":"http:\/\/cordobadirecto.com\/index.php\/wp-json\/wp\/v2\/types\/post"}],"author":[{"embeddable":true,"href":"http:\/\/cordobadirecto.com\/index.php\/wp-json\/wp\/v2\/users\/1"}],"replies":[{"embeddable":true,"href":"http:\/\/cordobadirecto.com\/index.php\/wp-json\/wp\/v2\/comments?post=162189"}],"version-history":[{"count":0,"href":"http:\/\/cordobadirecto.com\/index.php\/wp-json\/wp\/v2\/posts\/162189\/revisions"}],"wp:featuredmedia":[{"embeddable":true,"href":"http:\/\/cordobadirecto.com\/index.php\/wp-json\/wp\/v2\/media\/162190"}],"wp:attachment":[{"href":"http:\/\/cordobadirecto.com\/index.php\/wp-json\/wp\/v2\/media?parent=162189"}],"wp:term":[{"taxonomy":"category","embeddable":true,"href":"http:\/\/cordobadirecto.com\/index.php\/wp-json\/wp\/v2\/categories?post=162189"},{"taxonomy":"post_tag","embeddable":true,"href":"http:\/\/cordobadirecto.com\/index.php\/wp-json\/wp\/v2\/tags?post=162189"}],"curies":[{"name":"wp","href":"https:\/\/api.w.org\/{rel}","templated":true}]}}