{"id":162207,"date":"2025-02-16T04:14:18","date_gmt":"2025-02-16T04:14:18","guid":{"rendered":"https:\/\/puntoapunto.com.ar\/?p=370121"},"modified":"2025-02-16T04:14:18","modified_gmt":"2025-02-16T04:14:18","slug":"renault-apuesta-por-argentina-nuevos-modelos-y-una-estrategia-de-electrificacion","status":"publish","type":"post","link":"http:\/\/cordobadirecto.com\/index.php\/2025\/02\/16\/renault-apuesta-por-argentina-nuevos-modelos-y-una-estrategia-de-electrificacion\/","title":{"rendered":"Renault apuesta por Argentina: nuevos modelos y una estrategia de electrificaci\u00f3n"},"content":{"rendered":"<p data-pm-slice=\"1 1 []\">La automotriz francesa Renault reafirma su compromiso con el mercado argentino con la llegada de nuevos modelos y una estrategia que prioriza la electrificaci\u00f3n y el reposicionamiento de la marca en la regi\u00f3n. As\u00ed lo confirm\u00f3 <strong>Arnaud Belloni, VP de Marketing Global de Renault Group,<\/strong> tras su reciente visita al pa\u00eds, donde analiz\u00f3 los avances de la estrategia global <strong>\u00abRenaulution\u00bb y sus implicancias en el mercado local.<\/strong><!-- \u00a1O bien no hay banners, estan desactivados o no estan programados para esta ubicaci\u00f3n! -->\n<\/p>\n<p><strong>Un nuevo enfoque para Renault en Argentina<\/strong>\n<\/p>\n<p>La estrategia \u00abRenaulution\u00bb, lanzada hace cuatro a\u00f1os, busca redefinir la identidad de Renault, apostando a <strong>segmentos de mayor valor y a la transformaci\u00f3n tecnol\u00f3gica.<\/strong> \u00abPasamos del segmento A y B al C, D y E, priorizando el valor sobre el volumen\u00bb, explic\u00f3 Belloni. En ese marco, la marca est\u00e1 consolidando su presencia en los segmentos m\u00e1s altos con modelos como el Arkana, Megane, Austral y Koleos.\n<\/p>\n<p>Para <strong>Argentina, <a href=\"https:\/\/puntoapunto.com.ar\/el-rol-clave-de-renault-para-impulsar-a-cordoba-como-centro-logistico-internacional\/\">Renault<\/a> apuesta a la electrificaci\u00f3n con su tecnolog\u00eda \u00ab<a href=\"https:\/\/www.renault.com.ar\/universo-e-tech.html\">E-Tech<\/a>\u00ab<\/strong>, que incluye modelos Full Hybrid y 100% el\u00e9ctricos. \u00abEl Full Hybrid no necesita enchufarse y permite una autonom\u00eda extendida de hasta 1.100 km\u00bb, se\u00f1al\u00f3 Belloni. En los pr\u00f3ximos meses, la oferta electrificada crecer\u00e1 con la llegada del Megane E-Tech 100% el\u00e9ctrico y otros modelos h\u00edbridos.\n<\/p>\n<p><strong>El desembarco del Arkana y el crecimiento en el pa\u00eds<\/strong><!-- \u00a1O bien no hay banners, estan desactivados o no estan programados para esta ubicaci\u00f3n! -->\n<\/p>\n<p>Uno de los anuncios m\u00e1s destacados para el mercado argentino es la llegada del Renault Arkana en 2025, un SUV que ha tenido gran \u00e9xito en Europa y Corea. \u00abCreemos que el Arkana tiene el potencial de triunfar en Argentina\u00bb, afirm\u00f3 Belloni. Adem\u00e1s, <strong>Renault planea reforzar su oferta con la nueva Koleos, un SUV de alta gama que marcar\u00e1 un hito en la presencia de la marca en el segmento premium.<\/strong><\/p>\n<p>Por otro lado, la automotriz est\u00e1 innovando en su modelo de ventas con la apertura de tiendas \u00abrnlt\u00bb en Argentina, con un primer local inaugurado en Mendoza. \u00abSon espacios modernos, ubicados en shoppings o zonas urbanas estrat\u00e9gicas, donde los clientes pueden experimentar la marca de una forma distinta\u00bb, detall\u00f3 el ejecutivo.\n<\/p>\n<p><strong>Un mercado con alto potencial<\/strong>\n<\/p>\n<p>Seg\u00fan Belloni, <strong>Argentina es un mercado clave para Renault debido a la pasi\u00f3n de los consumidores por los autos y la tecnolog\u00eda.<\/strong> \u00abEl p\u00fablico argentino busca veh\u00edculos con alto contenido tecnol\u00f3gico y significado. Por eso, estamos trayendo modelos con un valor agregado, tanto en tecnolog\u00eda como en dise\u00f1o\u00bb, sostuvo.\n<\/p>\n<p><strong>La llegada de Franco Colapinto a Alpine F1 tambi\u00e9n refuerza la conexi\u00f3n entre Renault y el p\u00fablico argentino.<\/strong> \u00abSu alianza con Renault generar\u00e1 un impacto emocional enorme\u00bb, destac\u00f3 Belloni.\n<\/p>\n<div class=\"g g-38\">\n<div class=\"g-dyn a-12 c-1\"><a class=\"gofollow\" data-track=\"MTIsMzgsMSw2MA==\" href=\"https:\/\/hospitalprivado.com.ar\/blog\/institucional\/somos-la-primera-institucion-del-interior-del-pais-en-acreditar-joint-commission-international.html\" target=\"_blank\" rel=\"noopener\"><img src=\"http:\/\/cordobadirecto.com\/wp-content\/uploads\/2025\/02\/renault-apuesta-por-argentina-nuevos-modelos-y-una-estrategia-de-electrificacion.gif\" loading=\"lazy\"><\/a><\/div>\n<\/div>\n","protected":false},"excerpt":{"rendered":"<p>La automotriz francesa Renault reafirma su compromiso con el mercado argentino con la llegada de nuevos modelos y una estrategia que prioriza la electrificaci\u00f3n y el reposicionamiento de la marca en la regi\u00f3n. As\u00ed lo confirm\u00f3 Arnaud Belloni, VP de Marketing Global de Renault Group, tras su reciente visita al pa\u00eds, donde analiz\u00f3 los avances [&hellip;]<\/p>\n","protected":false},"author":1,"featured_media":162208,"comment_status":"closed","ping_status":"closed","sticky":false,"template":"","format":"standard","meta":[],"categories":[25],"tags":[],"_links":{"self":[{"href":"http:\/\/cordobadirecto.com\/index.php\/wp-json\/wp\/v2\/posts\/162207"}],"collection":[{"href":"http:\/\/cordobadirecto.com\/index.php\/wp-json\/wp\/v2\/posts"}],"about":[{"href":"http:\/\/cordobadirecto.com\/index.php\/wp-json\/wp\/v2\/types\/post"}],"author":[{"embeddable":true,"href":"http:\/\/cordobadirecto.com\/index.php\/wp-json\/wp\/v2\/users\/1"}],"replies":[{"embeddable":true,"href":"http:\/\/cordobadirecto.com\/index.php\/wp-json\/wp\/v2\/comments?post=162207"}],"version-history":[{"count":0,"href":"http:\/\/cordobadirecto.com\/index.php\/wp-json\/wp\/v2\/posts\/162207\/revisions"}],"wp:featuredmedia":[{"embeddable":true,"href":"http:\/\/cordobadirecto.com\/index.php\/wp-json\/wp\/v2\/media\/162208"}],"wp:attachment":[{"href":"http:\/\/cordobadirecto.com\/index.php\/wp-json\/wp\/v2\/media?parent=162207"}],"wp:term":[{"taxonomy":"category","embeddable":true,"href":"http:\/\/cordobadirecto.com\/index.php\/wp-json\/wp\/v2\/categories?post=162207"},{"taxonomy":"post_tag","embeddable":true,"href":"http:\/\/cordobadirecto.com\/index.php\/wp-json\/wp\/v2\/tags?post=162207"}],"curies":[{"name":"wp","href":"https:\/\/api.w.org\/{rel}","templated":true}]}}