{"id":162225,"date":"2025-02-15T20:23:00","date_gmt":"2025-02-15T20:23:00","guid":{"rendered":"https:\/\/www.ole.com.ar\/autos\/volvio-rey-agustin-canapino-hizo-pole-position-tc-turismo-carretera-viedma-papa-alberto_0_s47gNaFSWO.html"},"modified":"2025-02-15T20:23:00","modified_gmt":"2025-02-15T20:23:00","slug":"volvio-el-rey-canapino-hizo-la-primera-pole-del-ano-en-el-tc-en-viedma","status":"publish","type":"post","link":"http:\/\/cordobadirecto.com\/index.php\/2025\/02\/15\/volvio-el-rey-canapino-hizo-la-primera-pole-del-ano-en-el-tc-en-viedma\/","title":{"rendered":"Volvi\u00f3 el rey: Canapino hizo la primera pole del a\u00f1o en el TC en Viedma"},"content":{"rendered":"<p><time class=\"createDate\" datetime=\"2025-02-15T17:23:00-03:00\">15\/02\/2025 17:23hs.<\/time><\/p>\n<div id=\"storyBody\">\n<div class=\"custom-text \" readability=\"44\">\n<p>\u00bfQu\u00e9 pas\u00f3 que <strong>Agust\u00edn Canapino<\/strong>, tetracampe\u00f3n de Turismo Carretera, no dio batalla en la temporada 2024? Es simple: no estuvo presente, ya que se aboc\u00f3 al IndyCar, pero en las \u00faltimas carreras del a\u00f1o regres\u00f3 para demostrar que sigue siendo la figura descollante que vinieron a buscar desde tierras yanquis. Si hab\u00eda alguna duda, el Tit\u00e1n la disip\u00f3 en la primera fecha del 2025, en Viedma, <strong>dado que se qued\u00f3 con la pole position<\/strong>. Encima, en un d\u00eda m\u00e1s que especial para \u00e9l, a cuatro a\u00f1os exactos del fallecimiento de su pap\u00e1.<\/p>\n<\/div>\n<div class=\"custom-text \" readability=\"41\">\n<p>La temporada pasada tuvo dos Ford Mustang en rendimientos extraordinarios, los de Juli\u00e1n Santero (el campe\u00f3n) y Mariano Werner.<strong> Para cortar la hegemon\u00eda del \u00d3valo, el Chivo necesitaba que su \u00eddolo se hiciera presente<\/strong>. Canapa, quien ya cruz\u00f3 la barrera de las marcas pero sigue teniendo su corazoncito en La 15, respondi\u00f3: firm\u00f3 un cron\u00f3metro de <strong>1m28s453<\/strong> que pulveriz\u00f3 los tiempos de Marianito (1m28s567); Jonatan Castellano, quien col\u00f3 su Dodge entre varios Ford (1m28s753), y Santero (1m28s841).<\/p>\n<\/div>\n<div class=\"custom-text \" readability=\"46\">\n<p>&#8220;Esta pole position va en memoria de mi viejo, es un d\u00eda muy especial. <strong>El debut de Mati (su hermano) en TC<\/strong> y que estemos los dos juntos, el aniversario, hacer la temporada completa despu\u00e9s de dos a\u00f1os afuera&#8230; demasiadas casualidades. <strong>Va en memoria de mi viejo, por supuesto, lo de hoy es para \u00e9l<\/strong>. Tambi\u00e9n le agradezco a mi equipo, no ando solo&#8221;, expres\u00f3 el Tit\u00e1n en la transmisi\u00f3n oficial. Aunque trat\u00f3, no logr\u00f3 impedir que cayera alguna l\u00e1grima en honor a Alberto, excepcional preparador y, para \u00e9l, much\u00edsimo m\u00e1s.<\/p>\n<\/div>\n<div class=\"sc-e7b891c4-0 ifHnQL image-embed\"><img alt=\"Agust\u00edn Canapino volvi\u00f3 por el pentacampeonato. (Fernando de la Orden)\" loading=\"lazy\" width=\"720\" height=\"100\" decoding=\"async\" data-nimg=\"1\" src=\"http:\/\/cordobadirecto.com\/wp-content\/uploads\/2025\/02\/volvio-el-rey-canapino-hizo-la-primera-pole-del-ano-en-el-tc-en-viedma.jpg\"><span class=\"epigraphe\">Agust\u00edn Canapino volvi\u00f3 por el pentacampeonato. (Fernando de la Orden)<\/span><\/div>\n<div class=\"custom-text \" readability=\"43\">\n<p>Otro que sorprendi\u00f3 a los fan\u00e1ticos del TC fue <strong>Mat\u00edas Rossi<\/strong>, alguna vez querido en Chevrolet, devenido en figura de Ford y, actualmente, compitiendo para Toyota despu\u00e9s de alg\u00fan tiempo alejado de la categor\u00eda. &#8220;<strong>Estoy contento, siempre es dif\u00edcil estar dentro de los 10<\/strong>. Tratamos de evolucionar un poquito el Toyota, tenemos una buena base para ma\u00f1ana y el objetivo ser\u00e1 terminar la carrera y sumar puntos&#8221;, expuso el Misil, <strong>que finaliz\u00f3 8\u00b0 y largar\u00e1 3\u00b0 en una de las bater\u00edas.<\/strong><\/p>\n<\/div>\n<div class=\"sc-e7b891c4-0 ifHnQL image-embed\"><img alt=\"El parque del Turismo Carretera en la primera fecha en Viedma. (Prensa TC\/ACTC)\" loading=\"lazy\" width=\"720\" height=\"100\" decoding=\"async\" data-nimg=\"1\" src=\"http:\/\/cordobadirecto.com\/wp-content\/uploads\/2025\/02\/volvio-el-rey-canapino-hizo-la-primera-pole-del-ano-en-el-tc-en-viedma-1.jpg\"><span class=\"epigraphe\">El parque del Turismo Carretera en la primera fecha en Viedma. (Prensa TC\/ACTC)<\/span><\/div>\n<p><h2><strong>Los horarios del TC en Viedma y d\u00f3nde ver<\/strong><\/h2>\n<\/p>\n<div class=\"custom-text \" readability=\"36\">\n<p>Este domingo se correr\u00e1n las tres series del TC, cuyo arranque est\u00e1 pactado para las 10 y su finalizaci\u00f3n para las 11. <strong>En tanto, la carrera final arrancar\u00e1 a las 13.30.<\/strong> Toda la actividad dominical ser\u00e1 transmitida por las pantallas de TV P\u00fablica y Motorplay.<\/p>\n<\/div>\n<p><h2><strong>El cronograma de actividad del TC en Viedma<\/strong><\/h2>\n<\/p>\n<div class=\"custom-text \">\n<ul>\n<li>10.05 a 10.15 \u2013 1\u00aa Serie (5 vueltas)<\/li>\n<li>10.30 a 10.40 \u2013 2\u00aa Serie (5 vueltas)<\/li>\n<li>10.55 a 11.05 \u2013 3\u00aa Serie (5 vueltas)<\/li>\n<li>13.25 a 14.15 \u2013 Final TC (20 vueltas o 40 minutos)<\/li>\n<\/ul>\n<\/div>\n<div class=\"sc-a7166897-0 eoLsBE\" readability=\"6\">\n<section readability=\"2\"><picture><img alt=\"Alpine revel\u00f3 el uniforme que usar\u00e1 Franco Colapinto en 2025\" loading=\"lazy\" width=\"290\" height=\"290\" decoding=\"async\" data-nimg=\"1\" src=\"http:\/\/cordobadirecto.com\/wp-content\/uploads\/2025\/02\/volvio-el-rey-canapino-hizo-la-primera-pole-del-ano-en-el-tc-en-viedma-2.jpg\"><\/picture>\n<p><span>Mir\u00e1 tambi\u00e9n<\/span><\/p>\n<hr>\n<h3>Alpine revel\u00f3 el uniforme que usar\u00e1 Franco Colapinto en 2025<\/h3>\n<\/p>\n<\/section>\n<\/div>\n<div class=\"sc-a7166897-0 eoLsBE\" readability=\"6.5\">\n<section readability=\"3\"><picture><img alt=\"TC en Viedma: a qu\u00e9 hora es y d\u00f3nde ver por TV la primera fecha del Turismo Carretera\" loading=\"lazy\" width=\"290\" height=\"290\" decoding=\"async\" data-nimg=\"1\" src=\"http:\/\/cordobadirecto.com\/wp-content\/uploads\/2025\/02\/volvio-el-rey-canapino-hizo-la-primera-pole-del-ano-en-el-tc-en-viedma-3.jpg\"><\/picture>\n<p><span>Mir\u00e1 tambi\u00e9n<\/span><\/p>\n<hr>\n<h3>TC en Viedma: a qu\u00e9 hora es y d\u00f3nde ver por TV la primera fecha del Turismo Carretera<\/h3>\n<\/p>\n<\/section>\n<\/div>\n<div class=\"sc-a7166897-0 eoLsBE\" readability=\"6\">\n<section readability=\"2\"><picture><img alt=\"Franco Colapinto: foto con Flavio Briatore y una sorpresa para los fans\" loading=\"lazy\" width=\"290\" height=\"290\" decoding=\"async\" data-nimg=\"1\" src=\"http:\/\/cordobadirecto.com\/wp-content\/uploads\/2025\/02\/volvio-el-rey-canapino-hizo-la-primera-pole-del-ano-en-el-tc-en-viedma-4.jpg\"><\/picture>\n<p><span>Mir\u00e1 tambi\u00e9n<\/span><\/p>\n<hr>\n<h3>Franco Colapinto: foto con Flavio Briatore y una sorpresa para los fans<\/h3>\n<\/p>\n<\/section>\n<\/div>\n<div class=\"sc-a7166897-0 eoLsBE\" readability=\"6\">\n<section readability=\"2\"><picture><img alt=\"Las frases amorosas de Franco Colapinto a Alpine en San Valent\u00edn\" loading=\"lazy\" width=\"290\" height=\"290\" decoding=\"async\" data-nimg=\"1\" src=\"http:\/\/cordobadirecto.com\/wp-content\/uploads\/2025\/02\/volvio-el-rey-canapino-hizo-la-primera-pole-del-ano-en-el-tc-en-viedma-5.jpg\"><\/picture>\n<p><span>Mir\u00e1 tambi\u00e9n<\/span><\/p>\n<hr>\n<h3>Las frases amorosas de Franco Colapinto a Alpine en San Valent\u00edn<\/h3>\n<\/p>\n<\/section>\n<\/div>\n<\/div>\n","protected":false},"excerpt":{"rendered":"<p>15\/02\/2025 17:23hs. \u00bfQu\u00e9 pas\u00f3 que Agust\u00edn Canapino, tetracampe\u00f3n de Turismo Carretera, no dio batalla en la temporada 2024? Es simple: no estuvo presente, ya que se aboc\u00f3 al IndyCar, pero en las \u00faltimas carreras del a\u00f1o regres\u00f3 para demostrar que sigue siendo la figura descollante que vinieron a buscar desde tierras yanquis. Si hab\u00eda alguna [&hellip;]<\/p>\n","protected":false},"author":1,"featured_media":162226,"comment_status":"closed","ping_status":"closed","sticky":false,"template":"","format":"standard","meta":[],"categories":[21],"tags":[],"_links":{"self":[{"href":"http:\/\/cordobadirecto.com\/index.php\/wp-json\/wp\/v2\/posts\/162225"}],"collection":[{"href":"http:\/\/cordobadirecto.com\/index.php\/wp-json\/wp\/v2\/posts"}],"about":[{"href":"http:\/\/cordobadirecto.com\/index.php\/wp-json\/wp\/v2\/types\/post"}],"author":[{"embeddable":true,"href":"http:\/\/cordobadirecto.com\/index.php\/wp-json\/wp\/v2\/users\/1"}],"replies":[{"embeddable":true,"href":"http:\/\/cordobadirecto.com\/index.php\/wp-json\/wp\/v2\/comments?post=162225"}],"version-history":[{"count":0,"href":"http:\/\/cordobadirecto.com\/index.php\/wp-json\/wp\/v2\/posts\/162225\/revisions"}],"wp:featuredmedia":[{"embeddable":true,"href":"http:\/\/cordobadirecto.com\/index.php\/wp-json\/wp\/v2\/media\/162226"}],"wp:attachment":[{"href":"http:\/\/cordobadirecto.com\/index.php\/wp-json\/wp\/v2\/media?parent=162225"}],"wp:term":[{"taxonomy":"category","embeddable":true,"href":"http:\/\/cordobadirecto.com\/index.php\/wp-json\/wp\/v2\/categories?post=162225"},{"taxonomy":"post_tag","embeddable":true,"href":"http:\/\/cordobadirecto.com\/index.php\/wp-json\/wp\/v2\/tags?post=162225"}],"curies":[{"name":"wp","href":"https:\/\/api.w.org\/{rel}","templated":true}]}}