{"id":162227,"date":"2025-02-15T19:45:21","date_gmt":"2025-02-15T19:45:21","guid":{"rendered":"https:\/\/www.ole.com.ar\/autos\/alpine-revelo-uniforme-usara-franco-colapinto-2025-formula-1-f1_0_7Leyu8Z8qz.html"},"modified":"2025-02-15T19:45:21","modified_gmt":"2025-02-15T19:45:21","slug":"alpine-revelo-el-uniforme-que-usara-franco-colapinto-en-2025","status":"publish","type":"post","link":"http:\/\/cordobadirecto.com\/index.php\/2025\/02\/15\/alpine-revelo-el-uniforme-que-usara-franco-colapinto-en-2025\/","title":{"rendered":"Alpine revel\u00f3 el uniforme que usar\u00e1 Franco Colapinto en 2025"},"content":{"rendered":"<p><time class=\"createDate\" datetime=\"2025-02-15T16:45:21-03:00\">15\/02\/2025 16:45hs.<\/time><\/p>\n<div id=\"storyBody\">\n<div class=\"custom-text \" readability=\"42\">\n<p>A casi un mes del inicio de la F\u00f3rmula 1, ya que el 16 de marzo se acelerar\u00e1 por primera vez en la temporada en Australia,<strong> la Colapintoman\u00eda se acrecienta<\/strong>. Es cierto que Franco Colapinto, el responsable de que los argentinos se volvieran a ilusionar con la M\u00e1xima, no comenzar\u00e1 el a\u00f1o arriba del <strong>Alpine A525<\/strong>, pero estar\u00e1 presionando para quedarse con una butaca. Mientras tanto, no pudiendo estar en la pista como piloto titular, seguir\u00e1 haciendo pruebas y las efectuar\u00e1 con su nuevo s\u00faper traje: <strong>la escuder\u00eda francesa revel\u00f3 el buzo antiflama que lucir\u00e1 a lo largo del 2025.<\/strong><\/p>\n<\/div>\n<div class=\"custom-text \" readability=\"40\">\n<p><strong>Con Pierre Gasly y Jack Doohan como modelos<\/strong>, ya que son los que arrancar\u00e1n la temporada (el segundo deber\u00e1 romperla para evitar que Colapinto le sople el puesto), Alpine dio a conocer c\u00f3mo ser\u00e1n los uniformes de sus pilotos. En 2024, el estilo era m\u00e1s xeneize, con una franja rosa que cortaba un traje totalmente negro. <strong>Este a\u00f1o, el rosa -producto del patrocinio de BWT- tom\u00f3 un protagonismo mayor.<\/strong><\/p>\n<\/div>\n<div class=\"sc-e7b891c4-0 ifHnQL image-embed\"><img alt=\"As\u00ed era el uniforme de Alpine en 2024. (AP Photo\/ Darko Bandic, Pool)\" loading=\"lazy\" width=\"720\" height=\"100\" decoding=\"async\" data-nimg=\"1\" src=\"http:\/\/cordobadirecto.com\/wp-content\/uploads\/2025\/02\/alpine-revelo-el-uniforme-que-usara-franco-colapinto-en-2025.jpg\"><span class=\"epigraphe\">As\u00ed era el uniforme de Alpine en 2024. (AP Photo\/ Darko Bandic, Pool)<\/span><\/div>\n<div class=\"custom-text \" readability=\"39\">\n<p><strong>Todo el torso ser\u00e1 rosado, mientras que las mangas y la zona del pantal\u00f3n ser\u00e1n negras<\/strong>. Adem\u00e1s, un peque\u00f1o detalle que diferenciar\u00e1 a cada piloto: debajo del cintur\u00f3n figurar\u00e1n las siglas de los corredores con el n\u00famero que los identifica, como se ve en el buzo de Gasly (PG10). <strong>En el caso de Franco, lo que tendr\u00e1 es un FC43. <\/strong><\/p>\n<\/div>\n<p><h2><strong>As\u00ed ser\u00e1 el uniforme que lucir\u00e1 Colapinto en 2025<\/strong><\/h2>\n<\/p>\n<div class=\"sc-e7b891c4-0 ifHnQL image-embed\"><img alt=\"Pierre Gasly y Jack Doohan posaron con los nuevos buzos antiflama de Alpine. (@AlpineF1Team)\" loading=\"lazy\" width=\"720\" height=\"100\" decoding=\"async\" data-nimg=\"1\" src=\"http:\/\/cordobadirecto.com\/wp-content\/uploads\/2025\/02\/alpine-revelo-el-uniforme-que-usara-franco-colapinto-en-2025-1.jpg\"><span class=\"epigraphe\">Pierre Gasly y Jack Doohan posaron con los nuevos buzos antiflama de Alpine. (@AlpineF1Team)<\/span><\/div>\n<p><h2><strong>La novedad que comunic\u00f3 Colapinto para sus fans<\/strong><\/h2>\n<\/p>\n<div class=\"custom-text \" readability=\"41\">\n<p>Hace algunos d\u00edas, Colapinto hab\u00eda cambiado su foto de perfil y publicado un video dando a entender que har\u00eda un anuncio a la brevedad. Finalmente, en sus historias de Instagram, <strong>el argentino public\u00f3 el lanzamiento de una aplicaci\u00f3n que cre\u00f3 para sus fans llamada &#8220;FC43&#8221;.<\/strong> Dentro de esta, los seguidores del piloto podr\u00e1n seguir su d\u00eda a d\u00eda en la Formula 1. Franco coment\u00f3 que la app contar\u00e1 con <strong>&#8220;videos exclusivos, contenido, muchas cosas especiales y alguna prenda tambi\u00e9n&#8221;.<\/strong><\/p>\n<\/div>\n<div class=\"sc-a7166897-0 eoLsBE\" readability=\"6\">\n<section readability=\"2\"><picture><img alt=\"Franco Colapinto: foto con Flavio Briatore y una sorpresa para los fans\" loading=\"lazy\" width=\"290\" height=\"290\" decoding=\"async\" data-nimg=\"1\" src=\"http:\/\/cordobadirecto.com\/wp-content\/uploads\/2025\/02\/alpine-revelo-el-uniforme-que-usara-franco-colapinto-en-2025-2.jpg\"><\/picture>\n<p><span>Mir\u00e1 tambi\u00e9n<\/span><\/p>\n<hr>\n<h3>Franco Colapinto: foto con Flavio Briatore y una sorpresa para los fans<\/h3>\n<\/p>\n<\/section>\n<\/div>\n<div class=\"sc-a7166897-0 eoLsBE\" readability=\"6\">\n<section readability=\"2\"><picture><img alt=\"Las frases amorosas de Franco Colapinto a Alpine en San Valent\u00edn\" loading=\"lazy\" width=\"290\" height=\"290\" decoding=\"async\" data-nimg=\"1\" src=\"http:\/\/cordobadirecto.com\/wp-content\/uploads\/2025\/02\/alpine-revelo-el-uniforme-que-usara-franco-colapinto-en-2025-3.jpg\"><\/picture>\n<p><span>Mir\u00e1 tambi\u00e9n<\/span><\/p>\n<hr>\n<h3>Las frases amorosas de Franco Colapinto a Alpine en San Valent\u00edn<\/h3>\n<\/p>\n<\/section>\n<\/div>\n<div class=\"sc-a7166897-0 eoLsBE\" readability=\"6\">\n<section readability=\"2\"><picture><img alt=\"Colapinto toma nota: Doohan fue el mejor en los test de Jerez de la Frontera\" loading=\"lazy\" width=\"290\" height=\"290\" decoding=\"async\" data-nimg=\"1\" src=\"http:\/\/cordobadirecto.com\/wp-content\/uploads\/2025\/02\/alpine-revelo-el-uniforme-que-usara-franco-colapinto-en-2025-4.jpg\"><\/picture>\n<p><span>Mir\u00e1 tambi\u00e9n<\/span><\/p>\n<hr>\n<h3>Colapinto toma nota: Doohan fue el mejor en los test de Jerez de la Frontera<\/h3>\n<\/p>\n<\/section>\n<\/div>\n<div class=\"sc-a7166897-0 eoLsBE\" readability=\"6\">\n<section readability=\"2\"><picture><img alt=\"Se confirm\u00f3 la presentaci\u00f3n de Alpine... \u00bfqu\u00e9 har\u00e1n con Colapinto? \" loading=\"lazy\" width=\"290\" height=\"290\" decoding=\"async\" data-nimg=\"1\" src=\"http:\/\/cordobadirecto.com\/wp-content\/uploads\/2025\/02\/alpine-revelo-el-uniforme-que-usara-franco-colapinto-en-2025-5.jpg\"><\/picture>\n<p><span>Mir\u00e1 tambi\u00e9n<\/span><\/p>\n<hr>\n<h3>Se confirm\u00f3 la presentaci\u00f3n de Alpine&#8230; \u00bfqu\u00e9 har\u00e1n con Colapinto? <\/h3>\n<\/p>\n<\/section>\n<\/div>\n<\/div>\n","protected":false},"excerpt":{"rendered":"<p>15\/02\/2025 16:45hs. A casi un mes del inicio de la F\u00f3rmula 1, ya que el 16 de marzo se acelerar\u00e1 por primera vez en la temporada en Australia, la Colapintoman\u00eda se acrecienta. Es cierto que Franco Colapinto, el responsable de que los argentinos se volvieran a ilusionar con la M\u00e1xima, no comenzar\u00e1 el a\u00f1o arriba [&hellip;]<\/p>\n","protected":false},"author":1,"featured_media":162228,"comment_status":"closed","ping_status":"closed","sticky":false,"template":"","format":"standard","meta":[],"categories":[21],"tags":[],"_links":{"self":[{"href":"http:\/\/cordobadirecto.com\/index.php\/wp-json\/wp\/v2\/posts\/162227"}],"collection":[{"href":"http:\/\/cordobadirecto.com\/index.php\/wp-json\/wp\/v2\/posts"}],"about":[{"href":"http:\/\/cordobadirecto.com\/index.php\/wp-json\/wp\/v2\/types\/post"}],"author":[{"embeddable":true,"href":"http:\/\/cordobadirecto.com\/index.php\/wp-json\/wp\/v2\/users\/1"}],"replies":[{"embeddable":true,"href":"http:\/\/cordobadirecto.com\/index.php\/wp-json\/wp\/v2\/comments?post=162227"}],"version-history":[{"count":0,"href":"http:\/\/cordobadirecto.com\/index.php\/wp-json\/wp\/v2\/posts\/162227\/revisions"}],"wp:featuredmedia":[{"embeddable":true,"href":"http:\/\/cordobadirecto.com\/index.php\/wp-json\/wp\/v2\/media\/162228"}],"wp:attachment":[{"href":"http:\/\/cordobadirecto.com\/index.php\/wp-json\/wp\/v2\/media?parent=162227"}],"wp:term":[{"taxonomy":"category","embeddable":true,"href":"http:\/\/cordobadirecto.com\/index.php\/wp-json\/wp\/v2\/categories?post=162227"},{"taxonomy":"post_tag","embeddable":true,"href":"http:\/\/cordobadirecto.com\/index.php\/wp-json\/wp\/v2\/tags?post=162227"}],"curies":[{"name":"wp","href":"https:\/\/api.w.org\/{rel}","templated":true}]}}