{"id":162233,"date":"2025-02-15T21:00:39","date_gmt":"2025-02-15T21:00:39","guid":{"rendered":"https:\/\/cordoba.gob.ar\/?p=74144"},"modified":"2025-02-15T21:00:39","modified_gmt":"2025-02-15T21:00:39","slug":"tardes-de-arte-y-danza-para-pasar-un-domingo-familiar-en-el-jardin-botanico","status":"publish","type":"post","link":"http:\/\/cordobadirecto.com\/index.php\/2025\/02\/15\/tardes-de-arte-y-danza-para-pasar-un-domingo-familiar-en-el-jardin-botanico\/","title":{"rendered":"Tardes de arte y danza para pasar un domingo familiar en el Jard\u00edn Bot\u00e1nico"},"content":{"rendered":"<div><img src=\"http:\/\/cordobadirecto.com\/wp-content\/uploads\/2025\/02\/tardes-de-arte-y-danza-para-pasar-un-domingo-familiar-en-el-jardin-botanico.jpg\" class=\"ff-og-image-inserted\"><\/div>\n<ul>\n<li data-prosemirror-content-type=\"node\" data-prosemirror-node-name=\"paragraph\" data-prosemirror-node-block=\"true\"><strong><strong><span><span><span><span><span><span><span><span><span><span>Desde las 19 horas, con entrada libre y gratuita, se presentar\u00e1n distintos elencos los d\u00edas 16 y 23 de febrero.<\/span><\/span><\/span><\/span><\/span><\/span><\/span><\/span><\/span><\/span><\/strong><\/strong><br \/>\n<hr>\n<\/li>\n<\/ul>\n<p data-prosemirror-content-type=\"node\" data-prosemirror-node-name=\"paragraph\" data-prosemirror-node-block=\"true\"><span><span><span><span><span><span><span><span><span><span>Los pr\u00f3ximos domingos 16 y 23 de febrero, el Jard\u00edn Bot\u00e1nico de la Municipalidad de C\u00f3rdoba recibir\u00e1 a vecinos y vecinas de la ciudad que se quieran acercar a disfrutar de espect\u00e1culos art\u00edsticos y de danza.<\/span><\/span><\/span><\/span><\/span><\/span><\/span><\/span><\/span><\/span><\/p>\n<p data-prosemirror-content-type=\"node\" data-prosemirror-node-name=\"paragraph\" data-prosemirror-node-block=\"true\"><span><span><span><span><span><span><span><span><span><span>Se trata del ciclo \u201cRebrote de Verano\u201d, una actividad para grandes y chicos con entrada libre y gratuita.<\/span><\/span><\/span><\/span><\/span><\/span><\/span><\/span><\/span><\/span><\/p>\n<p data-prosemirror-content-type=\"node\" data-prosemirror-node-name=\"paragraph\" data-prosemirror-node-block=\"true\"><span><span><span><span><span><span><span><span><span><span>El domingo 16, se presentar\u00e1 la obra \u201cCuerpos Girosc\u00f3picos\u201d de la Compa\u00f1\u00eda Implante de danza contempor\u00e1nea, mientras que el 23 ser\u00e1 el turno de \u201cPotencia\u201d, de la Compa\u00f1\u00eda de danza contempor\u00e1nea Entrop\u00eda.<\/span><\/span><\/span><\/span><\/span><\/span><\/span><\/span><\/span><\/span><\/p>\n<p data-prosemirror-content-type=\"node\" data-prosemirror-node-name=\"paragraph\" data-prosemirror-node-block=\"true\"><span><span><span><span><span><span><span><span><span><span>Como cada visita al Jard\u00edn Bot\u00e1nico, no es necesario realizar una inscripci\u00f3n previa. Excepcionalmente, extender\u00e1 su horario para esta actividad: cualquier otro d\u00eda se puede visitar de 9 a 20 horas.<\/span><\/span><\/span><\/span><\/span><\/span><\/span><\/span><\/span><\/span><\/p>\n<p data-prosemirror-content-type=\"node\" data-prosemirror-node-name=\"paragraph\" data-prosemirror-node-block=\"true\"><span><span><span><span><span><span><span><span><span><span>Ubicado en el Polo Ambiental Rub\u00e9n Am\u00e9rico Mart\u00ed, en la zona noroeste de la ciudad, m\u00e1s precisamente en calle Francisco Yunyent 5491, se presenta como un gran pulm\u00f3n verde de la ciudad y un sitio de aprendizaje sobre la fauna y flora aut\u00f3ctona.<\/span><\/span><\/span><\/span><\/span><\/span><\/span><\/span><\/span><\/span><\/p>\n","protected":false},"excerpt":{"rendered":"<p>Desde las 19 horas, con entrada libre y gratuita, se presentar\u00e1n distintos elencos los d\u00edas 16 y 23 de febrero. Los pr\u00f3ximos domingos 16 y 23 de febrero, el Jard\u00edn Bot\u00e1nico de la Municipalidad de C\u00f3rdoba recibir\u00e1 a vecinos y vecinas de la ciudad que se quieran acercar a disfrutar de espect\u00e1culos art\u00edsticos y de [&hellip;]<\/p>\n","protected":false},"author":1,"featured_media":162234,"comment_status":"closed","ping_status":"closed","sticky":false,"template":"","format":"standard","meta":[],"categories":[44],"tags":[],"_links":{"self":[{"href":"http:\/\/cordobadirecto.com\/index.php\/wp-json\/wp\/v2\/posts\/162233"}],"collection":[{"href":"http:\/\/cordobadirecto.com\/index.php\/wp-json\/wp\/v2\/posts"}],"about":[{"href":"http:\/\/cordobadirecto.com\/index.php\/wp-json\/wp\/v2\/types\/post"}],"author":[{"embeddable":true,"href":"http:\/\/cordobadirecto.com\/index.php\/wp-json\/wp\/v2\/users\/1"}],"replies":[{"embeddable":true,"href":"http:\/\/cordobadirecto.com\/index.php\/wp-json\/wp\/v2\/comments?post=162233"}],"version-history":[{"count":0,"href":"http:\/\/cordobadirecto.com\/index.php\/wp-json\/wp\/v2\/posts\/162233\/revisions"}],"wp:featuredmedia":[{"embeddable":true,"href":"http:\/\/cordobadirecto.com\/index.php\/wp-json\/wp\/v2\/media\/162234"}],"wp:attachment":[{"href":"http:\/\/cordobadirecto.com\/index.php\/wp-json\/wp\/v2\/media?parent=162233"}],"wp:term":[{"taxonomy":"category","embeddable":true,"href":"http:\/\/cordobadirecto.com\/index.php\/wp-json\/wp\/v2\/categories?post=162233"},{"taxonomy":"post_tag","embeddable":true,"href":"http:\/\/cordobadirecto.com\/index.php\/wp-json\/wp\/v2\/tags?post=162233"}],"curies":[{"name":"wp","href":"https:\/\/api.w.org\/{rel}","templated":true}]}}