{"id":162263,"date":"2025-02-16T17:29:51","date_gmt":"2025-02-16T17:29:51","guid":{"rendered":"https:\/\/www.ole.com.ar\/autos\/turismo-carretera-jonatan-castellano-gano-viedma_0_skrPMZqIJn.html"},"modified":"2025-02-16T17:29:51","modified_gmt":"2025-02-16T17:29:51","slug":"tc-castellano-pincho-en-viedma-y-se-quedo-con-la-primera-carrera-del-ano","status":"publish","type":"post","link":"http:\/\/cordobadirecto.com\/index.php\/2025\/02\/16\/tc-castellano-pincho-en-viedma-y-se-quedo-con-la-primera-carrera-del-ano\/","title":{"rendered":"TC: Castellano pinch\u00f3 en Viedma y se qued\u00f3 con la primera carrera del a\u00f1o"},"content":{"rendered":"<p><time class=\"createDate\" datetime=\"2025-02-16T14:29:51-03:00\">16\/02\/2025 14:29hs.<\/time><\/p>\n<div id=\"storyBody\">\n<div class=\"custom-text \" readability=\"39\">\n<p>Autos de nueva generaci\u00f3n; pilotos de vieja guardia. En la 82a temporada del <strong>Turismo Carretera<\/strong>, se corri\u00f3 una carrera apasionante en el circuito rionegrino de <strong>Viedma<\/strong>. All\u00ed, donde 54 pilotos arrancaron el fin de semana con la ilusi\u00f3n del triunfo, hubo una pelea mano a mano entre <strong>Jonatan Castellano<\/strong> y <strong>Agust\u00edn Canapino<\/strong>. Y el ganador fue el Pincho de Lober\u00eda, quien se impuso luego de 25 vueltas.<\/p>\n<\/div>\n<div class=\"custom-text \" readability=\"41\">\n<p>En su 19\u00b0 a\u00f1o corriendo en la categor\u00eda reina del automovilismo nacional, Castellano cosech\u00f3 su novena victoria (la primera en cuatro a\u00f1os). Y lo hizo con un Dodge totalmente renovado: con 15 kilos m\u00e1s que el a\u00f1o anterior y unas modificaciones en la composici\u00f3n aerodin\u00e1mica, dio batalla. De hecho, aprovech\u00f3 haber largado por el sector externo de la recta principal, estir\u00f3 la frenada por afuera y super\u00f3 al Tit\u00e1n de Arrecifes en la primera vuelta. Y, desde entonces, marc\u00f3 el ritmo con el aire limpio.<\/p>\n<\/div>\n<div class=\"custom-text \" readability=\"38\">\n<p>Sin embargo, eso no quiere decir que le haya sido sencillo. Es que en el relanzamiento en el giro 11 (luego del abandono de Mat\u00edas Rossi), ambos se pusieron chapa-chapa. <strong>Pero el piloto estrella del Tomas Abdala Racing fue m\u00e1s fuerte que el ex volante de la IndyCar<\/strong>, nunca solt\u00f3 la cuerda y se mantuvo en la cima.<\/p>\n<\/div>\n<div class=\"sc-e7b891c4-0 ifHnQL image-embed\"><img alt=\"Agust\u00edn Canapino qued\u00f3 segundo en el Turismo Carretera en Viedma. (Prensa TC\/ACTC)\" loading=\"lazy\" width=\"720\" height=\"100\" decoding=\"async\" data-nimg=\"1\" src=\"http:\/\/cordobadirecto.com\/wp-content\/uploads\/2025\/02\/tc-castellano-pincho-en-viedma-y-se-quedo-con-la-primera-carrera-del-ano.jpg\"><span class=\"epigraphe\">Agust\u00edn Canapino qued\u00f3 segundo en el Turismo Carretera en Viedma. (Prensa TC\/ACTC)<\/span><\/div>\n<div class=\"custom-text \" readability=\"37\">\n<p>Y esa maniobra le permiti\u00f3 a <strong>Mariano Werner<\/strong> sumarse a la pelea. El Zorro de Paran\u00e1, que ya se hab\u00eda sacado de encima a Juli\u00e1n Santero -el campe\u00f3n en 2024-, ven\u00eda volando con r\u00e9cord a bordo de su Ford Mustang. Pero ah\u00ed lleg\u00f3 el problema: sufri\u00f3 una rotura en la caja y se vio obligado a estacionarse en los boxes.<\/p>\n<\/div>\n<div class=\"custom-text \" readability=\"41\">\n<p>Desde entonces, la lucha fue solo de dos, ya que el pelot\u00f3n los segu\u00eda bien de lejos, a m\u00e1s de 8 segundos. Y Castellano siempre banc\u00f3 la parada: domin\u00f3 en los sectores medios (especialmente en las curvas de media velocidad) y recuper\u00f3 la diferencia perdida en el principio y el final, donde hab\u00eda m\u00e1s rectas. Al cabo, salvo por una bloqueda sobre el cierre que asust\u00f3 a todo su equipo, complet\u00f3 una final perfecta y sum\u00f3 un \u00e9xito m\u00e1s que importante.<\/p>\n<\/div>\n<div class=\"custom-text \" readability=\"43\">\n<p>\u201cMe pas\u00f3 bien con la aceleraci\u00f3n del auto, no tuve oportunidad de defenderme. En el relanzamiento manej\u00f3 bien, me gan\u00f3 bien, me quedo con bronca, pero lo importante es que arrancamos bien. Me hubiese gustado ganar, pero no lo pude pasar. Encima el Pace Car me cort\u00f3, no hubo degradaci\u00f3n. Me voy con mezcla de sensaciones porque perd\u00ed la victoria, pero arrancamos bien el a\u00f1o\u201d, analiz\u00f3 Canapino.<\/p>\n<\/div>\n<div class=\"custom-text \" readability=\"38\">\n<p>Por su parte, el Pincho -emocionado- dijo: \u201cHicieron un trabajo fant\u00e1stico con la modificaci\u00f3n del auto. Vine con un auto firme y fue clave la largada, hice una linda maniobra en la que me favorec\u00ed con el viento. Estoy inmensamente feliz, cuesta much\u00edsimo tener un auto para ganar y despu\u00e9s de un tiempo pudimos arrancar bien\u201d.<\/p>\n<\/div>\n<div class=\"sc-a7166897-0 eoLsBE\" readability=\"6\">\n<section readability=\"2\"><picture><img alt=\"Franco Colapinto: foto con Flavio Briatore y una sorpresa para los fans\" loading=\"lazy\" width=\"290\" height=\"290\" decoding=\"async\" data-nimg=\"1\" src=\"http:\/\/cordobadirecto.com\/wp-content\/uploads\/2025\/02\/tc-castellano-pincho-en-viedma-y-se-quedo-con-la-primera-carrera-del-ano-1.jpg\"><\/picture>\n<p><span>Mir\u00e1 tambi\u00e9n<\/span><\/p>\n<hr>\n<h3>Franco Colapinto: foto con Flavio Briatore y una sorpresa para los fans<\/h3>\n<\/p>\n<\/section>\n<\/div>\n<div class=\"sc-a7166897-0 eoLsBE\" readability=\"6\">\n<section readability=\"2\"><picture><img alt=\"Colapinto toma nota: Doohan fue el mejor en los test de Jerez de la Frontera\" loading=\"lazy\" width=\"290\" height=\"290\" decoding=\"async\" data-nimg=\"1\" src=\"http:\/\/cordobadirecto.com\/wp-content\/uploads\/2025\/02\/tc-castellano-pincho-en-viedma-y-se-quedo-con-la-primera-carrera-del-ano-2.jpg\"><\/picture>\n<p><span>Mir\u00e1 tambi\u00e9n<\/span><\/p>\n<hr>\n<h3>Colapinto toma nota: Doohan fue el mejor en los test de Jerez de la Frontera<\/h3>\n<\/p>\n<\/section>\n<\/div>\n<\/div>\n","protected":false},"excerpt":{"rendered":"<p>16\/02\/2025 14:29hs. Autos de nueva generaci\u00f3n; pilotos de vieja guardia. En la 82a temporada del Turismo Carretera, se corri\u00f3 una carrera apasionante en el circuito rionegrino de Viedma. All\u00ed, donde 54 pilotos arrancaron el fin de semana con la ilusi\u00f3n del triunfo, hubo una pelea mano a mano entre Jonatan Castellano y Agust\u00edn Canapino. Y [&hellip;]<\/p>\n","protected":false},"author":1,"featured_media":162264,"comment_status":"closed","ping_status":"closed","sticky":false,"template":"","format":"standard","meta":[],"categories":[21],"tags":[],"_links":{"self":[{"href":"http:\/\/cordobadirecto.com\/index.php\/wp-json\/wp\/v2\/posts\/162263"}],"collection":[{"href":"http:\/\/cordobadirecto.com\/index.php\/wp-json\/wp\/v2\/posts"}],"about":[{"href":"http:\/\/cordobadirecto.com\/index.php\/wp-json\/wp\/v2\/types\/post"}],"author":[{"embeddable":true,"href":"http:\/\/cordobadirecto.com\/index.php\/wp-json\/wp\/v2\/users\/1"}],"replies":[{"embeddable":true,"href":"http:\/\/cordobadirecto.com\/index.php\/wp-json\/wp\/v2\/comments?post=162263"}],"version-history":[{"count":0,"href":"http:\/\/cordobadirecto.com\/index.php\/wp-json\/wp\/v2\/posts\/162263\/revisions"}],"wp:featuredmedia":[{"embeddable":true,"href":"http:\/\/cordobadirecto.com\/index.php\/wp-json\/wp\/v2\/media\/162264"}],"wp:attachment":[{"href":"http:\/\/cordobadirecto.com\/index.php\/wp-json\/wp\/v2\/media?parent=162263"}],"wp:term":[{"taxonomy":"category","embeddable":true,"href":"http:\/\/cordobadirecto.com\/index.php\/wp-json\/wp\/v2\/categories?post=162263"},{"taxonomy":"post_tag","embeddable":true,"href":"http:\/\/cordobadirecto.com\/index.php\/wp-json\/wp\/v2\/tags?post=162263"}],"curies":[{"name":"wp","href":"https:\/\/api.w.org\/{rel}","templated":true}]}}