{"id":162274,"date":"2025-02-17T17:02:30","date_gmt":"2025-02-17T17:02:30","guid":{"rendered":"https:\/\/puntoapunto.com.ar\/?p=370139"},"modified":"2025-02-17T17:02:30","modified_gmt":"2025-02-17T17:02:30","slug":"traspaso-de-fadea-a-provincia-que-falta-para-que-se-concrete-y-que-buscan-hacer-en-el-panal","status":"publish","type":"post","link":"http:\/\/cordobadirecto.com\/index.php\/2025\/02\/17\/traspaso-de-fadea-a-provincia-que-falta-para-que-se-concrete-y-que-buscan-hacer-en-el-panal\/","title":{"rendered":"Traspaso de FAdeA a Provincia: qu\u00e9 falta para que se concrete y que buscan hacer en el Panal"},"content":{"rendered":"<p>&nbsp;<!-- \u00a1O bien no hay banners, estan desactivados o no estan programados para esta ubicaci\u00f3n! -->\n<\/p>\n<p>Si se concretan algunos pendientes y se avanza en lo administrativo <strong>el traspaso de la F\u00e1brica Argentina de Aviones Brigadier San Mart\u00edn (FAdeA) ser\u00e1 una realidad.<\/strong>&nbsp;Fuentes que siguen de cerca las negociaciones entre la Naci\u00f3n, la empresa y la Provincia creen que, si se definen esos detalles que hacen al funcionamiento de la compa\u00f1\u00eda y a los tiempos propios de un proceso as\u00ed, el traspaso se concretar\u00e1.\n<\/p>\n<p>FAdeA est\u00e1 en la lista de&nbsp;<strong>empresas del Estado que la administraci\u00f3n de Milei quiere privatizar<\/strong>&nbsp;o al menos sacarlas de su \u00e1mbito de injerencia. Por tratarse de una compa\u00f1\u00eda que es un proveedor clave del Ministerio de Defensa y la Fuerza A\u00e9rea algunos funcionarios no ven con buenos ojos el traspaso de un \u201cactivo estrat\u00e9gico\u201d. No obstante,&nbsp;<strong>en Naci\u00f3n quieren avanzar con el proceso y en Provincia quieren recibirla.<\/strong>&nbsp;Cabe recordar que esta semana se comunic\u00f3 la decisi\u00f3n del cordob\u00e9s&nbsp;<strong>Fernando Sibilla de dejar la presidencia de FAdeA,<\/strong>&nbsp;en disidencia con el rumbo -o falta de rumbo- que desde el Estado nacional se le daba a la empresa.\n<\/p>\n<div id=\"sas_container_12499841\" data-eqt-ad=\"ad-12499841\">\n<div id=\"sas_videoDiv_12499841\">\n<div id=\"sas_relDiv_12499841\">\n<div id=\"sas_relDivPlayer_12499841\" class>\n<div id=\"sas_skipCountDownLabel_12499841\"><img decoding=\"async\" class=\"aligncenter wp-image-370141 size-full\" src=\"http:\/\/cordobadirecto.com\/wp-content\/uploads\/2025\/02\/traspaso-de-fadea-a-provincia-que-falta-para-que-se-concrete-y-que-buscan-hacer-en-el-panal.jpg\" alt=\"Milei\" width=\"728\" height=\"410\" srcset=\"http:\/\/cordobadirecto.com\/wp-content\/uploads\/2025\/02\/traspaso-de-fadea-a-provincia-que-falta-para-que-se-concrete-y-que-buscan-hacer-en-el-panal.jpg 728w, http:\/\/cordobadirecto.com\/wp-content\/uploads\/2025\/02\/traspaso-de-fadea-a-provincia-que-falta-para-que-se-concrete-y-que-buscan-hacer-en-el-panal-1.jpg 300w\" sizes=\"(max-width: 728px) 100vw, 728px\" loading=\"lazy\"><\/div>\n<\/div>\n<\/div>\n<\/div>\n<\/div>\n<p>Funcionarios vinculados a la compa\u00f1\u00eda creen que&nbsp;<strong>si hay un momento para activar el traspaso de Naci\u00f3n a Provincia es \u00e9ste<\/strong>. Y argumentan que lejos de la estructura que ten\u00eda en \u00e9pocas del kirchnerismo -cuando ostentaba m\u00e1s de 1600 empleados, baja productividad y gestiones investigadas- la empresa hoy est\u00e1 \u201cm\u00e1s en l\u00ednea\u201d.\n<\/p>\n<p><strong>FAdeA comenz\u00f3 al 2024 con 950 empleados y hoy cuenta con una planta de 720 trabajadores<\/strong>; los gremios acordaron firmas un nuevo convenio colectivo de trabajo que considera la productividad y tiene un d\u00e9ficit operativo que podr\u00eda considerarse manejable para las finanzas de una provincia como C\u00f3rdoba. El balance del 2024 de FAdeA a\u00fan no est\u00e1 presentado, pero estimaciones previas hablan de un rojo de US$ 10 millones. En 2023 la p\u00e9rdida hab\u00eda sido de US$17 millones.<!-- \u00a1O bien no hay banners, estan desactivados o no estan programados para esta ubicaci\u00f3n! -->\n<\/p>\n<p>\u201cLo de FAdeA est\u00e1 m\u00e1s f\u00e1cil que nunca,&nbsp;<strong>la empresa ya est\u00e1 reestructurada,<\/strong>&nbsp;tiene un nuevo convenio colectivo de trabajo, bajo 8 millones de d\u00f3lares en costos y tiene menos empleados. Hoy est\u00e1 justa la f\u00e1brica para sacarla adelante, est\u00e1 livianita. Pero tiene que hacer una decisi\u00f3n pol\u00edtica del accionista de hacerlo. Para lo que es el sector ese d\u00e9ficit es chico. Y si lo compar\u00e1s con el d\u00e9ficit que tiene la Caja de Jubilaciones de C\u00f3rdoba, que es de $20.000 millones todos los meses estos son 15 d\u00edas\u201d, explic\u00f3 un funcionario que conoce de cerca el estado de las negociaciones.<\/p>\n<h2><strong>Hombre clave<\/strong><\/h2>\n<p>Mientras las partes siguen acerc\u00e1ndose y las piezas se mueven&nbsp;<strong>es clave el trabajo que puede hacer Diego Chaher<\/strong>&nbsp;para aceitar el proceso de traspaso. Chaher es el actual responsable de la&nbsp;<strong>Secretar\u00eda de Empresas y Sociedades del Estado<\/strong>&nbsp;con la premisa b\u00e1sicamente de gestionar los procesos de privatizaci\u00f3n de empresas p\u00fablicas que operan en el \u00e1mbito de la administraci\u00f3n nacional. Entre las que se cuentan Aerol\u00edneas Argentinas, Aysa, Arsat, los ferrocarriles, las empresas de medios, etc.\n<\/p>\n<p>\u201cEn el caso de FAdeA est\u00e1 convencido de que&nbsp;<strong>el traspaso a la provincia de C\u00f3rdoba es lo m\u00e1s cercano, lo m\u00e1s f\u00e1cil de hacer y lo m\u00e1s transparente.<\/strong>&nbsp;Es m\u00e1s f\u00e1cil un traspaso de Estado a Estado que de sector p\u00fablico a privado. Y \u00e9l lo sabe y lo apoya. No es un proceso f\u00e1cil, pero lo quieren hacer\u201d, explica una fuente en FAdeA.\n<\/p>\n<h2><strong>Qu\u00e9 falta<\/strong><\/h2>\n<p>Lo que se defina a nivel Secretar\u00eda de Empresas y Sociedades del Estado va en paralelo con lo que pueda rubricar Defensa. Y es que es clave para que FAdeA se encuentre operativa y con deuda manejable para hacerla atractiva -a la Provincia o a un privado-.\n<\/p>\n<p>\u201cFalta un poco de voluntad pol\u00edtica para que avance este proceso. Y es algo que no es s\u00f3lo con FAdeA. Como no es prioridad el gobierno avanza con otra cosa.&nbsp;<strong>FAdeA lo que necesita son nuevos contratos, con nuevos contratos se activa todo.<\/strong>&nbsp;Y los negocios est\u00e1n, Hay que activar contratos con el Estado nacional, Defensa por US$30 millones. Son dos caf\u00e9s para lo que mueve esta industria\u201d, remarcan desde la empresa.\n<\/p>\n<p class=\"destacadoNota\"><a href=\"https:\/\/https\/\/www.perfil.com\/noticias\/cordoba\/ficha-limpia-lijo-y-paso-como-votaran-los-senadores-cordobeses.phtml\" target=\"_blank\" rel=\"noopener\">Ficha Limpia, Lijo y PASO: c\u00f3mo votar\u00e1n los senadores cordobeses<\/a>\n<\/p>\n<p>En la misma l\u00ednea de an\u00e1lisis se explica la importancia que tiene la Naci\u00f3n como cliente principal de la empresa: \u201cLa empresa tiene un componente de su estructura que se explica porque sostiene los sistemas a\u00e9reos, de armas, del Pampa y el H\u00e9rcules de la Fuerza A\u00e9rea Argentina.&nbsp;<strong>Si FAdeA no mantiene el Pampa, \u00bfd\u00f3nde se entrenan los pilotos para que despu\u00e9s vuelen los F16?<\/strong>&nbsp;Necesariamente tienen que pasar por el sistema Pampa y eventualmente el Pampa es el que se utiliza para hacer la custodia del escudo norte. \u00bfO d\u00f3nde se mantienen los H\u00e9rcules que se usan para ayuda humanitaria y viajes a Marambio? S\u00ed o s\u00ed la f\u00e1brica tiene que tener un componente de contratos con el Estado. Estamos a mediados de febrero y no hay contratos nuevos\u201d, grafican en la empresa.\n<\/p>\n<p>En 2024 s\u00f3lo con contratos de mantenimiento y reparaciones para EMBRAER FAdeA factur\u00f3 m\u00e1s de US$5 millones. Si esos contratos se renuevan, la proyecci\u00f3n es que ese cliente deje unos US$8 millones este a\u00f1o.\n<\/p>\n<h2><strong>Plan Panal<\/strong><\/h2>\n<p><strong>Las negociaciones entre FAdeA y El Panal ya tienen unos 6 meses&nbsp;<\/strong>y quienes las siguen insisten en que \u201cest\u00e1 todo listo\u201d. Seg\u00fan se conoce, con nuevos contratos para el Estado nacional el esquema de trabajo que piensa el gobierno de la provincia tiene algunos ejes ya definidos:&nbsp;<strong>mantener la estructura actual de profesionales, ingenieros y mec\u00e1nicos con alto nivel de formaci\u00f3n; derivar el management de la empresa a un directorio privado y profesional; no politizar la estructura de la compa\u00f1\u00eda<\/strong>; salir a buscar no s\u00f3lo nuevos negocios, sino tambi\u00e9n nuevos inversores para proyectos de largo plazo.\n<\/p>\n<p>\u201cHay voluntad de hacerlo,&nbsp;<strong>la Provincia hizo todo lo que ten\u00eda que hacer<\/strong>, la Naci\u00f3n la quiere ceder, faltan algunas cuestiones, nuevos contratos. Pero, la negociaci\u00f3n est\u00e1 casi toda cerrada. Hay que tener contratos genuinos para que no se convierta en una empresa a la que hay que fondear por que s\u00ed. Hay que tener una empresa estrat\u00e9gica porque lo necesita el pa\u00eds, salvo que no quieras tener Fuerza A\u00e9rea. Pero tambi\u00e9n tiene que ser eficiente con un modelo de negocios que no solo le venda al Estado nacional\u201d, apunta un funcionario atento al traspaso que se cocina.\n<\/p>\n<p>&nbsp;\n<\/p>\n<div class=\"g g-38\">\n<div class=\"g-dyn a-12 c-1\"><a class=\"gofollow\" data-track=\"MTIsMzgsMSw2MA==\" href=\"https:\/\/hospitalprivado.com.ar\/blog\/institucional\/somos-la-primera-institucion-del-interior-del-pais-en-acreditar-joint-commission-international.html\" target=\"_blank\" rel=\"noopener\"><img src=\"http:\/\/cordobadirecto.com\/wp-content\/uploads\/2025\/02\/traspaso-de-fadea-a-provincia-que-falta-para-que-se-concrete-y-que-buscan-hacer-en-el-panal.gif\" loading=\"lazy\"><\/a><\/div>\n<\/div>\n","protected":false},"excerpt":{"rendered":"<p>&nbsp; Si se concretan algunos pendientes y se avanza en lo administrativo el traspaso de la F\u00e1brica Argentina de Aviones Brigadier San Mart\u00edn (FAdeA) ser\u00e1 una realidad.&nbsp;Fuentes que siguen de cerca las negociaciones entre la Naci\u00f3n, la empresa y la Provincia creen que, si se definen esos detalles que hacen al funcionamiento de la compa\u00f1\u00eda [&hellip;]<\/p>\n","protected":false},"author":1,"featured_media":162275,"comment_status":"closed","ping_status":"closed","sticky":false,"template":"","format":"standard","meta":[],"categories":[23,25],"tags":[],"_links":{"self":[{"href":"http:\/\/cordobadirecto.com\/index.php\/wp-json\/wp\/v2\/posts\/162274"}],"collection":[{"href":"http:\/\/cordobadirecto.com\/index.php\/wp-json\/wp\/v2\/posts"}],"about":[{"href":"http:\/\/cordobadirecto.com\/index.php\/wp-json\/wp\/v2\/types\/post"}],"author":[{"embeddable":true,"href":"http:\/\/cordobadirecto.com\/index.php\/wp-json\/wp\/v2\/users\/1"}],"replies":[{"embeddable":true,"href":"http:\/\/cordobadirecto.com\/index.php\/wp-json\/wp\/v2\/comments?post=162274"}],"version-history":[{"count":0,"href":"http:\/\/cordobadirecto.com\/index.php\/wp-json\/wp\/v2\/posts\/162274\/revisions"}],"wp:featuredmedia":[{"embeddable":true,"href":"http:\/\/cordobadirecto.com\/index.php\/wp-json\/wp\/v2\/media\/162275"}],"wp:attachment":[{"href":"http:\/\/cordobadirecto.com\/index.php\/wp-json\/wp\/v2\/media?parent=162274"}],"wp:term":[{"taxonomy":"category","embeddable":true,"href":"http:\/\/cordobadirecto.com\/index.php\/wp-json\/wp\/v2\/categories?post=162274"},{"taxonomy":"post_tag","embeddable":true,"href":"http:\/\/cordobadirecto.com\/index.php\/wp-json\/wp\/v2\/tags?post=162274"}],"curies":[{"name":"wp","href":"https:\/\/api.w.org\/{rel}","templated":true}]}}