{"id":162278,"date":"2025-02-17T15:49:11","date_gmt":"2025-02-17T15:49:11","guid":{"rendered":"https:\/\/cordoba.gob.ar\/?p=74385"},"modified":"2025-02-17T15:49:11","modified_gmt":"2025-02-17T15:49:11","slug":"cordoba-abre-las-inscripciones-para-el-desafio-innovar-para-el-clima-2025","status":"publish","type":"post","link":"http:\/\/cordobadirecto.com\/index.php\/2025\/02\/17\/cordoba-abre-las-inscripciones-para-el-desafio-innovar-para-el-clima-2025\/","title":{"rendered":"C\u00f3rdoba abre las inscripciones para el Desaf\u00edo Innovar para el Clima 2025"},"content":{"rendered":"<div><img src=\"http:\/\/cordobadirecto.com\/wp-content\/uploads\/2025\/02\/cordoba-abre-las-inscripciones-para-el-desafio-innovar-para-el-clima-2025.jpg\" class=\"ff-og-image-inserted\"><\/div>\n<hr>\n<p data-prosemirror-content-type=\"node\" data-prosemirror-node-name=\"paragraph\" data-prosemirror-node-block=\"true\">La Municipalidad de C\u00f3rdoba y Bloomberg Philanthropies lanzaron el Desaf\u00edo Innovar por el Clima Edici\u00f3n 2025, que convoca a organizaciones y j\u00f3venes de la ciudad a postular su propuesta innovadora para combatir las problem\u00e1ticas locales que genera el Cambio Clim\u00e1tico.<\/p>\n<p data-prosemirror-content-type=\"node\" data-prosemirror-node-name=\"paragraph\" data-prosemirror-node-block=\"true\">Un jurado interdisciplinario seleccionar\u00e1 las 17 mejores soluciones que recibir\u00e1n financiamiento en formato de microsubvenciones de hasta 5000 d\u00f3lares, para la implementaci\u00f3n de sus propuestas desde mayo de 2025.<\/p>\n<p data-prosemirror-content-type=\"node\" data-prosemirror-node-name=\"paragraph\" data-prosemirror-node-block=\"true\">Este programa es posible gracias al Fondo de Acci\u00f3n Clim\u00e1tica y Juventud, promovido por Bloomberg Philanthropies, con el apoyo de CGLU \u2013 Ciudades y Gobiernos Locales Unidos \u2013 y la Universidad Johns Hopkins.<\/p>\n<p data-prosemirror-content-type=\"node\" data-prosemirror-node-name=\"paragraph\" data-prosemirror-node-block=\"true\">El Fondo seleccion\u00f3 a C\u00f3rdoba junto a otras 91 ciudades de todo el mundo para ser parte de la segunda edici\u00f3n del desaf\u00edo, luego de una exitosa primera experiencia en 2024.<\/p>\n<p data-prosemirror-content-type=\"node\" data-prosemirror-node-name=\"paragraph\" data-prosemirror-node-block=\"true\">Nuestra ciudad se destac\u00f3 por su compromiso con el ambiente, nivel de soluciones seleccionadas y por el acompa\u00f1amiento t\u00e9cnico en el proceso de implementaci\u00f3n.<\/p>\n<p data-prosemirror-content-type=\"node\" data-prosemirror-node-name=\"paragraph\" data-prosemirror-node-block=\"true\">Estas se podr\u00e1n presentar en el marco de tres ejes tem\u00e1ticos hasta el 25 de marzo. Los proyectos seleccionados se anunciar\u00e1n el 22 de abril.<\/p>\n<p data-prosemirror-content-type=\"node\" data-prosemirror-node-name=\"paragraph\" data-prosemirror-node-block=\"true\"><strong data-prosemirror-content-type=\"mark\" data-prosemirror-mark-name=\"strong\">Cu\u00e1les ser\u00e1n los ejes tem\u00e1ticos para las propuestas<\/strong><\/p>\n<p data-prosemirror-content-type=\"node\" data-prosemirror-node-name=\"paragraph\" data-prosemirror-node-block=\"true\">Las organizaciones cordobesas deber\u00e1n proponer una soluci\u00f3n innovadora a desaf\u00edos actuales de la ciudad de C\u00f3rdoba en relaci\u00f3n con los ejes:<\/p>\n<ol class=\"ak-ol\" start=\"1\" data-prosemirror-content-type=\"node\" data-prosemirror-node-name=\"orderedList\" data-prosemirror-node-block=\"true\" readability=\"1\">\n<li data-prosemirror-content-type=\"node\" data-prosemirror-node-name=\"listItem\" data-prosemirror-node-block=\"true\" readability=\"-1\">\n<p data-prosemirror-content-type=\"node\" data-prosemirror-node-name=\"paragraph\" data-prosemirror-node-block=\"true\">Adaptaci\u00f3n y Mitigaci\u00f3n al cambio clim\u00e1tico.<\/p>\n<\/li>\n<li data-prosemirror-content-type=\"node\" data-prosemirror-node-name=\"listItem\" data-prosemirror-node-block=\"true\" readability=\"1\">\n<p data-prosemirror-content-type=\"node\" data-prosemirror-node-name=\"paragraph\" data-prosemirror-node-block=\"true\">Acciones o programas de Concientizaci\u00f3n, Educaci\u00f3n, Investigaci\u00f3n e Iniciativas de Codesarrollo.<\/p>\n<\/li>\n<li data-prosemirror-content-type=\"node\" data-prosemirror-node-name=\"listItem\" data-prosemirror-node-block=\"true\" readability=\"-1\">\n<p data-prosemirror-content-type=\"node\" data-prosemirror-node-name=\"paragraph\" data-prosemirror-node-block=\"true\">Participaci\u00f3n en la Gobernanza de Planes de Acci\u00f3n Clim\u00e1tica Locales.<\/p>\n<\/li>\n<\/ol>\n<p data-prosemirror-content-type=\"node\" data-prosemirror-node-name=\"paragraph\" data-prosemirror-node-block=\"true\">Las soluciones deber\u00e1n enfocarse en reducir y limitar las emisiones de gases del efecto invernadero a trav\u00e9s de la eficiencia energ\u00e9tica, nuevas fuentes de energ\u00eda renovables, la arquitectura sostenible, el tratamiento de la huella de carbono, reducir la vulnerabilidad del planeta con reforestaci\u00f3n, los cultivos alternativos y los sistemas de abordaje de cat\u00e1strofes o alteraciones de la temperatura, sensibilizar y educar a la poblaci\u00f3n sobre el Cambio Clim\u00e1tico, promover investigaciones, organizaci\u00f3n y acompa\u00f1amiento de j\u00f3venes en acciones ambientales, entre otras opciones que se encuentran establecidas en las Bases y Condiciones del programa.<\/p>\n<p data-prosemirror-content-type=\"node\" data-prosemirror-node-name=\"paragraph\" data-prosemirror-node-block=\"true\"><strong data-prosemirror-content-type=\"mark\" data-prosemirror-mark-name=\"strong\">Cu\u00e1les son los requisitos de postulaci\u00f3n<\/strong><\/p>\n<p data-prosemirror-content-type=\"node\" data-prosemirror-node-name=\"paragraph\" data-prosemirror-node-block=\"true\">Las organizaciones postulantes deben ser personas jur\u00eddicas con constituci\u00f3n legal en la ciudad de C\u00f3rdoba e inscriptas en Inspecci\u00f3n de Personas Jur\u00eddicas o Registro P\u00fablico de Comercio.<\/p>\n<p data-prosemirror-content-type=\"node\" data-prosemirror-node-name=\"paragraph\" data-prosemirror-node-block=\"true\">Adem\u00e1s, deben contar con un equipo, compuesto por un\/a Director\/a responsable de la ejecuci\u00f3n del proyecto e integrado por 5 o m\u00e1s j\u00f3venes l\u00edderes de 18 a 24 a\u00f1os de edad. El equipo podr\u00e1 incorporar m\u00e1s integrantes de otro rango etario.<\/p>\n<p data-prosemirror-content-type=\"node\" data-prosemirror-node-name=\"paragraph\" data-prosemirror-node-block=\"true\"><strong data-prosemirror-content-type=\"mark\" data-prosemirror-mark-name=\"strong\">C\u00f3mo son las inscripciones<\/strong><\/p>\n<p data-prosemirror-content-type=\"node\" data-prosemirror-node-name=\"paragraph\" data-prosemirror-node-block=\"true\">Desde hoy, las organizaciones interesadas ya pueden presentar sus propuestas de manera digital. Deber\u00e1n leer las Bases y Condiciones y completar todos los campos del formulario de postulaci\u00f3n que estar\u00e1 abierto hasta el 25 de marzo de 2025.<\/p>\n<p data-prosemirror-content-type=\"node\" data-prosemirror-node-name=\"paragraph\" data-prosemirror-node-block=\"true\">Podr\u00e1n encontrar toda la informaci\u00f3n en la p\u00e1gina web del Desaf\u00edo <a href=\"https:\/\/corlab.cordoba.gob.ar\/innovarporelclima\/\" data-prosemirror-content-type=\"mark\" data-prosemirror-mark-name=\"link\">https:\/\/corlab.cordoba.gob.ar\/innovarporelclima<\/a><\/p>\n<p data-prosemirror-content-type=\"node\" data-prosemirror-node-name=\"paragraph\" data-prosemirror-node-block=\"true\">Las propuestas ser\u00e1n revisadas y seleccionadas por un Comit\u00e9 Evaluador del \u00e1mbito empresario, universitario, organizaciones del tercer sector y autoridades municipales de \u00e1reas de incidencia de las implementaciones.<\/p>\n<p data-prosemirror-content-type=\"node\" data-prosemirror-node-name=\"paragraph\" data-prosemirror-node-block=\"true\">El 22 de abril se dar\u00e1n a conocer las mejores 17 soluciones seleccionadas que recibir\u00e1n hasta USD 5.000 para su implementaci\u00f3n durante un per\u00edodo de 6 meses, iniciando en el mes de mayo de este a\u00f1o.<\/p>\n<p data-prosemirror-content-type=\"node\" data-prosemirror-node-name=\"paragraph\" data-prosemirror-node-block=\"true\"><strong data-prosemirror-content-type=\"mark\" data-prosemirror-mark-name=\"strong\">M\u00e1s sobre el Youth Climate Action Fund<\/strong><\/p>\n<p data-prosemirror-content-type=\"node\" data-prosemirror-node-name=\"paragraph\" data-prosemirror-node-block=\"true\">El Youth Climate Action Fund empodera a los j\u00f3venes emprendedores para que sean parte activa en la formulaci\u00f3n de pol\u00edticas y en la implementaci\u00f3n de soluciones para mitigar el cambio clim\u00e1tico. Esta iniciativa es desarrollada por Bloomberg Philanthropies en colaboraci\u00f3n con United Cities and Local Governments y el Bloomberg Center for Public Innovation de la Universidad Johns Hopkins.<\/p>\n<p data-prosemirror-content-type=\"node\" data-prosemirror-node-name=\"paragraph\" data-prosemirror-node-block=\"true\">En C\u00f3rdoba Capital, la iniciativa es liderada por CorLab de la Secretar\u00eda de Ciudad Inteligente y Transformaci\u00f3n Digital de la Municipalidad de C\u00f3rdoba, en alianza con la Secretar\u00eda de Ambiente Sustentable y Econom\u00eda Circular, y la Direcci\u00f3n de Juventud de la Secretar\u00eda de Participaci\u00f3n Ciudadana y Juventud, Ente BioC\u00f3rdoba y Secretar\u00eda de Educaci\u00f3n de la Municipalidad de C\u00f3rdoba.<\/p>\n","protected":false},"excerpt":{"rendered":"<p>La Municipalidad de C\u00f3rdoba y Bloomberg Philanthropies lanzaron el Desaf\u00edo Innovar por el Clima Edici\u00f3n 2025, que convoca a organizaciones y j\u00f3venes de la ciudad a postular su propuesta innovadora para combatir las problem\u00e1ticas locales que genera el Cambio Clim\u00e1tico. Un jurado interdisciplinario seleccionar\u00e1 las 17 mejores soluciones que recibir\u00e1n financiamiento en formato de microsubvenciones [&hellip;]<\/p>\n","protected":false},"author":1,"featured_media":162279,"comment_status":"closed","ping_status":"closed","sticky":false,"template":"","format":"standard","meta":[],"categories":[44],"tags":[],"_links":{"self":[{"href":"http:\/\/cordobadirecto.com\/index.php\/wp-json\/wp\/v2\/posts\/162278"}],"collection":[{"href":"http:\/\/cordobadirecto.com\/index.php\/wp-json\/wp\/v2\/posts"}],"about":[{"href":"http:\/\/cordobadirecto.com\/index.php\/wp-json\/wp\/v2\/types\/post"}],"author":[{"embeddable":true,"href":"http:\/\/cordobadirecto.com\/index.php\/wp-json\/wp\/v2\/users\/1"}],"replies":[{"embeddable":true,"href":"http:\/\/cordobadirecto.com\/index.php\/wp-json\/wp\/v2\/comments?post=162278"}],"version-history":[{"count":0,"href":"http:\/\/cordobadirecto.com\/index.php\/wp-json\/wp\/v2\/posts\/162278\/revisions"}],"wp:featuredmedia":[{"embeddable":true,"href":"http:\/\/cordobadirecto.com\/index.php\/wp-json\/wp\/v2\/media\/162279"}],"wp:attachment":[{"href":"http:\/\/cordobadirecto.com\/index.php\/wp-json\/wp\/v2\/media?parent=162278"}],"wp:term":[{"taxonomy":"category","embeddable":true,"href":"http:\/\/cordobadirecto.com\/index.php\/wp-json\/wp\/v2\/categories?post=162278"},{"taxonomy":"post_tag","embeddable":true,"href":"http:\/\/cordobadirecto.com\/index.php\/wp-json\/wp\/v2\/tags?post=162278"}],"curies":[{"name":"wp","href":"https:\/\/api.w.org\/{rel}","templated":true}]}}