{"id":162309,"date":"2025-02-17T19:54:12","date_gmt":"2025-02-17T19:54:12","guid":{"rendered":"https:\/\/www.ole.com.ar\/autos\/presentacion-formula-1-martes-o2-arena-show-ver-hora_0_DQZUKQ8WxX.html"},"modified":"2025-02-17T19:54:12","modified_gmt":"2025-02-17T19:54:12","slug":"ole-en-londres-se-viene-este-martes-una-tremenda-presentacion-de-la-formula-1","status":"publish","type":"post","link":"http:\/\/cordobadirecto.com\/index.php\/2025\/02\/17\/ole-en-londres-se-viene-este-martes-una-tremenda-presentacion-de-la-formula-1\/","title":{"rendered":"Ol\u00e9 en Londres: se viene este martes una tremenda presentaci\u00f3n de la F\u00f3rmula 1"},"content":{"rendered":"<p><time class=\"createDate\" datetime=\"2025-02-17T16:54:12-03:00\">17\/02\/2025 16:54hs.<\/time><\/p>\n<div id=\"storyBody\">\n<div class=\"custom-text \" readability=\"36.834355828221\">\n<p>Es cierto, esta fr\u00eda Londres que pega con el fr\u00edo de 2 grados en el pecho al que ven\u00eda acostumbrado de los 30 y pico en Argentina, no parece estar muy al tanto de que<strong> este martes se lanza por primera vez en la historia con todos los equipos juntos una temporada de <a href=\"https:\/\/www.ole.com.ar\/tema\/formula-1.html\" title=\"F\u00f3rmula 1\" alt=\"F\u00f3rmula 1\" class=\"slug\">F\u00f3rmula 1<\/a><\/strong>. Se hace as\u00ed por el n\u00famero, ya que es la 75a.<\/p>\n<\/div>\n<div class=\"custom-text \" readability=\"42\">\n<p>Los 10 equipos presentar\u00e1n sus autos, pilotos y hasta jefes de escuder\u00eda, devenidos a famosos gracias a la serie de Netflix. Como lo hizo para recitales de U2 o el Masters de tenis, el impactante O2 Arena abrir\u00e1 sus puertas a las 16<strong> (siempre hora de Argentina) para comenzar a las 17 con el lanzamiento que se podr\u00e1 seguir por el canal oficial de YouTube de la F1<\/strong>. La organizaci\u00f3n, adem\u00e1s, ir\u00e1 mandando fotos de la ceremonia, que contar\u00e1 con varios shows musicales y la palabra de Stefano Domenicali, presidente de la F1.<\/p>\n<\/div>\n<div class=\"sc-e7b891c4-0 ifHnQL image-embed\"><img alt=\"Los que participar\u00e1n del show.\" loading=\"lazy\" width=\"720\" height=\"100\" decoding=\"async\" data-nimg=\"1\" src=\"http:\/\/cordobadirecto.com\/wp-content\/uploads\/2025\/02\/ole-en-londres-se-viene-este-martes-una-tremenda-presentacion-de-la-formula-1.jpg\"><span class=\"epigraphe\">Los que participar\u00e1n del show.<\/span><\/div>\n<div class=\"custom-text \" readability=\"46\">\n<p>Cada equipo tendr\u00e1 siete minutos para presentar su equipo, con auto, video y todo. Al rev\u00e9s de c\u00f3mo terminaron las posiciones en la copa constructores del a\u00f1o pasado, arrancar\u00e1 Sauber y terminar\u00e1 McLaren. <strong>\u00bfEstar\u00e1 Franco Colapinto?<\/strong> No en el escenario, ya que solo ir\u00e1n los pilotos oficiales, pero seguramente sea parte de las entrevistas previas que, en el Hotel Intercontinental, arrancan a las 8, de 45 minutos por equipos. Les sigue, justamente, Alpine, para cerrar con Red Bull a las 16.50.<\/p>\n<\/div>\n<p><h2>Algunos detalles del lanzamiento de la F\u00f3rmula 1<\/h2>\n<\/p>\n<div class=\"custom-text \" readability=\"40\">\n<p>Como si fuera la entrega de los Oscars, los protagonistas (pilotos, jefes de equipo, celebridades) ingresar\u00e1n sobre la alfombra roja preparada en la entrada del estadio techado donde habr\u00e1 15.000 personas viendo el evento que <strong>conducir\u00e1 el actor y comediante Jack Whitehall<\/strong>. Al brit\u00e1nico lo secundar\u00e1n Laura Winter, Ariana Bravo y Lawrence Barretto, comunicadores y periodistas involucrados en las transmisiones de la M\u00e1xima.<\/p>\n<\/div>\n<div class=\"sc-e7b891c4-0 ifHnQL image-embed\"><img alt=\"El McLaren se tuvo que presentar camuflado para no mostrar su dise\u00f1o, que har\u00e1 este martes.\" loading=\"lazy\" width=\"720\" height=\"100\" decoding=\"async\" data-nimg=\"1\" src=\"http:\/\/cordobadirecto.com\/wp-content\/uploads\/2025\/02\/ole-en-londres-se-viene-este-martes-una-tremenda-presentacion-de-la-formula-1-1.jpg\"><span class=\"epigraphe\">El McLaren se tuvo que presentar camuflado para no mostrar su dise\u00f1o, que har\u00e1 este martes.<\/span><\/div>\n<div class=\"custom-text \" readability=\"35\">\n<p>Tambi\u00e9n habr\u00e1 shows musicales de la ic\u00f3nica banda brit\u00e1nica Take That, y de los cantantes Kane Brown y Mgk. Adem\u00e1s tocar\u00e1 Brian Tyler, compositor de la banda sonora de la F1.<\/p>\n<\/div>\n<div class=\"sc-e7b891c4-0 ifHnQL image-embed\"><img alt=\"Franco Colapinto ser\u00e1 parte.\" loading=\"lazy\" width=\"720\" height=\"100\" decoding=\"async\" data-nimg=\"1\" src=\"http:\/\/cordobadirecto.com\/wp-content\/uploads\/2025\/02\/ole-en-londres-se-viene-este-martes-una-tremenda-presentacion-de-la-formula-1-2.jpg\"><span class=\"epigraphe\">Franco Colapinto ser\u00e1 parte.<\/span><\/div>\n<div class=\"custom-text \" readability=\"40\">\n<p>El in\u00e9dito show (generalmente los equipos presentan de manera individual sus dise\u00f1os, pero esta vez, si bien algunos mostraron algo, quedaron embargados para hacerlos todos este s\u00e1bado) durar\u00e1 dos horas. Seguramente ser\u00e1 una inolvidable previa a una temporada que larga el 16 de marzo en Australia y <strong>se anuncia como una de las m\u00e1s parejas con McLaren, Ferrari, red Bull y Mercedes peleando por el t\u00edtulo<\/strong>. Y Colapinto a la espera de subirse al Aline #43.<\/p>\n<\/div>\n<div class=\"custom-text \" readability=\"32\">\n<p><strong>LONDRES (ENVIADO ESPECIAL).<\/strong><\/p>\n<\/div>\n<div class=\"sc-a7166897-0 eoLsBE\" readability=\"6\">\n<section readability=\"2\"><picture><img alt=\"Franco Colapinto: foto con Flavio Briatore y una sorpresa para los fans\" loading=\"lazy\" width=\"290\" height=\"290\" decoding=\"async\" data-nimg=\"1\" src=\"http:\/\/cordobadirecto.com\/wp-content\/uploads\/2025\/02\/ole-en-londres-se-viene-este-martes-una-tremenda-presentacion-de-la-formula-1-3.jpg\"><\/picture>\n<p><span>Mir\u00e1 tambi\u00e9n<\/span><\/p>\n<hr>\n<h3>Franco Colapinto: foto con Flavio Briatore y una sorpresa para los fans<\/h3>\n<\/p>\n<\/section>\n<\/div>\n<div class=\"sc-a7166897-0 eoLsBE\" readability=\"6\">\n<section readability=\"2\"><picture><img alt=\"Las frases amorosas de Franco Colapinto a Alpine en San Valent\u00edn\" loading=\"lazy\" width=\"290\" height=\"290\" decoding=\"async\" data-nimg=\"1\" src=\"http:\/\/cordobadirecto.com\/wp-content\/uploads\/2025\/02\/ole-en-londres-se-viene-este-martes-una-tremenda-presentacion-de-la-formula-1-4.jpg\"><\/picture>\n<p><span>Mir\u00e1 tambi\u00e9n<\/span><\/p>\n<hr>\n<h3>Las frases amorosas de Franco Colapinto a Alpine en San Valent\u00edn<\/h3>\n<\/p>\n<\/section>\n<\/div>\n<div class=\"sc-a7166897-0 eoLsBE\" readability=\"6\">\n<section readability=\"2\"><picture><img alt=\"Alpine revel\u00f3 el uniforme que usar\u00e1 Franco Colapinto en 2025\" loading=\"lazy\" width=\"290\" height=\"290\" decoding=\"async\" data-nimg=\"1\" src=\"http:\/\/cordobadirecto.com\/wp-content\/uploads\/2025\/02\/ole-en-londres-se-viene-este-martes-una-tremenda-presentacion-de-la-formula-1-5.jpg\"><\/picture>\n<p><span>Mir\u00e1 tambi\u00e9n<\/span><\/p>\n<hr>\n<h3>Alpine revel\u00f3 el uniforme que usar\u00e1 Franco Colapinto en 2025<\/h3>\n<\/p>\n<\/section>\n<\/div>\n<\/div>\n","protected":false},"excerpt":{"rendered":"<p>17\/02\/2025 16:54hs. Es cierto, esta fr\u00eda Londres que pega con el fr\u00edo de 2 grados en el pecho al que ven\u00eda acostumbrado de los 30 y pico en Argentina, no parece estar muy al tanto de que este martes se lanza por primera vez en la historia con todos los equipos juntos una temporada de [&hellip;]<\/p>\n","protected":false},"author":1,"featured_media":162310,"comment_status":"closed","ping_status":"closed","sticky":false,"template":"","format":"standard","meta":[],"categories":[21],"tags":[],"_links":{"self":[{"href":"http:\/\/cordobadirecto.com\/index.php\/wp-json\/wp\/v2\/posts\/162309"}],"collection":[{"href":"http:\/\/cordobadirecto.com\/index.php\/wp-json\/wp\/v2\/posts"}],"about":[{"href":"http:\/\/cordobadirecto.com\/index.php\/wp-json\/wp\/v2\/types\/post"}],"author":[{"embeddable":true,"href":"http:\/\/cordobadirecto.com\/index.php\/wp-json\/wp\/v2\/users\/1"}],"replies":[{"embeddable":true,"href":"http:\/\/cordobadirecto.com\/index.php\/wp-json\/wp\/v2\/comments?post=162309"}],"version-history":[{"count":0,"href":"http:\/\/cordobadirecto.com\/index.php\/wp-json\/wp\/v2\/posts\/162309\/revisions"}],"wp:featuredmedia":[{"embeddable":true,"href":"http:\/\/cordobadirecto.com\/index.php\/wp-json\/wp\/v2\/media\/162310"}],"wp:attachment":[{"href":"http:\/\/cordobadirecto.com\/index.php\/wp-json\/wp\/v2\/media?parent=162309"}],"wp:term":[{"taxonomy":"category","embeddable":true,"href":"http:\/\/cordobadirecto.com\/index.php\/wp-json\/wp\/v2\/categories?post=162309"},{"taxonomy":"post_tag","embeddable":true,"href":"http:\/\/cordobadirecto.com\/index.php\/wp-json\/wp\/v2\/tags?post=162309"}],"curies":[{"name":"wp","href":"https:\/\/api.w.org\/{rel}","templated":true}]}}