{"id":162319,"date":"2025-02-18T11:31:21","date_gmt":"2025-02-18T11:31:21","guid":{"rendered":"https:\/\/puntoapunto.com.ar\/?p=370176"},"modified":"2025-02-18T11:31:21","modified_gmt":"2025-02-18T11:31:21","slug":"asi-esta-impactando-el-escandalo-de-libra-en-la-imagen-de-milei","status":"publish","type":"post","link":"http:\/\/cordobadirecto.com\/index.php\/2025\/02\/18\/asi-esta-impactando-el-escandalo-de-libra-en-la-imagen-de-milei\/","title":{"rendered":"As\u00ed est\u00e1 impactando el esc\u00e1ndalo de $Libra en la imagen de Milei"},"content":{"rendered":"<p data-start=\"209\" data-end=\"528\">En medio del esc\u00e1ndalo cripto de<strong> $Libra<\/strong>, el presidente <strong>Javier Milei se ubic\u00f3 en el segundo puesto del ranking de imagen positiva de mandatarios sudamericanos en febrero de 2025<\/strong>, seg\u00fan una encuesta de CB Consultora Opini\u00f3n P\u00fablica. Con un 49.3% de aprobaci\u00f3n, solo fue superado por el uruguayo Luis Lacalle Pou, quien lidera el listado con el 51.5%.<!-- \u00a1O bien no hay banners, estan desactivados o no estan programados para esta ubicaci\u00f3n! -->\n<\/p>\n<p data-start=\"530\" data-end=\"734\">El estudio, realizado entre el martes y el s\u00e1bado \u00faltimo, relev\u00f3 la opini\u00f3n de ciudadanos en diez pa\u00edses de la regi\u00f3n. En tercer lugar qued\u00f3 el ecuatoriano Daniel Noboa, con un 46.7% de imagen positiva.\n<\/p>\n<p data-start=\"530\" data-end=\"734\"><img decoding=\"async\" class=\"aligncenter size-full wp-image-370177\" src=\"http:\/\/cordobadirecto.com\/wp-content\/uploads\/2025\/02\/asi-esta-impactando-el-escandalo-de-libra-en-la-imagen-de-milei.jpg\" alt width=\"679\" height=\"1133\" srcset=\"http:\/\/cordobadirecto.com\/wp-content\/uploads\/2025\/02\/asi-esta-impactando-el-escandalo-de-libra-en-la-imagen-de-milei.jpg 679w, http:\/\/cordobadirecto.com\/wp-content\/uploads\/2025\/02\/asi-esta-impactando-el-escandalo-de-libra-en-la-imagen-de-milei-1.jpg 180w, http:\/\/cordobadirecto.com\/wp-content\/uploads\/2025\/02\/asi-esta-impactando-el-escandalo-de-libra-en-la-imagen-de-milei-2.jpg 614w\" sizes=\"(max-width: 679px) 100vw, 679px\" loading=\"lazy\">\n<\/p>\n<p data-start=\"1341\" data-end=\"1427\"><strong data-start=\"1345\" data-end=\"1425\">La pol\u00e9mica por la criptomoneda $Libra y su impacto en la imagen presidencial<\/strong>\n<\/p>\n<p data-start=\"1428\" data-end=\"1939\">La encuesta de <a href=\"https:\/\/cbconsultoraop.com\/\">CB Consultora<\/a> comenz\u00f3 antes del estallido del esc\u00e1ndalo relacionado con la <a href=\"https:\/\/puntoapunto.com.ar\/milei-y-el-libragate-claves-para-entender-el-escandalo-y-la-palabra-de-la-industria-cripto\/\">criptomoneda $Libra<\/a>, que explot\u00f3 el viernes por la noche tras la <strong>promoci\u00f3n de este activo digital por parte del propio Milei y su entorno.<\/strong> Sin embargo, los datos del s\u00e1bado ya comenzaron a <strong>reflejar el impacto negativo en la imagen del mandatario. Seg\u00fan el estudio, la<a href=\"https:\/\/puntoapunto.com.ar\/su-peor-crisis-el-libragate-sacude-a-milei-donde-mas-le-duele-las-redes-sociales\/\"> aprobaci\u00f3n de Milei<\/a> registr\u00f3 una ca\u00edda de 2.5 puntos en las \u00faltimas jornadas<\/strong>, una baja que, aunque moderada, podr\u00eda profundizarse en los pr\u00f3ximos d\u00edas.<!-- \u00a1O bien no hay banners, estan desactivados o no estan programados para esta ubicaci\u00f3n! -->\n<\/p>\n<p data-start=\"1941\" data-end=\"2241\">El episodio gener\u00f3 fuertes cr\u00edticas desde distintos sectores, incluyendo economistas y referentes del ecosistema cripto, quienes se\u00f1alaron que la promoci\u00f3n de una criptomoneda<strong> sin respaldo claro contradice la propia narrativa de Milei sobre la libertad econ\u00f3mica y la transparencia en los mercados.<\/strong><\/p>\n<p data-start=\"2243\" data-end=\"2477\">Analistas pol\u00edticos advierten que el efecto del esc\u00e1ndalo podr\u00eda amplificarse en las pr\u00f3ximas mediciones y que varias encuestadoras ya preparan nuevos estudios para evaluar el verdadero alcance del impacto en la imagen presidencial.\n<\/p>\n<p data-start=\"2479\" data-end=\"2538\"><strong data-start=\"2483\" data-end=\"2536\">Los peores calificados y los cambios m\u00e1s notorios<\/strong>\n<\/p>\n<p data-start=\"2539\" data-end=\"2720\">En el otro extremo del ranking, los presidentes con menor imagen positiva fueron <strong>Dina Boluarte de Per\u00fa (20.3%), Nicol\u00e1s Maduro de Venezuela (30.8%) y Luis Arce de Bolivia (31.7%).<\/strong>\n<\/p>\n<p data-start=\"2722\" data-end=\"2949\">El presidente que m\u00e1s mejor\u00f3 en comparaci\u00f3n con la \u00faltima medici\u00f3n fue Gabriel Boric de Chile, con un aumento del 4.4% en su imagen positiva, mientras que Santiago Pe\u00f1a de Paraguay sufri\u00f3 la mayor ca\u00edda, perdiendo 3.6 puntos.\n<\/p>\n<p data-start=\"2951\" data-end=\"2987\"><strong data-start=\"2955\" data-end=\"2985\">Un escenario en movimiento<\/strong>\n<\/p>\n<p data-start=\"2988\" data-end=\"3598\">El ranking de CB Consultora muestra un panorama din\u00e1mico en la pol\u00edtica sudamericana, donde la aprobaci\u00f3n de los mandatarios fluct\u00faa seg\u00fan el impacto de sus pol\u00edticas y la percepci\u00f3n ciudadana sobre la gesti\u00f3n. En el caso de Milei, su alta valoraci\u00f3n regional indica que su estilo disruptivo y su agenda liberal encuentran eco en una parte importante de la poblaci\u00f3n. Sin embargo,<strong> el esc\u00e1ndalo cripto y otros desaf\u00edos internos podr\u00edan marcar un punto de inflexi\u00f3n en su imagen p\u00fablica, lo que har\u00e1 que las pr\u00f3ximas encuestas sean clave para medir el verdadero da\u00f1o pol\u00edtico que este episodio le haya causado.<\/strong>\n<\/p>\n<div class=\"g g-38\">\n<div class=\"g-dyn a-12 c-1\"><a class=\"gofollow\" data-track=\"MTIsMzgsMSw2MA==\" href=\"https:\/\/hospitalprivado.com.ar\/blog\/institucional\/somos-la-primera-institucion-del-interior-del-pais-en-acreditar-joint-commission-international.html\" target=\"_blank\" rel=\"noopener\"><img src=\"http:\/\/cordobadirecto.com\/wp-content\/uploads\/2025\/02\/asi-esta-impactando-el-escandalo-de-libra-en-la-imagen-de-milei.gif\" loading=\"lazy\"><\/a><\/div>\n<\/div>\n","protected":false},"excerpt":{"rendered":"<p>En medio del esc\u00e1ndalo cripto de $Libra, el presidente Javier Milei se ubic\u00f3 en el segundo puesto del ranking de imagen positiva de mandatarios sudamericanos en febrero de 2025, seg\u00fan una encuesta de CB Consultora Opini\u00f3n P\u00fablica. Con un 49.3% de aprobaci\u00f3n, solo fue superado por el uruguayo Luis Lacalle Pou, quien lidera el listado [&hellip;]<\/p>\n","protected":false},"author":1,"featured_media":162320,"comment_status":"closed","ping_status":"closed","sticky":false,"template":"","format":"standard","meta":[],"categories":[23,25],"tags":[],"_links":{"self":[{"href":"http:\/\/cordobadirecto.com\/index.php\/wp-json\/wp\/v2\/posts\/162319"}],"collection":[{"href":"http:\/\/cordobadirecto.com\/index.php\/wp-json\/wp\/v2\/posts"}],"about":[{"href":"http:\/\/cordobadirecto.com\/index.php\/wp-json\/wp\/v2\/types\/post"}],"author":[{"embeddable":true,"href":"http:\/\/cordobadirecto.com\/index.php\/wp-json\/wp\/v2\/users\/1"}],"replies":[{"embeddable":true,"href":"http:\/\/cordobadirecto.com\/index.php\/wp-json\/wp\/v2\/comments?post=162319"}],"version-history":[{"count":0,"href":"http:\/\/cordobadirecto.com\/index.php\/wp-json\/wp\/v2\/posts\/162319\/revisions"}],"wp:featuredmedia":[{"embeddable":true,"href":"http:\/\/cordobadirecto.com\/index.php\/wp-json\/wp\/v2\/media\/162320"}],"wp:attachment":[{"href":"http:\/\/cordobadirecto.com\/index.php\/wp-json\/wp\/v2\/media?parent=162319"}],"wp:term":[{"taxonomy":"category","embeddable":true,"href":"http:\/\/cordobadirecto.com\/index.php\/wp-json\/wp\/v2\/categories?post=162319"},{"taxonomy":"post_tag","embeddable":true,"href":"http:\/\/cordobadirecto.com\/index.php\/wp-json\/wp\/v2\/tags?post=162319"}],"curies":[{"name":"wp","href":"https:\/\/api.w.org\/{rel}","templated":true}]}}