{"id":162351,"date":"2025-02-19T00:11:05","date_gmt":"2025-02-19T00:11:05","guid":{"rendered":"https:\/\/www.ole.com.ar\/autos\/colapinto-flavio-briatore-formula1-f174-piloto-alpine_0_hEp4lbqw52.html"},"modified":"2025-02-19T00:11:05","modified_gmt":"2025-02-19T00:11:05","slug":"la-foto-que-subio-flavio-briatore-junto-a-colapinto-en-la-presentacion-de-la-formula-1","status":"publish","type":"post","link":"http:\/\/cordobadirecto.com\/index.php\/2025\/02\/19\/la-foto-que-subio-flavio-briatore-junto-a-colapinto-en-la-presentacion-de-la-formula-1\/","title":{"rendered":"La foto que subi\u00f3 Flavio Briatore junto a Colapinto en la presentaci\u00f3n de la F\u00f3rmula 1"},"content":{"rendered":"<p><time class=\"createDate\" datetime=\"2025-02-18T21:11:05-03:00\">18\/02\/2025 21:11hs.<\/time><\/p>\n<div id=\"storyBody\">\n<div class=\"custom-text \" readability=\"36.793043478261\">\n<p>La presentaci\u00f3n de la 75\u00b0 edici\u00f3n de la<a href=\"https:\/\/www.ole.com.ar\/tema\/formula-1.html\" title=\"F\u00f3rmula 1\" alt=\"F\u00f3rmula 1\" class=\"slug\"> Formula 1 <\/a>en Londres<a href=\"https:\/\/www.ole.com.ar\/autos\/f175-live-hoy-vivo-hora-ver-presentacion-evento-formula-1-f1_0_sn3NiXqyJw.html\" target=\"_self\" title=\" dej\u00f3 much\u00edsima tela para cortar.\" alt=\" dej\u00f3 much\u00edsima tela para cortar.\" rel=\"noopener\"> dej\u00f3 much\u00edsima tela para cortar.<\/a> La presentaci\u00f3n de los autos, declaraciones de pilotos y muchas curiosidades m\u00e1s se hicieron presentes en el evento. Pero tambi\u00e9n hubo un tema que no pas\u00f3 desapercibido:<strong><a href=\"https:\/\/www.ole.com.ar\/tema\/franco-colapinto.html\" title=\"Franco Colapinto\" alt=\"Franco Colapinto\" class=\"slug\"> Franco Colapinto<\/a>.<\/strong> Y es que el pilarense, a pesar de que acompa\u00f1\u00f3 al equipo a la capital inglesa, <strong>no form\u00f3 parte de las conferencia ni de la presentaci\u00f3n de Alpine, que prefiri\u00f3 mostrarlo en su estatus de reserva<\/strong>, respetando acaso a Jack Doohan, quien debutar\u00e1 en el temporada como segundo piloto.<\/p>\n<\/div>\n<div class=\"custom-text \" readability=\"37.964601769912\">\n<p>Sin embargo, y a pesar de que al pilarense no se lo pudo ver durante el evento, <strong>fue el mism\u00edsimo <a href=\"https:\/\/www.ole.com.ar\/tema\/flavio-briatore.html\" title=\"Flavio Briatore\" alt=\"Flavio Briatore\" class=\"slug\">Flavio Briatore<\/a> el encargado de dar a conocer una imagen de Colapinto en el F175. <\/strong>Y es que el asesor estrella de Alpine subi\u00f3 a sus redes una foto junto a \u00e9l que <strong>r\u00e1pidamente ilusion\u00f3 a todos los fan\u00e1ticos argentinos en medio de una jornada en la que no hab\u00edan trascendido nuevas novedades<\/strong> en cuanto al debut con su nueva escuder\u00eda, m\u00e1s all\u00e1 de las especulaciones con respecto al GP de Miami, momento en que se dar\u00eda ese reestreno en la M\u00e1xima tan esperado.<\/p>\n<\/div>\n<div class=\"custom-text \" readability=\"40\">\n<p>De todos modos,<strong> la publicaci\u00f3n del italiano sigui\u00f3 en la misma sinton\u00eda que mostr\u00f3 Alpine durante todo el evento.<\/strong> Y es que si bien all\u00ed se lo ve a Franco, en la misma foto tambi\u00e9n posan Gasly y Doohan, los pilotos titulares; y el japon\u00e9s Ryo Hirakawa y el estonio Paul Aron, los otros dos reservas de la escuder\u00eda. &#8220;Esta noche con Luca de Meo (CEO de Renault) y todos los pilotos de F\u00f3rmula 1 del equipo Alpine&#8221;, escribi\u00f3 el asesor de la escuder\u00eda y principal art\u00edfice de la llegada de Colapinto a Alpine.<\/p>\n<\/div>\n<div class=\"sc-e7b891c4-0 ifHnQL image-embed\"><img alt=\"La foto que subi\u00f3 Briatore junto a Colapinto y el resto de los pilotos de Alpine.\" loading=\"lazy\" width=\"720\" height=\"100\" decoding=\"async\" data-nimg=\"1\" src=\"http:\/\/cordobadirecto.com\/wp-content\/uploads\/2025\/02\/la-foto-que-subio-flavio-briatore-junto-a-colapinto-en-la-presentacion-de-la-formula-1.jpg\"><span class=\"epigraphe\">La foto que subi\u00f3 Briatore junto a Colapinto y el resto de los pilotos de Alpine.<\/span><\/div>\n<p><h2><strong>Alpine interrumpi\u00f3 una pregunta a Doohan sobre Colapinto<\/strong><\/h2>\n<\/p>\n<div class=\"custom-text \" readability=\"38\">\n<p>Durante todo el evento, los popes de la escuder\u00eda buscaron &#8220;preservar&#8221; a Doohan ya que se ca\u00eda de maduro que iba a ser una constante la b\u00fasqueda de informaci\u00f3n con respecto al futuro de Colapinto. Por eso,<strong> Alpine busc\u00f3 remarcar que el pilarense es piloto de reserva y no lo llev\u00f3 al evento, aunque s\u00ed estuvo en Londres cumpliendo otras formalidades.<\/strong><\/p>\n<\/div>\n<div class=\"custom-text \" readability=\"41\">\n<p>Sin embargo, esta t\u00e1ctica no le funcion\u00f3 a Alpine ya que cuando Doohan acudi\u00f3 a la conferencia de prensa, lo primero que se puso sobre la mesa fue su competencia por la butaca con Colapinto. Por eso, en la segunda pregunta a Doohan sobre Franco, que directamente apunt\u00f3 a si se sent\u00eda subestimado porque se hablaba m\u00e1s del argentino que de \u00e9l, el vocero de la marca directamente lo cort\u00f3 y dijo: <strong>&#8220;Creo que ya hemos cubierto las preguntas sobre Franco, Creo que hemos tenido ya dos. Sigamos adelante.<\/strong> I think we&#8217;ve covered the Frank and the topics that&#8217;s we&#8217;ve won. I think we&#8217;ve had two. Pasaremos de eso&#8221;. \u00a1Pum! No m\u00e1s preguntas de Colapinto&#8230;<\/p>\n<\/div>\n<div class=\"custom-text \" readability=\"32\">\n<p>Antes le hab\u00edan preguntado algo similar y el propio Doohan dijo: <strong>&#8220;\u00bfEso es una pregunta?&#8221;.<\/strong><\/p>\n<\/div>\n<p><h2><strong>Qu\u00e9 dijo Doohan sobre Colapinto<\/strong><\/h2>\n<\/p>\n<div class=\"sc-e7b891c4-0 ifHnQL image-embed\"><img alt=\"Gasly y Doohan, los dos pilotos que comenzar\u00e1n la temporada con Alpine (AP Photo\/Kin Cheung)\" loading=\"lazy\" width=\"720\" height=\"100\" decoding=\"async\" data-nimg=\"1\" src=\"http:\/\/cordobadirecto.com\/wp-content\/uploads\/2025\/02\/la-foto-que-subio-flavio-briatore-junto-a-colapinto-en-la-presentacion-de-la-formula-1-1.jpg\"><span class=\"epigraphe\">Gasly y Doohan, los dos pilotos que comenzar\u00e1n la temporada con Alpine (AP Photo\/Kin Cheung)<\/span><\/div>\n<div class=\"custom-text \" readability=\"43\">\n<p>De todos modos, y antes de que ocurriera ese episodio, Doohan hab\u00eda llegado a referirse a Colapinto:<strong> &#8220;Lo que me han dicho es que es un piloto de reserva, nada m\u00e1s. <\/strong>Y creo que, independientemente de eso, soy uno de los 20 pilotos de F\u00f3rmula 1 del mundo y s\u00e9 que cuando estaba en karting, en F\u00f3rmula 3, F\u00f3rmula 2, habr\u00eda hecho cualquier cosa por estar en F\u00f3rmula 1 y sacrificarlo todo&#8221;. <\/p>\n<\/div>\n<div class=\"custom-text \" readability=\"43\">\n<p>Respecto de la presi\u00f3n que le pod\u00eda poner el bonaerense, afirm\u00f3: &#8220;No creo que necesariamente si se trata de alguien dentro del equipo, fuera del equipo, cualquiera que est\u00e9 rindiendo bien,<strong> siempre vas a tener presi\u00f3n sobre tus hombros porque est\u00e1s en un deporte tan despiadado<\/strong>, pero sea cual sea la presi\u00f3n que pueda haber, espero disfrutarla, aceptarla y simplemente disfrutar de mi temporada de F\u00f3rmula 1\u2033, dijo Doohan.<\/p>\n<\/div>\n<div class=\"custom-text \" readability=\"45\">\n<p>Tambi\u00e9n le preguntaron si se sent\u00eda perjudicado por tener detr\u00e1s suyo a un piloto suplente de 21 a\u00f1os, con experiencia y contrato a largo plazo. En ese momento fue cuando, ya no con sonrisas, sino molesto, Doohan respondi\u00f3: <strong>&#8220;\u00bfEs eso una pregunta?&#8221;.<\/strong> Y luego agreg\u00f3:<strong> &#8220;El a\u00f1o pasado yo tambi\u00e9n fui un piloto de reserva de 21 a\u00f1os con un contrato a largo plazo, pero no, no me siento as\u00ed.<\/strong> Tal vez deber\u00eda, no s\u00e9, realmente no entiendo eso como una pregunta, pero s\u00ed, definitivamente no\u201d.<\/p>\n<\/div>\n<div class=\"custom-text \" readability=\"39\">\n<p>A quien tambi\u00e9n le preguntaron sobre el tema fue a Pierre Gasly, el piloto N\u00b0 1 del equipo. Esto contest\u00f3 el franc\u00e9s: <strong>&#8220;No tengo nada que decir al respecto. Es una cuesti\u00f3n del equipo&#8221;. <\/strong>Despu\u00e9s apoy\u00f3 a su actual compa\u00f1ero: &#8220;Conozco a Jack y quiero que lo haga lo mejor que pueda. S\u00e9 que es una gran persona y un gran piloto, lo he visto desarrollarse y le hemos dado su oportunidad. No har\u00e9 m\u00e1s comentarios. <strong>Como novato, nunca es f\u00e1cil llegar a la F\u00f3rmula 1, y no hay necesidad de complicar las cosas m\u00e1s de lo necesario&#8221;<\/strong><\/p>\n<\/div>\n<div class=\"sc-a7166897-0 eoLsBE\" readability=\"6\">\n<section readability=\"2\"><picture><img alt=\"F175: todo lo que dej\u00f3 la presentaci\u00f3n de la F\u00f3rmula 1\" loading=\"lazy\" width=\"290\" height=\"290\" decoding=\"async\" data-nimg=\"1\" src=\"http:\/\/cordobadirecto.com\/wp-content\/uploads\/2025\/02\/la-foto-que-subio-flavio-briatore-junto-a-colapinto-en-la-presentacion-de-la-formula-1-2.jpg\"><\/picture>\n<p><span>Mir\u00e1 tambi\u00e9n<\/span><\/p>\n<hr>\n<h3>F175: todo lo que dej\u00f3 la presentaci\u00f3n de la F\u00f3rmula 1<\/h3>\n<\/p>\n<\/section>\n<\/div>\n<div class=\"sc-a7166897-0 eoLsBE\" readability=\"7\">\n<section readability=\"4\"><picture><img alt=\"C\u00f3mo es el Alpine A525, el auto al que aspirar\u00e1 a subirse Franco Colapinto en la F\u00f3rmula 1\" loading=\"lazy\" width=\"290\" height=\"290\" decoding=\"async\" data-nimg=\"1\" src=\"http:\/\/cordobadirecto.com\/wp-content\/uploads\/2025\/02\/la-foto-que-subio-flavio-briatore-junto-a-colapinto-en-la-presentacion-de-la-formula-1-3.jpg\"><\/picture>\n<p><span>Mir\u00e1 tambi\u00e9n<\/span><\/p>\n<hr>\n<h3>C\u00f3mo es el Alpine A525, el auto al que aspirar\u00e1 a subirse Franco Colapinto en la F\u00f3rmula 1<\/h3>\n<\/p>\n<\/section>\n<\/div>\n<div class=\"sc-a7166897-0 eoLsBE\" readability=\"6.5\">\n<section readability=\"3\"><picture><img alt=\"Gabriel Bortoleto a Ol\u00e9: el efecto Colapinto y la comparaci\u00f3n con los hinchas brasile\u00f1os\" loading=\"lazy\" width=\"290\" height=\"290\" decoding=\"async\" data-nimg=\"1\" src=\"http:\/\/cordobadirecto.com\/wp-content\/uploads\/2025\/02\/la-foto-que-subio-flavio-briatore-junto-a-colapinto-en-la-presentacion-de-la-formula-1-4.jpg\"><\/picture>\n<p><span>Mir\u00e1 tambi\u00e9n<\/span><\/p>\n<hr>\n<h3>Gabriel Bortoleto a Ol\u00e9: el efecto Colapinto y la comparaci\u00f3n con los hinchas brasile\u00f1os<\/h3>\n<\/p>\n<\/section>\n<\/div>\n<div class=\"sc-a7166897-0 eoLsBE\" readability=\"7\">\n<section readability=\"4\"><picture><img alt=\"Qu\u00e9 dijo Verstappen sobre el auto, no ser favoritos y la chance de repetir el t\u00edtulo\" loading=\"lazy\" width=\"290\" height=\"290\" decoding=\"async\" data-nimg=\"1\" src=\"http:\/\/cordobadirecto.com\/wp-content\/uploads\/2025\/02\/la-foto-que-subio-flavio-briatore-junto-a-colapinto-en-la-presentacion-de-la-formula-1-5.jpg\"><\/picture>\n<p><span>Mir\u00e1 tambi\u00e9n<\/span><\/p>\n<hr>\n<h3>Qu\u00e9 dijo Verstappen sobre el auto, no ser favoritos y la chance de repetir el t\u00edtulo<\/h3>\n<\/p>\n<\/section>\n<\/div>\n<div class=\"sc-a7166897-0 eoLsBE\" readability=\"6.5\">\n<section readability=\"3\"><picture><img alt=\"Doohan sobre Colapinto: &quot;Me han dicho que es piloto de reserva, nada m\u00e1s&quot;\" loading=\"lazy\" width=\"290\" height=\"290\" decoding=\"async\" data-nimg=\"1\" src=\"http:\/\/cordobadirecto.com\/wp-content\/uploads\/2025\/02\/la-foto-que-subio-flavio-briatore-junto-a-colapinto-en-la-presentacion-de-la-formula-1-6.jpg\"><\/picture>\n<p><span>Mir\u00e1 tambi\u00e9n<\/span><\/p>\n<hr>\n<h3>Doohan sobre Colapinto: &#8220;Me han dicho que es piloto de reserva, nada m\u00e1s&#8221;<\/h3>\n<\/p>\n<\/section>\n<\/div>\n<\/div>\n","protected":false},"excerpt":{"rendered":"<p>18\/02\/2025 21:11hs. La presentaci\u00f3n de la 75\u00b0 edici\u00f3n de la Formula 1 en Londres dej\u00f3 much\u00edsima tela para cortar. La presentaci\u00f3n de los autos, declaraciones de pilotos y muchas curiosidades m\u00e1s se hicieron presentes en el evento. Pero tambi\u00e9n hubo un tema que no pas\u00f3 desapercibido: Franco Colapinto. Y es que el pilarense, a pesar [&hellip;]<\/p>\n","protected":false},"author":1,"featured_media":162352,"comment_status":"closed","ping_status":"closed","sticky":false,"template":"","format":"standard","meta":[],"categories":[21],"tags":[],"_links":{"self":[{"href":"http:\/\/cordobadirecto.com\/index.php\/wp-json\/wp\/v2\/posts\/162351"}],"collection":[{"href":"http:\/\/cordobadirecto.com\/index.php\/wp-json\/wp\/v2\/posts"}],"about":[{"href":"http:\/\/cordobadirecto.com\/index.php\/wp-json\/wp\/v2\/types\/post"}],"author":[{"embeddable":true,"href":"http:\/\/cordobadirecto.com\/index.php\/wp-json\/wp\/v2\/users\/1"}],"replies":[{"embeddable":true,"href":"http:\/\/cordobadirecto.com\/index.php\/wp-json\/wp\/v2\/comments?post=162351"}],"version-history":[{"count":0,"href":"http:\/\/cordobadirecto.com\/index.php\/wp-json\/wp\/v2\/posts\/162351\/revisions"}],"wp:featuredmedia":[{"embeddable":true,"href":"http:\/\/cordobadirecto.com\/index.php\/wp-json\/wp\/v2\/media\/162352"}],"wp:attachment":[{"href":"http:\/\/cordobadirecto.com\/index.php\/wp-json\/wp\/v2\/media?parent=162351"}],"wp:term":[{"taxonomy":"category","embeddable":true,"href":"http:\/\/cordobadirecto.com\/index.php\/wp-json\/wp\/v2\/categories?post=162351"},{"taxonomy":"post_tag","embeddable":true,"href":"http:\/\/cordobadirecto.com\/index.php\/wp-json\/wp\/v2\/tags?post=162351"}],"curies":[{"name":"wp","href":"https:\/\/api.w.org\/{rel}","templated":true}]}}