{"id":162360,"date":"2025-02-17T19:28:03","date_gmt":"2025-02-17T19:28:03","guid":{"rendered":"https:\/\/cordoba.gob.ar\/?p=74407"},"modified":"2025-02-17T19:28:03","modified_gmt":"2025-02-17T19:28:03","slug":"junto-a-las-familias-pacientes-y-personal-de-salud-passerini-participo-del-tradicional-campanazo-en-el-hospital-infantil-municipal","status":"publish","type":"post","link":"http:\/\/cordobadirecto.com\/index.php\/2025\/02\/17\/junto-a-las-familias-pacientes-y-personal-de-salud-passerini-participo-del-tradicional-campanazo-en-el-hospital-infantil-municipal\/","title":{"rendered":"Junto a las familias, pacientes y personal de salud, Passerini particip\u00f3 del tradicional \u201cCampanazo\u201d en el Hospital Infantil Municipal"},"content":{"rendered":"<div><img src=\"http:\/\/cordobadirecto.com\/wp-content\/uploads\/2025\/02\/junto-a-las-familias-pacientes-y-personal-de-salud-passerini-participo-del-tradicional-campanazo-en-el-hospital-infantil-municipal.jpg\" class=\"ff-og-image-inserted\"><\/div>\n<ul>\n<li data-prosemirror-content-type=\"node\" data-prosemirror-node-name=\"paragraph\" data-prosemirror-node-block=\"true\"><strong><strong>Se realiz\u00f3 para celebrar la finalizaci\u00f3n del tratamiento oncol\u00f3gico u alta definitiva de ni\u00f1as, ni\u00f1os y adolescentes que concurren a la instituci\u00f3n.<\/strong><\/strong><br \/>\n<hr>\n<\/li>\n<\/ul>\n<p data-prosemirror-content-type=\"node\" data-prosemirror-node-name=\"paragraph\" data-prosemirror-node-block=\"true\">En el marco del D\u00eda Internacional del C\u00e1ncer Infantil, que se conmemora cada 15 de febrero, el intendente Daniel Passerini particip\u00f3 del tradicional \u201cCampanazo\u201d en el Hospital Infantil Municipal.<\/p>\n<p data-prosemirror-content-type=\"node\" data-prosemirror-node-name=\"paragraph\" data-prosemirror-node-block=\"true\">Ni\u00f1os y ni\u00f1as de 18 meses a 17 a\u00f1os celebraron el fin del tratamiento oncol\u00f3gico o su alta definitiva, junto a sus familiares, al equipo m\u00e9dico que los acompa\u00f1\u00f3 durante todo su proceso.<\/p>\n<p data-prosemirror-content-type=\"node\" data-prosemirror-node-name=\"paragraph\" data-prosemirror-node-block=\"true\"><em>\u201cHoy desde la salud p\u00fablica nosotros estamos reivindicando el valor de la calidad humana, el valor de la vida y fundamentalmente de garantizar calidad de vida. Nosotros estamos orgullosos de venir a este Hospital Infantil y ver que hay una integraci\u00f3n de acciones, que no solo se sostienen, sino que van creciendo\u201d<\/em>, expres\u00f3 el intendente.<\/p>\n<p data-prosemirror-content-type=\"node\" data-prosemirror-node-name=\"paragraph\" data-prosemirror-node-block=\"true\">El evento se lleva a cabo desde el a\u00f1o 2018 y simboliza el cierre de una etapa, homenaje a la alegr\u00eda por la continuidad de la vida.<\/p>\n<p data-prosemirror-content-type=\"node\" data-prosemirror-node-name=\"paragraph\" data-prosemirror-node-block=\"true\">Adem\u00e1s, es una oportunidad para visibilizar y concientizar acerca de la existencia del c\u00e1ncer infantil y de la importancia del diagn\u00f3stico precoz, que a trav\u00e9s de tratamientos adecuados posibilita la cura en un 80% de los casos.<\/p>\n<p data-prosemirror-content-type=\"node\" data-prosemirror-node-name=\"paragraph\" data-prosemirror-node-block=\"true\">Por su parte, el secretario de Salud, Ariel Alexsandroff, destac\u00f3: <em>\u201cEl campanazo es muy simb\u00f3lico: est\u00e1 para hacer ruido, llamar la atenci\u00f3n, sensibilizar, visibilizar respecto a la importancia de un diagn\u00f3stico temprano\u201d<\/em>.<\/p>\n<p data-prosemirror-content-type=\"node\" data-prosemirror-node-name=\"paragraph\" data-prosemirror-node-block=\"true\">En la provincia de C\u00f3rdoba, se registran alrededor de 100 nuevos casos de c\u00e1ncer infantil por a\u00f1o, de los cuales aproximadamente 30 son diagnosticados en el Hospital Infantil Municipal, siendo los m\u00e1s comunes las leucemias, los tumores cerebrales y los linfomas.<\/p>\n<p data-prosemirror-content-type=\"node\" data-prosemirror-node-name=\"paragraph\" data-prosemirror-node-block=\"true\">El c\u00e1ncer infantil contin\u00faa siendo uno de los principales desaf\u00edos para la salud p\u00fablica. Sin embargo, los avances en medicina, la detecci\u00f3n temprana y el acceso a tratamientos especializados han permitido mejorar significativamente las tasas de recuperaci\u00f3n.<\/p>\n<p data-prosemirror-content-type=\"node\" data-prosemirror-node-name=\"paragraph\" data-prosemirror-node-block=\"true\"><strong data-prosemirror-content-type=\"mark\" data-prosemirror-mark-name=\"strong\">Pacientes, familias y m\u00e9dicos<\/strong><\/p>\n<p data-prosemirror-content-type=\"node\" data-prosemirror-node-name=\"paragraph\" data-prosemirror-node-block=\"true\">En otro momento del acto, el director del hospital, Daniel Mar\u00edn, mencion\u00f3: <em>\u201cNos enorgullece y nos responsabiliza, el estar presente en este d\u00eda con la complejidad que esto significa. Los eventos del hospital tienen estas caracter\u00edsticas, el sol brillante significa para nosotros que de alg\u00fan lado nos iluminan\u201d<\/em>.<\/p>\n<p data-prosemirror-content-type=\"node\" data-prosemirror-node-name=\"paragraph\" data-prosemirror-node-block=\"true\">El equipo de oncolog\u00eda de esa instituci\u00f3n tiene un rol fundamental en la atenci\u00f3n de la enfermedad, garantizando un abordaje multidisciplinario que no solo prioriza el tratamiento m\u00e9dico, sino tambi\u00e9n el bienestar emocional de los pacientes y sus familias.<\/p>\n<p data-prosemirror-content-type=\"node\" data-prosemirror-node-name=\"paragraph\" data-prosemirror-node-block=\"true\">Al finalizar, los ni\u00f1os y ni\u00f1as, junto con sus familias y autoridades, llevaron a cabo de manera simb\u00f3lica la plantaci\u00f3n de un \u00e1rbol en honor a la vida. Adem\u00e1s, se realiz\u00f3 una pintura que fue adornada con pinceladas de los protagonistas de esta jornada.<\/p>\n<p data-prosemirror-content-type=\"node\" data-prosemirror-node-name=\"paragraph\" data-prosemirror-node-block=\"true\"><em>\u201cFelicitaciones al intendente, al equipo de m\u00e9dicos, a todos. Muy agradecida con el servicio del hospital. No hay palabras para agradecer porque tengo mi nieta en los brazos, la cuidaron muy bien\u201d<\/em>, expres\u00f3 Beatriz, abuela de Catal\u00eda \u00c1lvarez, ni\u00f1a que finaliz\u00f3 su tratamiento.<\/p>\n<p data-prosemirror-content-type=\"node\" data-prosemirror-node-name=\"paragraph\" data-prosemirror-node-block=\"true\">Florencia, la madre de Ambar Maceo, diagnosticada a los 28 d\u00edas de nacida, expres\u00f3 con gran emoci\u00f3n su agradecimiento hacia el equipo m\u00e9dico y las autoridades: \u00abEstamos inmensamente agradecidos, primero a Dios y a todas las personas que, a trav\u00e9s de \u00c9l, nos han permitido so\u00f1ar con salir adelante y construir una nueva vida.\u00bb<\/p>\n<p data-prosemirror-content-type=\"node\" data-prosemirror-node-name=\"paragraph\" data-prosemirror-node-block=\"true\">Adem\u00e1s, aprovech\u00f3 el momento para transmitir un mensaje a todos los que deben afrontar esta situaci\u00f3n: <em>\u201cNunca pierden la esperanza, que hay que despertarse cada d\u00eda con esperanza y con la fe de que vamos a salir adelante. Son cosas que el destino, que la vida nos pone adelante, pero siempre hay que enfrentarlas y vivir cada momento. D\u00eda a d\u00eda, todo llega\u201d<\/em>.<\/p>\n","protected":false},"excerpt":{"rendered":"<p>Se realiz\u00f3 para celebrar la finalizaci\u00f3n del tratamiento oncol\u00f3gico u alta definitiva de ni\u00f1as, ni\u00f1os y adolescentes que concurren a la instituci\u00f3n. En el marco del D\u00eda Internacional del C\u00e1ncer Infantil, que se conmemora cada 15 de febrero, el intendente Daniel Passerini particip\u00f3 del tradicional \u201cCampanazo\u201d en el Hospital Infantil Municipal. Ni\u00f1os y ni\u00f1as de [&hellip;]<\/p>\n","protected":false},"author":1,"featured_media":162361,"comment_status":"closed","ping_status":"closed","sticky":false,"template":"","format":"standard","meta":[],"categories":[44],"tags":[],"_links":{"self":[{"href":"http:\/\/cordobadirecto.com\/index.php\/wp-json\/wp\/v2\/posts\/162360"}],"collection":[{"href":"http:\/\/cordobadirecto.com\/index.php\/wp-json\/wp\/v2\/posts"}],"about":[{"href":"http:\/\/cordobadirecto.com\/index.php\/wp-json\/wp\/v2\/types\/post"}],"author":[{"embeddable":true,"href":"http:\/\/cordobadirecto.com\/index.php\/wp-json\/wp\/v2\/users\/1"}],"replies":[{"embeddable":true,"href":"http:\/\/cordobadirecto.com\/index.php\/wp-json\/wp\/v2\/comments?post=162360"}],"version-history":[{"count":0,"href":"http:\/\/cordobadirecto.com\/index.php\/wp-json\/wp\/v2\/posts\/162360\/revisions"}],"wp:featuredmedia":[{"embeddable":true,"href":"http:\/\/cordobadirecto.com\/index.php\/wp-json\/wp\/v2\/media\/162361"}],"wp:attachment":[{"href":"http:\/\/cordobadirecto.com\/index.php\/wp-json\/wp\/v2\/media?parent=162360"}],"wp:term":[{"taxonomy":"category","embeddable":true,"href":"http:\/\/cordobadirecto.com\/index.php\/wp-json\/wp\/v2\/categories?post=162360"},{"taxonomy":"post_tag","embeddable":true,"href":"http:\/\/cordobadirecto.com\/index.php\/wp-json\/wp\/v2\/tags?post=162360"}],"curies":[{"name":"wp","href":"https:\/\/api.w.org\/{rel}","templated":true}]}}