{"id":16238,"date":"2021-08-30T19:06:19","date_gmt":"2021-08-30T19:06:19","guid":{"rendered":"https:\/\/es.digitaltrends.com\/?p=857000"},"modified":"2021-08-30T19:06:19","modified_gmt":"2021-08-30T19:06:19","slug":"proyecto-pelusa-muestrale-al-mundo-tu-foto-con-maradona","status":"publish","type":"post","link":"http:\/\/cordobadirecto.com\/index.php\/2021\/08\/30\/proyecto-pelusa-muestrale-al-mundo-tu-foto-con-maradona\/","title":{"rendered":"Proyecto Pelusa: mu\u00e9strale al mundo tu foto con Maradona"},"content":{"rendered":"<div><img src=\"http:\/\/cordobadirecto.com\/wp-content\/uploads\/2021\/08\/proyecto-pelusa-muestrale-al-mundo-tu-foto-con-maradona.jpg\" class=\"ff-og-image-inserted\"><\/div>\n<p>Luego de la muerte de <a href=\"https:\/\/es.digitaltrends.com\/entretenimiento\/sueno-bendito-mira-adelanto-serie-inspirada-maradona\/\">Diego Maradona<\/a>&nbsp;en noviembre del a\u00f1o pasado, las <a href=\"https:\/\/es.digitaltrends.com\/sociales\/\">redes sociales<\/a> y los medios de comunicaci\u00f3n se llenaron de im\u00e1genes del astro argentino.<\/p>\n<p>Por supuesto, las m\u00e1s populares mostraban a Diego levantar la Copa del Mundo que gan\u00f3 con Argentina en M\u00e9xico 1986 o vestir la camiseta del Boca Juniors, el club de sus amores. Es decir, registros que todos alguna vez hemos visto.<\/p>\n<p>Por lo mismo, una interesante iniciativa busca rescatar un lado menos conocido del exfutbolista al posar junto a los hinchas que a lo largo de su carrera lo idolatraron.<\/p>\n<p>Se trata de Proyecto Pelusa, con el que se invita a los fan\u00e1ticos a compartir las <a href=\"https:\/\/es.digitaltrends.com\/fotografia\/\">fotograf\u00edas <\/a>que alguna vez se tomaron junto al Diez.<\/p>\n<blockquote class=\"h-lazy-embed\" data-instgrm-captioned data-instgrm-permalink=\"https:\/\/www.instagram.com\/p\/CS6w5HHAMXW\/?utm_source=ig_embed&amp;amp;utm_campaign=loading\" data-instgrm-version=\"13\" data-initial-classes=\"instagram-media\" data-embed-name=\"instagram\" data-sdk-src=\"\/\/platform.instagram.com\/en_US\/embeds.js\"><\/blockquote>\n<p>En algunas de las narraciones que ya se han compartido se puede apreciar el amor que los fan\u00e1ticos sienten hacia la figura del argentino y la cercan\u00eda y humildad que \u00e9l entregaba en los encuentros con los aficionados.<\/p>\n<p>Proyecto Pelusa fue lanzado por el productor audiovisual y fan de Maradona Dami\u00e1n Cukierkorn en 2010, cuando Diego estaba a cargo de la selecci\u00f3n argentina.<\/p>\n<blockquote class=\"h-lazy-embed\" data-instgrm-captioned data-instgrm-permalink=\"https:\/\/www.instagram.com\/p\/CSt4JNLr-C6\/?utm_source=ig_embed&amp;amp;utm_campaign=loading\" data-instgrm-version=\"13\" data-initial-classes=\"instagram-media\" data-embed-name=\"instagram\" data-sdk-src=\"\/\/platform.instagram.com\/en_US\/embeds.js\"><\/blockquote>\n<p>\u201cCuando lo inici\u00e9 fue pensado como un experimento popular, social y colaborativo, en el cual pudi\u00e9ramos armar una especie de \u00e1lbum de figuritas de Maradona, pero a partir de su v\u00ednculo con la gente\u201d, cuenta el encargado del proyecto al sitio RT.<\/p>\n<blockquote class=\"h-lazy-embed\" data-instgrm-captioned data-instgrm-permalink=\"https:\/\/www.instagram.com\/p\/CSmM4ptAjgQ\/?utm_source=ig_embed&amp;amp;utm_campaign=loading\" data-instgrm-version=\"13\" data-initial-classes=\"instagram-media\" data-embed-name=\"instagram\" data-sdk-src=\"\/\/platform.instagram.com\/en_US\/embeds.js\"><\/blockquote>\n<p>Quienes quieran compartir su registro con el Diez deben completar el formulario del <a href=\"https:\/\/www.proyectopelusa.com\/\" target=\"_blank\" rel=\"noopener\">sitio web<\/a> o mediante mensaje directo por cualquiera de sus redes sociales.<\/p>\n<p>La plataforma publica una fotograf\u00eda por d\u00eda a las 10:10 de la ma\u00f1ana como homenaje al n\u00famero que el astro portaba en su camiseta.<\/p>\n<h4 class=\"h-editors-recs-title\"> Recomendaciones del editor\t<\/h4>\n<p> <span id=\"publisher-md\" itemprop=\"publisher\" itemscope itemtype=\"https:\/\/schema.org\/Organization\"> <span itemprop=\"url\" itemtype=\"https:\/\/schema.org\/Url\" content=\"https:\/\/es.digitaltrends.com\"> <span itemprop=\"logo\" itemscope itemtype=\"https:\/\/schema.org\/ImageObject\"> <meta itemprop=\"url\" content=\"https:\/\/cdn.dtcn.com\/dt\/dt-logo-small.png\"> <meta itemprop=\"width\" content=\"0\"> <meta itemprop=\"height\" content=\"0\"> <\/span> <meta itemprop=\"name\" content=\"Digital Trends Espa\u00f1ol\"> <\/span> <span itemprop=\"image\" itemscope itemtype=\"https:\/\/schema.org\/ImageObject\"> <meta itemprop=\"url\" content=\"http:\/\/cordobadirecto.com\/wp-content\/uploads\/2021\/08\/proyecto-pelusa-muestrale-al-mundo-tu-foto-con-maradona.jpg\"> <\/span> <\/span><\/p>\n","protected":false},"excerpt":{"rendered":"<p>Luego de la muerte de Diego Maradona&nbsp;en noviembre del a\u00f1o pasado, las redes sociales y los medios de comunicaci\u00f3n se llenaron de im\u00e1genes del astro argentino. Por supuesto, las m\u00e1s populares mostraban a Diego levantar la Copa del Mundo que gan\u00f3 con Argentina en M\u00e9xico 1986 o vestir la camiseta del Boca Juniors, el club [&hellip;]<\/p>\n","protected":false},"author":1,"featured_media":16239,"comment_status":"closed","ping_status":"closed","sticky":false,"template":"","format":"standard","meta":[],"categories":[21,26],"tags":[],"_links":{"self":[{"href":"http:\/\/cordobadirecto.com\/index.php\/wp-json\/wp\/v2\/posts\/16238"}],"collection":[{"href":"http:\/\/cordobadirecto.com\/index.php\/wp-json\/wp\/v2\/posts"}],"about":[{"href":"http:\/\/cordobadirecto.com\/index.php\/wp-json\/wp\/v2\/types\/post"}],"author":[{"embeddable":true,"href":"http:\/\/cordobadirecto.com\/index.php\/wp-json\/wp\/v2\/users\/1"}],"replies":[{"embeddable":true,"href":"http:\/\/cordobadirecto.com\/index.php\/wp-json\/wp\/v2\/comments?post=16238"}],"version-history":[{"count":0,"href":"http:\/\/cordobadirecto.com\/index.php\/wp-json\/wp\/v2\/posts\/16238\/revisions"}],"wp:featuredmedia":[{"embeddable":true,"href":"http:\/\/cordobadirecto.com\/index.php\/wp-json\/wp\/v2\/media\/16239"}],"wp:attachment":[{"href":"http:\/\/cordobadirecto.com\/index.php\/wp-json\/wp\/v2\/media?parent=16238"}],"wp:term":[{"taxonomy":"category","embeddable":true,"href":"http:\/\/cordobadirecto.com\/index.php\/wp-json\/wp\/v2\/categories?post=16238"},{"taxonomy":"post_tag","embeddable":true,"href":"http:\/\/cordobadirecto.com\/index.php\/wp-json\/wp\/v2\/tags?post=16238"}],"curies":[{"name":"wp","href":"https:\/\/api.w.org\/{rel}","templated":true}]}}