{"id":162439,"date":"2025-02-21T09:02:45","date_gmt":"2025-02-21T09:02:45","guid":{"rendered":"https:\/\/www.ole.com.ar\/futbol-ascenso\/ascenso-primera-nacional-colegiales-maratea_0_ikDncijxac.html"},"modified":"2025-02-21T09:02:45","modified_gmt":"2025-02-21T09:02:45","slug":"santiago-maratea-jugara-en-la-reserva-de-un-equipo-de-la-primera-nacional","status":"publish","type":"post","link":"http:\/\/cordobadirecto.com\/index.php\/2025\/02\/21\/santiago-maratea-jugara-en-la-reserva-de-un-equipo-de-la-primera-nacional\/","title":{"rendered":"Santiago Maratea jugar\u00e1 en la Reserva de un equipo de la Primera Nacional"},"content":{"rendered":"<p><span class=\"createDate\">20\/02\/2025 19:26hs.<\/span><time class=\"modificatedDate\" datetime=\"2025-02-20T20:34:20-03:00\"> Actualizado al 20\/02\/2025 20:34hs.<\/time><\/p>\n<div id=\"storyBody\">\n<div class=\"custom-text \" readability=\"36.488997555012\">\n<p>Un nombre que, en su momento, dio mucho que hablar en el f\u00fatbol argentino. Principalmente, por la hist\u00f3rica colecta que se realiz\u00f3 en <a href=\"https:\/\/www.ole.com.ar\/tema\/club-atletico-independiente.html\" title=\"Club Atl\u00e9tico Independiente\" alt=\"Club Atl\u00e9tico Independiente\" class=\"slug\">Independiente<\/a>. Despu\u00e9s, por ayudar a FC Ezeiza -tambi\u00e9n junt\u00f3 dinero-, equipo del Promocional Amateur que le puso su nombre al estadio. Y ahora, <a href=\"https:\/\/www.ole.com.ar\/tema\/santiago-maratea.html\" title=\"Santiago Maratea\" alt=\"Santiago Maratea\" class=\"slug\">Santiago Maratea<\/a> vuelve a estar en boca de todos <strong>por anunciar que jugar\u00e1 en la Reserva de un equipo de la <a href=\"https:\/\/www.ole.com.ar\/tema\/primera-nacional.html\" title=\"Primera Nacional\" alt=\"Primera Nacional\" class=\"slug\">Primera Nacional<\/a><\/strong>.<\/p>\n<\/div>\n<div class=\"custom-text \" readability=\"35.576923076923\">\n<p><strong>El club en cuesti\u00f3n es <a href=\"https:\/\/www.ole.com.ar\/tema\/colegiales.html\" title=\"Colegiales\" alt=\"Colegiales\" class=\"slug\">Colegiales<\/a><\/strong>. S\u00ed, el recientemente ascendido a la segunda categor\u00eda del f\u00fatbol argentino public\u00f3 un video en sus redes sociales anunciando que, a partir de este viernes, el influencer comenzar\u00e1 a entrenar junto al plantel de Reserva. <\/p>\n<\/div>\n<div class=\"custom-text \" readability=\"36\">\n<p>&#8220;Le quiero agradecer a la gente de Colegiales por esta oportunidad y mandarle un saludo a todos los hinchas, que ojal\u00e1 tambi\u00e9n me den la bienvenida. Estoy muy contento con <strong>este proyecto que apuntamos que tenga la seriedad que tiene el club<\/strong>&#8220;, expres\u00f3 Santiago en el video publicado.<\/p>\n<\/div>\n<div class=\"sc-e7b891c4-0 ifHnQL image-embed\"><img alt=\"A partir de este viernes, el influencer se sumar\u00e1 al segundo equipo de Cole (Foto: Mariela Mas).\" loading=\"lazy\" width=\"720\" height=\"100\" decoding=\"async\" data-nimg=\"1\" src=\"http:\/\/cordobadirecto.com\/wp-content\/uploads\/2025\/02\/santiago-maratea-jugara-en-la-reserva-de-un-equipo-de-la-primera-nacional.jpg\"><span class=\"epigraphe\">A partir de este viernes, el influencer se sumar\u00e1 al segundo equipo de Cole (Foto: Mariela Mas).<\/span><\/div>\n<div class=\"custom-text \" readability=\"38\">\n<p>Seg\u00fan informaron fuentes cercanas del club a <strong>Ol\u00e9<\/strong>, <strong>el motivo es puramente futbol\u00edstico<\/strong>. Si en alguna oportunidad Maratea es convocado o juega en la Reserva, <strong>ser\u00e1 por m\u00e9ritos deportivos o decisi\u00f3n del cuerpo t\u00e9cnico.<\/strong> Es decir, no hay ning\u00fan acuerdo espec\u00edfico en relaci\u00f3n a que deba disputar cierta cantidad de partidos.<\/p>\n<\/div>\n<div class=\"custom-text \" readability=\"41\">\n<p>A\u00fan as\u00ed, Maratea aclar\u00f3 que <strong>&#8220;en cualquier otra cosa que pueda ayudar al club, lo voy a hacer&#8221;<\/strong>. Y adem\u00e1s de se\u00f1alar que no va a realizar una colecta, sentenci\u00f3: &#8220;El fin es, con seriedad, poder meterme, entrenar, progresar y compartir tiempo en el club con los chicos del plantel&#8221;.<\/p>\n<\/div>\n<p><h2><strong>El video de presentaci\u00f3n de Santiago Maratea en Colegiales<\/strong><\/h2>\n<\/p>\n<div class=\"sc-734b4696-1 kFfZtB\">\n<div class=\"sc-d00d9e74-0 hnHYbk\" type=\"embed\">\n<div class=\"sc-d00d9e74-1 iKVbz videoText\" id=\"contentTitleembedsHb0K0dF\" type=\"embed\"><svg fill=\"#ffffff\"><symbol id=\"play\" viewBox=\"0 0 512 512\"><path d=\"M512 256C512 397.4 397.4 512 256 512C114.6 512 0 397.4 0 256C0 114.6 114.6 0 256 0C397.4 0 512 114.6 512 256zM176 168V344C176 352.7 180.7 360.7 188.3 364.9C195.8 369.2 205.1 369 212.5 364.5L356.5 276.5C363.6 272.1 368 264.4 368 256C368 247.6 363.6 239.9 356.5 235.5L212.5 147.5C205.1 142.1 195.8 142.8 188.3 147.1C180.7 151.3 176 159.3 176 168V168z\" \/><\/symbol><use xlink:href=\"#play\" \/><\/svg><\/p>\n<div class=\"right\">\n<p>Santiago Maratea<!-- --> &#8211; <span>&nbsp;<\/span><\/p>\n<h2 class=\"title-vid\">Colegiales anunci\u00f3 que Santi Maratea va a entrenar en Reserva<\/h2>\n<\/div>\n<\/div>\n<p><span class=\"back\" id=\"spanBackembedsHb0K0dF\"><\/span><\/div>\n<\/div>\n<p><h2><strong>El mercado de pases de Colegiales<\/strong><\/h2>\n<\/p>\n<div class=\"custom-text \" readability=\"62\">\n<p>En un MdP movido, <strong>Cole sum\u00f3 a<\/strong> Fernando Di Massimo, Benjam\u00edn Gim\u00e9nez,, Adnr\u00e9s Lioi, Fernando Ponce, Leandro Montagnoli, Mauricio Bermejo, Leonel Duarte, Guillermo Villalba, Nicol\u00e1s \u00e1lvarez, David M\u00fcller, Lautaro Torres, Iv\u00e1n Fern\u00e1ndez, Valent\u00edn Robaldo, Lucas Gim\u00e9nez, Juan Pablo L\u00f3pez, Iv\u00e1n Ortigoza, Juan Mart\u00edn Rojas, Ignacio Vallejos, Nicol\u00e1s Franco, Bahiano Garc\u00eda, Franco Malague\u00f1o, Santiago Stasorier, Lautaro Gordillo, Lucio Castillo, Mart\u00edn Rodr\u00edguez, Federico Mar\u00edn y Francisco Salerno.<\/p>\n<\/div>\n<div class=\"sc-e7b891c4-0 ifHnQL image-embed\"><img alt=\"Lautaro Torres es una de las caras nuevas de Cole (Prensa Colegiales).\" loading=\"lazy\" width=\"720\" height=\"100\" decoding=\"async\" data-nimg=\"1\" src=\"http:\/\/cordobadirecto.com\/wp-content\/uploads\/2025\/02\/santiago-maratea-jugara-en-la-reserva-de-un-equipo-de-la-primera-nacional-1.jpg\"><span class=\"epigraphe\">Lautaro Torres es una de las caras nuevas de Cole (Prensa Colegiales).<\/span><\/div>\n<div class=\"custom-text \" readability=\"53\">\n<p>Por otra parte, <strong>se fueron del club<\/strong> Diego Magallanes, Mat\u00edas Machado, Leonel Schimpp, Nicol\u00e1s Toloza, Federico Tursi, Nazareno Diosquez, Federico Marchesini, Lucas Villarruel, Bruno B\u00e1ez, F\u00e9lix Villacorta, Alan Abreg\u00fa, Santiago Camacho, Facundo Ruiz, Mart\u00edn Polizzotto, Lucas Lezcano, Valent\u00edn Quevedo, Augusto Alcorcel, Kevin Barrionuevo y Franco Romero.<\/p>\n<\/div>\n<div class=\"sc-a7166897-0 eoLsBE\" readability=\"7.5\">\n<section readability=\"5\"><picture><img alt=\"Un jugador de San Mart\u00edn (T), en llamas: &quot;Entrenar a esta hora es inhumano, no la estoy pasando bien&quot;\" loading=\"lazy\" width=\"290\" height=\"290\" decoding=\"async\" data-nimg=\"1\" src=\"http:\/\/cordobadirecto.com\/wp-content\/uploads\/2025\/02\/santiago-maratea-jugara-en-la-reserva-de-un-equipo-de-la-primera-nacional-2.jpg\"><\/picture>\n<p><span>Mir\u00e1 tambi\u00e9n<\/span><\/p>\n<hr>\n<h3>Un jugador de San Mart\u00edn (T), en llamas: &#8220;Entrenar a esta hora es inhumano, no la estoy pasando bien&#8221;<\/h3>\n<\/p>\n<\/section>\n<\/div>\n<div class=\"sc-a7166897-0 eoLsBE\" readability=\"7.5\">\n<section readability=\"5\"><picture><img alt=\"Jug\u00f3 en Boca, lo dirigi\u00f3 Maradona, fue campe\u00f3n con Tigre y firm\u00f3 con un equipo de quinta divisi\u00f3n\" loading=\"lazy\" width=\"290\" height=\"290\" decoding=\"async\" data-nimg=\"1\" src=\"http:\/\/cordobadirecto.com\/wp-content\/uploads\/2025\/02\/santiago-maratea-jugara-en-la-reserva-de-un-equipo-de-la-primera-nacional-3.jpg\"><\/picture>\n<p><span>Mir\u00e1 tambi\u00e9n<\/span><\/p>\n<hr>\n<h3>Jug\u00f3 en Boca, lo dirigi\u00f3 Maradona, fue campe\u00f3n con Tigre y firm\u00f3 con un equipo de quinta divisi\u00f3n<\/h3>\n<\/p>\n<\/section>\n<\/div>\n<\/div>\n","protected":false},"excerpt":{"rendered":"<p>20\/02\/2025 19:26hs. Actualizado al 20\/02\/2025 20:34hs. Un nombre que, en su momento, dio mucho que hablar en el f\u00fatbol argentino. Principalmente, por la hist\u00f3rica colecta que se realiz\u00f3 en Independiente. Despu\u00e9s, por ayudar a FC Ezeiza -tambi\u00e9n junt\u00f3 dinero-, equipo del Promocional Amateur que le puso su nombre al estadio. Y ahora, Santiago Maratea vuelve [&hellip;]<\/p>\n","protected":false},"author":1,"featured_media":162440,"comment_status":"closed","ping_status":"closed","sticky":false,"template":"","format":"standard","meta":[],"categories":[21],"tags":[],"_links":{"self":[{"href":"http:\/\/cordobadirecto.com\/index.php\/wp-json\/wp\/v2\/posts\/162439"}],"collection":[{"href":"http:\/\/cordobadirecto.com\/index.php\/wp-json\/wp\/v2\/posts"}],"about":[{"href":"http:\/\/cordobadirecto.com\/index.php\/wp-json\/wp\/v2\/types\/post"}],"author":[{"embeddable":true,"href":"http:\/\/cordobadirecto.com\/index.php\/wp-json\/wp\/v2\/users\/1"}],"replies":[{"embeddable":true,"href":"http:\/\/cordobadirecto.com\/index.php\/wp-json\/wp\/v2\/comments?post=162439"}],"version-history":[{"count":0,"href":"http:\/\/cordobadirecto.com\/index.php\/wp-json\/wp\/v2\/posts\/162439\/revisions"}],"wp:featuredmedia":[{"embeddable":true,"href":"http:\/\/cordobadirecto.com\/index.php\/wp-json\/wp\/v2\/media\/162440"}],"wp:attachment":[{"href":"http:\/\/cordobadirecto.com\/index.php\/wp-json\/wp\/v2\/media?parent=162439"}],"wp:term":[{"taxonomy":"category","embeddable":true,"href":"http:\/\/cordobadirecto.com\/index.php\/wp-json\/wp\/v2\/categories?post=162439"},{"taxonomy":"post_tag","embeddable":true,"href":"http:\/\/cordobadirecto.com\/index.php\/wp-json\/wp\/v2\/tags?post=162439"}],"curies":[{"name":"wp","href":"https:\/\/api.w.org\/{rel}","templated":true}]}}