{"id":162457,"date":"2025-02-22T07:30:45","date_gmt":"2025-02-22T07:30:45","guid":{"rendered":"https:\/\/puntoapunto.com.ar\/?p=370370"},"modified":"2025-02-22T07:30:45","modified_gmt":"2025-02-22T07:30:45","slug":"llega-futuracamp-2025-el-campamento-de-formacion-para-futuras-lideres-en-tecnologia","status":"publish","type":"post","link":"http:\/\/cordobadirecto.com\/index.php\/2025\/02\/22\/llega-futuracamp-2025-el-campamento-de-formacion-para-futuras-lideres-en-tecnologia\/","title":{"rendered":"Llega FuturaCamp 2025: el campamento de formaci\u00f3n para futuras l\u00edderes en tecnolog\u00eda"},"content":{"rendered":"<p data-pm-slice=\"1 1 []\">De la mano de MeT (Mujeres en Tecnolog\u00eda),<strong> el 26 y 27 de abril se llevar\u00e1 a cabo una nueva edici\u00f3n de FuturaCamp, un campamento de formaci\u00f3n dirigido a mujeres y diversidades de g\u00e9nero estudiantes de carreras tecnol\u00f3gicas.<\/strong> En esta ocasi\u00f3n, el encuentro tendr\u00e1 una tem\u00e1tica especial: Clima Tech, donde las participantes desarrollar\u00e1n soluciones innovadoras para mitigar la emergencia clim\u00e1tica mediante tecnolog\u00eda y ciencia de datos. El evento tendr\u00e1 lugar en la Facultad de Ciencias Exactas, F\u00edsicas y Naturales de la Universidad Nacional de C\u00f3rdoba (sede Ciudad Universitaria).<\/p>\n<p><strong>Innovaci\u00f3n y aprendizaje en comunidad<\/strong><\/p>\n<p>FuturaCamp 2025 busca <strong>fomentar el desarrollo profesional de mujeres en STEM<\/strong> (Ciencia, Tecnolog\u00eda, Ingenier\u00eda y Matem\u00e1ticas) mediante la aplicaci\u00f3n de metodolog\u00edas \u00e1giles y tecnolog\u00edas emergentes. Las participantes podr\u00e1n aprender de expertas en tecnolog\u00eda y ciencia de datos, trabajar en equipo y desarrollar soluciones tecnol\u00f3gicas innovadoras a problemas reales relacionados con el cambio clim\u00e1tico.<\/p>\n<p>El evento est\u00e1 dirigido a estudiantes mayores de 18 a\u00f1os de carreras como Sistemas, Computaci\u00f3n, Biotecnolog\u00eda, Ciencia de Datos, Telecomunicaciones, Desarrollo Web, Electr\u00f3nica, entre otras.<\/p>\n<p><img decoding=\"async\" class=\"aligncenter size-full wp-image-370372\" src=\"http:\/\/cordobadirecto.com\/wp-content\/uploads\/2025\/02\/llega-futuracamp-2025-el-campamento-de-formacion-para-futuras-lideres-en-tecnologia.jpg\" alt width=\"1120\" height=\"746\" srcset=\"http:\/\/cordobadirecto.com\/wp-content\/uploads\/2025\/02\/llega-futuracamp-2025-el-campamento-de-formacion-para-futuras-lideres-en-tecnologia.jpg 1120w, http:\/\/cordobadirecto.com\/wp-content\/uploads\/2025\/02\/llega-futuracamp-2025-el-campamento-de-formacion-para-futuras-lideres-en-tecnologia-1.jpg 300w, http:\/\/cordobadirecto.com\/wp-content\/uploads\/2025\/02\/llega-futuracamp-2025-el-campamento-de-formacion-para-futuras-lideres-en-tecnologia-2.jpg 1024w, http:\/\/cordobadirecto.com\/wp-content\/uploads\/2025\/02\/llega-futuracamp-2025-el-campamento-de-formacion-para-futuras-lideres-en-tecnologia-3.jpg 768w, http:\/\/cordobadirecto.com\/wp-content\/uploads\/2025\/02\/llega-futuracamp-2025-el-campamento-de-formacion-para-futuras-lideres-en-tecnologia-4.jpg 750w\" sizes=\"(max-width: 1120px) 100vw, 1120px\" loading=\"lazy\"><\/p>\n<p><strong>Ediciones anteriores y crecimiento del proyecto<\/strong><\/p>\n<p>Desde su primera edici\u00f3n, FuturaCamp ha crecido significativamente. En su debut, <strong>m\u00e1s de 70 estudiantes viajaron a Embalse (C\u00f3rdoba) y dise\u00f1aron siete soluciones de smart cities para la regi\u00f3n.<\/strong> Azul Arga\u00f1araz, estudiante de Ingenier\u00eda en la Universidad Siglo 21, destac\u00f3 la importancia del evento: \u201cM\u00e1s all\u00e1 de lo acad\u00e9mico, es muy valioso empezar a rodearnos de mujeres. Nos ayuda mucho a aprender e inspirarnos\u201d.<\/p>\n<p>El segundo encuentro se realiz\u00f3 en Chapadmalal y reuni\u00f3 a 110 participantes, quienes trabajaron en 10 proyectos de ciudades inteligentes para la regi\u00f3n costera. Romina Rodr\u00edguez Moreau, una de las asistentes, se\u00f1al\u00f3: \u201cParticipar en FuturaCamp me ayud\u00f3 a entender de manera integral los distintos sectores de la tecnolog\u00eda y c\u00f3mo se articulan entre ellos. Adem\u00e1s, ampli\u00f3 mi horizonte profesional, brind\u00e1ndome herramientas para cumplir mis objetivos\u201d.<\/p>\n<p><strong>\u00bfC\u00f3mo participar en la edici\u00f3n 2025?<\/strong><\/p>\n<p>La experiencia se desarrollar\u00e1 en dos jornadas intensivas, de 9 a 18 hs, sin alojamiento incluido. Las interesadas pueden obtener m\u00e1s informaci\u00f3n e inscribirse a trav\u00e9s del sitio web oficial: <a href=\"http:\/\/www.mujeresentecnologia.org\/futuracamp\/\">www.mujeresentecnologia.org\/futuracamp<\/a>.<\/p>\n","protected":false},"excerpt":{"rendered":"<p>De la mano de MeT (Mujeres en Tecnolog\u00eda), el 26 y 27 de abril se llevar\u00e1 a cabo una nueva edici\u00f3n de FuturaCamp, un campamento de formaci\u00f3n dirigido a mujeres y diversidades de g\u00e9nero estudiantes de carreras tecnol\u00f3gicas. En esta ocasi\u00f3n, el encuentro tendr\u00e1 una tem\u00e1tica especial: Clima Tech, donde las participantes desarrollar\u00e1n soluciones innovadoras [&hellip;]<\/p>\n","protected":false},"author":1,"featured_media":162458,"comment_status":"closed","ping_status":"closed","sticky":false,"template":"","format":"standard","meta":[],"categories":[25],"tags":[],"_links":{"self":[{"href":"http:\/\/cordobadirecto.com\/index.php\/wp-json\/wp\/v2\/posts\/162457"}],"collection":[{"href":"http:\/\/cordobadirecto.com\/index.php\/wp-json\/wp\/v2\/posts"}],"about":[{"href":"http:\/\/cordobadirecto.com\/index.php\/wp-json\/wp\/v2\/types\/post"}],"author":[{"embeddable":true,"href":"http:\/\/cordobadirecto.com\/index.php\/wp-json\/wp\/v2\/users\/1"}],"replies":[{"embeddable":true,"href":"http:\/\/cordobadirecto.com\/index.php\/wp-json\/wp\/v2\/comments?post=162457"}],"version-history":[{"count":0,"href":"http:\/\/cordobadirecto.com\/index.php\/wp-json\/wp\/v2\/posts\/162457\/revisions"}],"wp:featuredmedia":[{"embeddable":true,"href":"http:\/\/cordobadirecto.com\/index.php\/wp-json\/wp\/v2\/media\/162458"}],"wp:attachment":[{"href":"http:\/\/cordobadirecto.com\/index.php\/wp-json\/wp\/v2\/media?parent=162457"}],"wp:term":[{"taxonomy":"category","embeddable":true,"href":"http:\/\/cordobadirecto.com\/index.php\/wp-json\/wp\/v2\/categories?post=162457"},{"taxonomy":"post_tag","embeddable":true,"href":"http:\/\/cordobadirecto.com\/index.php\/wp-json\/wp\/v2\/tags?post=162457"}],"curies":[{"name":"wp","href":"https:\/\/api.w.org\/{rel}","templated":true}]}}