{"id":162476,"date":"2025-02-21T21:07:33","date_gmt":"2025-02-21T21:07:33","guid":{"rendered":"https:\/\/www.ole.com.ar\/autos\/pilotos-f1-formula-1-agarraron-carlos-sainz-piloto_0_fbmSlopLAA.html"},"modified":"2025-02-21T21:07:33","modified_gmt":"2025-02-21T21:07:33","slug":"los-pilotos-de-la-f1-se-la-agarraron-con-carlos-sainz-que-seria-si-no-fuera-piloto","status":"publish","type":"post","link":"http:\/\/cordobadirecto.com\/index.php\/2025\/02\/21\/los-pilotos-de-la-f1-se-la-agarraron-con-carlos-sainz-que-seria-si-no-fuera-piloto\/","title":{"rendered":"Los pilotos de la F1 se la agarraron con Carlos Sainz: \u00bfqu\u00e9 ser\u00eda si no fuera piloto?"},"content":{"rendered":"<p><time class=\"createDate\" datetime=\"2025-02-21T18:07:33-03:00\">21\/02\/2025 18:07hs.<\/time><\/p>\n<div id=\"storyBody\">\n<div class=\"custom-text \" readability=\"37.881873727088\">\n<p>La temporada de 2025 de la<strong> F\u00f3rmula 1<\/strong> cada vez est\u00e1 m\u00e1s cerca. El martes se realiz\u00f3 <a href=\"https:\/\/www.ole.com.ar\/autos\/f175-live-hoy-vivo-hora-ver-presentacion-evento-formula-1-f1_0_sn3NiXqyJw.html\" target=\"_self\" title=\"el evento de presentaci\u00f3n\" alt=\"el evento de presentaci\u00f3n\" rel=\"noopener\">el evento de presentaci\u00f3n<\/a> de la misma, que fue especial por los<strong> <\/strong>75 a\u00f1os que cumple la categor\u00eda y por todos los atractivos que tuvo. <strong>All\u00ed estuvieron los 20 pilotos de la M\u00e1xima<\/strong> (m\u00e1s tantos otros, como Franco Colapinto, que hasta se puso el buzo antiflama rosa de Alpine), y al pasar por la alfombra roja no faltaron los chistes. <strong>\u00bfLa v\u00edctima principal? Carlos Sainz, el nuevo corredor de Williams.<\/strong><\/p>\n<\/div>\n<p><h2><strong>Los pilotos de la F1 bromearon con Carlos Sainz<\/strong><\/h2>\n<\/p>\n<div class=\"custom-text \" readability=\"40\">\n<p>Una de las entrevistas que llam\u00f3 la atenci\u00f3n de los hinchas fue la del medio brit\u00e1nico Sport Bible, que le pregunt\u00f3 a varios pilotos qu\u00e9 ser\u00eda de la vida de sus colegas si no vivieran del automovilismo, <strong>apuntando espec\u00edficamente al espa\u00f1ol Sainz<\/strong>. Algunos, como Lando Norris, Oscar Piastri y George Russell, se animaron a contestar y dejaron respuestas divertid\u00edsimas.<\/p>\n<\/div>\n<div class=\"sc-e7b891c4-0 ifHnQL image-embed\"><img alt=\"Carlos Sainz, nuevo compa\u00f1ero de Albon, fue el foco de las bromas. (@WilliamsRacing)\" loading=\"lazy\" width=\"720\" height=\"100\" decoding=\"async\" data-nimg=\"1\" src=\"http:\/\/cordobadirecto.com\/wp-content\/uploads\/2025\/02\/los-pilotos-de-la-f1-se-la-agarraron-con-carlos-sainz-que-seria-si-no-fuera-piloto.jpg\"><span class=\"epigraphe\">Carlos Sainz, nuevo compa\u00f1ero de Albon, fue el foco de las bromas. (@WilliamsRacing)<\/span><\/div>\n<div class=\"custom-text \" readability=\"45\">\n<p><strong>Yuki Tsunoda<\/strong>, de<strong> <\/strong>Racing Bulls,<strong> <\/strong>respondi\u00f3: &#8220;<strong>Actor en la pr\u00f3xima pel\u00edcula de Gladiador&#8221;<\/strong>. Por su lado,<strong> Esteban Ocon<\/strong> no dud\u00f3 y contest\u00f3 que ser\u00eda un &#8220;<strong>crossfitter<\/strong>&#8220;. El neozeland\u00e9s <strong>Liam Lawson<\/strong>, flamante compa\u00f1ero de<strong> <\/strong>Max<strong> <\/strong>Verstappen, tambi\u00e9n se la jug\u00f3 y dijo que <strong>&#8220;creo que ser\u00eda chef<\/strong>&#8220;, aunque aclar\u00f3 que desconoce c\u00f3mo se desempe\u00f1a el ib\u00e9rico en la cocina. <strong> <\/strong>Los dos pilotos titulares de McLaren tambi\u00e9n dieron su opini\u00f3n: <strong>&#8220;Trabajar\u00eda en una tienda de mascotas, cuidando perros<\/strong>&#8221; dijo<strong> Lando Norris <\/strong>entre risas, mientras que<strong> Oscar Piastri<\/strong> respondi\u00f3 que &#8220;est\u00e1 haciendo mucho ciclismo, as\u00ed que tal vez ser\u00eda ciclista&#8221;. El \u00faltimo en responder fue George Russell, y asegur\u00f3: <strong>&#8220;Ser\u00eda un conocedor de vinos<\/strong>&#8220;.<\/p>\n<\/div>\n<div class=\"custom-text \" readability=\"39\">\n<p>El piloto espa\u00f1ol no se qued\u00f3 callado y declar\u00f3 a qu\u00e9 se dedicar\u00eda si no fuera corredor: &#8220;<strong>Atleta de alg\u00fan otro deporte<\/strong>&#8220;. Tras su respuesta, le repreguntaron si no ser\u00eda cantante, y en referencia a eso dijo: &#8220;No, no, desafortunadamente, no s\u00e9 cantar&#8221;.<\/p>\n<\/div>\n<div class=\"sc-734b4696-1 kFfZtB\">\n<div class=\"sc-d00d9e74-0 hnHYbk vertical\" type=\"embed\">\n<div class=\"sc-d00d9e74-1 iKVbz videoText\" id=\"contentTitleembedTiasUBSy\" type=\"embed\"><svg fill=\"#ffffff\"><symbol id=\"play\" viewBox=\"0 0 512 512\"><path d=\"M512 256C512 397.4 397.4 512 256 512C114.6 512 0 397.4 0 256C0 114.6 114.6 0 256 0C397.4 0 512 114.6 512 256zM176 168V344C176 352.7 180.7 360.7 188.3 364.9C195.8 369.2 205.1 369 212.5 364.5L356.5 276.5C363.6 272.1 368 264.4 368 256C368 247.6 363.6 239.9 356.5 235.5L212.5 147.5C205.1 142.1 195.8 142.8 188.3 147.1C180.7 151.3 176 159.3 176 168V168z\" \/><\/symbol><use xlink:href=\"#play\" \/><\/svg><\/p>\n<div class=\"right\">\n<p>Carlos Sainz<!-- --> &#8211; <span>&nbsp;<\/span><\/p>\n<h2 class=\"title-vid\">\u00bfA qu\u00e9 se dedicar\u00eda Sainz si no fuera piloto de la F\u00f3rmula 1?<\/h2>\n<\/div>\n<\/div>\n<p><span class=\"back\" id=\"spanBackembedTiasUBSy\"><\/span><\/div>\n<div class=\"JWvideoNota_title\">\n<p>Video: @sportbible<\/p>\n<\/div>\n<\/div>\n<div class=\"sc-a7166897-0 eoLsBE\" readability=\"6\">\n<section readability=\"2\"><picture><img alt=\"La revelaci\u00f3n en torno a Jack Doohan: &quot;No est\u00e1 en el mejor estado de \u00e1nimo&quot;\" loading=\"lazy\" width=\"290\" height=\"290\" decoding=\"async\" data-nimg=\"1\" src=\"http:\/\/cordobadirecto.com\/wp-content\/uploads\/2025\/02\/los-pilotos-de-la-f1-se-la-agarraron-con-carlos-sainz-que-seria-si-no-fuera-piloto-1.jpg\"><\/picture>\n<p><span>Mir\u00e1 tambi\u00e9n<\/span><\/p>\n<hr>\n<h3>La revelaci\u00f3n en torno a Jack Doohan: &#8220;No est\u00e1 en el mejor estado de \u00e1nimo&#8221;<\/h3>\n<\/p>\n<\/section>\n<\/div>\n<div class=\"sc-a7166897-0 eoLsBE\" readability=\"6.5\">\n<section readability=\"3\"><picture><img alt=\"La Exhibici\u00f3n de la F\u00f3rmula 1 por dentro: de qu\u00e9 trata y qu\u00e9 se ver\u00e1 en Buenos Aires\" loading=\"lazy\" width=\"290\" height=\"290\" decoding=\"async\" data-nimg=\"1\" src=\"http:\/\/cordobadirecto.com\/wp-content\/uploads\/2025\/02\/los-pilotos-de-la-f1-se-la-agarraron-con-carlos-sainz-que-seria-si-no-fuera-piloto-2.jpg\"><\/picture>\n<p><span>Mir\u00e1 tambi\u00e9n<\/span><\/p>\n<hr>\n<h3>La Exhibici\u00f3n de la F\u00f3rmula 1 por dentro: de qu\u00e9 trata y qu\u00e9 se ver\u00e1 en Buenos Aires<\/h3>\n<\/p>\n<\/section>\n<\/div>\n<div class=\"sc-a7166897-0 eoLsBE\" readability=\"6\">\n<section readability=\"2\"><picture><img alt=\"El CEO de Renault y un gui\u00f1o para Colapinto: &quot;Briatore eligi\u00f3 bien&quot;\" loading=\"lazy\" width=\"290\" height=\"290\" decoding=\"async\" data-nimg=\"1\" src=\"http:\/\/cordobadirecto.com\/wp-content\/uploads\/2025\/02\/los-pilotos-de-la-f1-se-la-agarraron-con-carlos-sainz-que-seria-si-no-fuera-piloto-3.jpg\"><\/picture>\n<p><span>Mir\u00e1 tambi\u00e9n<\/span><\/p>\n<hr>\n<h3>El CEO de Renault y un gui\u00f1o para Colapinto: &#8220;Briatore eligi\u00f3 bien&#8221;<\/h3>\n<\/p>\n<\/section>\n<\/div>\n<\/div>\n","protected":false},"excerpt":{"rendered":"<p>21\/02\/2025 18:07hs. La temporada de 2025 de la F\u00f3rmula 1 cada vez est\u00e1 m\u00e1s cerca. El martes se realiz\u00f3 el evento de presentaci\u00f3n de la misma, que fue especial por los 75 a\u00f1os que cumple la categor\u00eda y por todos los atractivos que tuvo. All\u00ed estuvieron los 20 pilotos de la M\u00e1xima (m\u00e1s tantos otros, [&hellip;]<\/p>\n","protected":false},"author":1,"featured_media":162477,"comment_status":"closed","ping_status":"closed","sticky":false,"template":"","format":"standard","meta":[],"categories":[21],"tags":[],"_links":{"self":[{"href":"http:\/\/cordobadirecto.com\/index.php\/wp-json\/wp\/v2\/posts\/162476"}],"collection":[{"href":"http:\/\/cordobadirecto.com\/index.php\/wp-json\/wp\/v2\/posts"}],"about":[{"href":"http:\/\/cordobadirecto.com\/index.php\/wp-json\/wp\/v2\/types\/post"}],"author":[{"embeddable":true,"href":"http:\/\/cordobadirecto.com\/index.php\/wp-json\/wp\/v2\/users\/1"}],"replies":[{"embeddable":true,"href":"http:\/\/cordobadirecto.com\/index.php\/wp-json\/wp\/v2\/comments?post=162476"}],"version-history":[{"count":0,"href":"http:\/\/cordobadirecto.com\/index.php\/wp-json\/wp\/v2\/posts\/162476\/revisions"}],"wp:featuredmedia":[{"embeddable":true,"href":"http:\/\/cordobadirecto.com\/index.php\/wp-json\/wp\/v2\/media\/162477"}],"wp:attachment":[{"href":"http:\/\/cordobadirecto.com\/index.php\/wp-json\/wp\/v2\/media?parent=162476"}],"wp:term":[{"taxonomy":"category","embeddable":true,"href":"http:\/\/cordobadirecto.com\/index.php\/wp-json\/wp\/v2\/categories?post=162476"},{"taxonomy":"post_tag","embeddable":true,"href":"http:\/\/cordobadirecto.com\/index.php\/wp-json\/wp\/v2\/tags?post=162476"}],"curies":[{"name":"wp","href":"https:\/\/api.w.org\/{rel}","templated":true}]}}