{"id":162478,"date":"2025-02-21T20:29:06","date_gmt":"2025-02-21T20:29:06","guid":{"rendered":"https:\/\/www.ole.com.ar\/autos\/presidente-fia-ben-sulayem-ilusiona-vuelta-motores-v10-f1-formula-1_0_11tLsKHUhc.html"},"modified":"2025-02-21T20:29:06","modified_gmt":"2025-02-21T20:29:06","slug":"f1-el-presidente-de-la-fia-se-ilusiona-con-la-vuelta-de-los-motores-v10","status":"publish","type":"post","link":"http:\/\/cordobadirecto.com\/index.php\/2025\/02\/21\/f1-el-presidente-de-la-fia-se-ilusiona-con-la-vuelta-de-los-motores-v10\/","title":{"rendered":"F1: el presidente de la FIA se ilusiona con la vuelta de los motores V10"},"content":{"rendered":"<p><time class=\"createDate\" datetime=\"2025-02-21T17:29:06-03:00\">21\/02\/2025 17:29hs.<\/time><\/p>\n<div id=\"storyBody\">\n<div class=\"custom-text \" readability=\"43\">\n<p>Aunque el ruido dej\u00f3 la <strong>F\u00f3rmula 1 <\/strong>hace m\u00e1s de una d\u00e9cada, dado que en 2014 llegaron los motores V6 h\u00edbridos que mitigaron el sonido caracter\u00edstico de la categor\u00eda, el debate no cesa: \u00bfdeber\u00edan volver los impulsores grandes y, con ellos, el rugido que enamor\u00f3 a pilotos e hinchas? Por m\u00e1s que parezca lejano, sobre todo vini\u00e9ndose un nuevo cambio reglamentario en 2026, una figura trascendental del mundo del automovilismo los volvi\u00f3 a acercar a la M\u00e1xima: <strong>Mohammed ben Sulayem, presidente de la FIA, quien se ilusiona con su retorno.<\/strong><\/p>\n<\/div>\n<div class=\"custom-text \" readability=\"39\">\n<p>Consciente de c\u00f3mo ser\u00e1n los impulsores el pr\u00f3ximo a\u00f1o, sin MGU-H (recupera energ\u00eda t\u00e9rmica y la transforma en energ\u00eda el\u00e9ctrica), <strong>con un foco mayor en el motor el\u00e9ctrico y empleando combustible 100% sustentable<\/strong>, el emirat\u00ed se anim\u00f3 a pensar m\u00e1s all\u00e1: &#8220;Mientras esperamos con inter\u00e9s la introducci\u00f3n del reglamento de chasis y unidades de potencia de 2026, tambi\u00e9n necesitamos liderar las futuras tendencias tecnol\u00f3gicas en el automovilismo&#8221;.<\/p>\n<\/div>\n<div class=\"sc-e7b891c4-0 ifHnQL image-embed\"><img alt=\"Ben Sulayem se ilusiona con la vuelta de los V10. (REUTERS\/Maxim Shemetov)\" loading=\"lazy\" width=\"720\" height=\"100\" decoding=\"async\" data-nimg=\"1\" src=\"http:\/\/cordobadirecto.com\/wp-content\/uploads\/2025\/02\/f1-el-presidente-de-la-fia-se-ilusiona-con-la-vuelta-de-los-motores-v10.jpg\"><span class=\"epigraphe\">Ben Sulayem se ilusiona con la vuelta de los V10. (REUTERS\/Maxim Shemetov)<\/span><\/div>\n<div class=\"custom-text \" readability=\"38\">\n<p>En ese sentido, el mandam\u00e1s de la FIA propuso: &#8220;<strong>Deber\u00edamos contemplar toda una serie de direcciones, incluido el rugido de un V10 que funcione con combustible sostenible. <\/strong>La satisfacci\u00f3n de nuestros miembros y aficionados siempre estar\u00e1 en el centro de todo lo que hagamos&#8221;. Si bien la oferta luce tentadora, deber\u00e1 contentar a los fabricantes&#8230;<\/p>\n<\/div>\n<p><h2><strong>Los motores V10 no van de la mano con el deseo de los fabricantes<\/strong><\/h2>\n<\/p>\n<div class=\"custom-text \" readability=\"41\">\n<p>Una de las razonas por las que muchas marcas se acercaron a la F\u00f3rmula 1, como Audi, Cadillac y Ford -motorizar\u00e1 a Red Bull-,<strong> es por haberse volcado a los motores el\u00e9ctricos<\/strong>, los que fabrican -y proyectan seguir fabricando- para los autos de calle. Los motores grandes, aun siendo los favoritos de los hinchas, van a contramano con los deseos de muchos equipos. <\/p>\n<\/div>\n<div class=\"sc-e7b891c4-0 ifHnQL image-embed\"><img alt=\"La temporada 2005 fue la \u00faltima en la que toda la grilla corri\u00f3 con motores V10. (AP)\" loading=\"lazy\" width=\"720\" height=\"100\" decoding=\"async\" data-nimg=\"1\" src=\"http:\/\/cordobadirecto.com\/wp-content\/uploads\/2025\/02\/f1-el-presidente-de-la-fia-se-ilusiona-con-la-vuelta-de-los-motores-v10-1.jpg\"><span class=\"epigraphe\">La temporada 2005 fue la \u00faltima en la que toda la grilla corri\u00f3 con motores V10. (AP)<\/span><\/div>\n<div class=\"custom-text \" readability=\"42\">\n<p>Igualmente, no es un t\u00f3pico que se toque solamente entre los fan\u00e1ticos. Sebastian Vettel, despu\u00e9s de tener que apagar su Ferrari por un problema el\u00e9ctrico en 2019, solt\u00f3 el recordado <strong>&#8220;traigan de vuelta los pu&#8230; V12&#8221;<\/strong>. Adem\u00e1s de \u00e9l, Lewis Hamilton, escuchando pasar a Fernando Alonso con el Renault campe\u00f3n del 2005, opin\u00f3: &#8220;Ese sonido es tan bueno&#8230; <strong>es el mejor sonido de un auto de carreras en toda la historia, odio que lo hayan eliminado<\/strong>&#8220;. <\/p>\n<\/div>\n<div class=\"custom-text \" readability=\"39\">\n<p>Vale recordar que esa m\u00e1quina, con la que Nano destron\u00f3 a Michael Schumacher -ven\u00eda de cinco t\u00edtulos al hilo en Ferrari-, <strong>fue la \u00faltima en salir campeona con un motor V10<\/strong> (mas no la \u00faltima en correr, ya que Toro Rosso utiliz\u00f3 uno con revoluciones limitadas en 2006, cuando ya se hab\u00eda pasado a los V8).<\/p>\n<\/div>\n<p><iframe width=\"200\" height=\"113\" src=\"https:\/\/www.youtube.com\/embed\/aA3sYiA_59E?feature=oembed\" frameborder=\"0\" allow=\"accelerometer; autoplay; clipboard-write; encrypted-media; gyroscope; picture-in-picture; web-share\" referrerpolicy=\"strict-origin-when-cross-origin\" allowfullscreen title=\"Fernando Alonso conduce su coche de hace 15 a\u00f1os | Fernando | Prime Video Espa\u00f1a\">[embedded content]<\/iframe><\/p>\n<div class=\"sc-a7166897-0 eoLsBE\" readability=\"6\">\n<section readability=\"2\"><picture><img alt=\"La revelaci\u00f3n en torno a Jack Doohan: &quot;No est\u00e1 en el mejor estado de \u00e1nimo&quot;\" loading=\"lazy\" width=\"290\" height=\"290\" decoding=\"async\" data-nimg=\"1\" src=\"http:\/\/cordobadirecto.com\/wp-content\/uploads\/2025\/02\/f1-el-presidente-de-la-fia-se-ilusiona-con-la-vuelta-de-los-motores-v10-2.jpg\"><\/picture>\n<p><span>Mir\u00e1 tambi\u00e9n<\/span><\/p>\n<hr>\n<h3>La revelaci\u00f3n en torno a Jack Doohan: &#8220;No est\u00e1 en el mejor estado de \u00e1nimo&#8221;<\/h3>\n<\/p>\n<\/section>\n<\/div>\n<div class=\"sc-a7166897-0 eoLsBE\" readability=\"6.5\">\n<section readability=\"3\"><picture><img alt=\"La Exhibici\u00f3n de la F\u00f3rmula 1 por dentro: de qu\u00e9 trata y qu\u00e9 se ver\u00e1 en Buenos Aires\" loading=\"lazy\" width=\"290\" height=\"290\" decoding=\"async\" data-nimg=\"1\" src=\"http:\/\/cordobadirecto.com\/wp-content\/uploads\/2025\/02\/f1-el-presidente-de-la-fia-se-ilusiona-con-la-vuelta-de-los-motores-v10-3.jpg\"><\/picture>\n<p><span>Mir\u00e1 tambi\u00e9n<\/span><\/p>\n<hr>\n<h3>La Exhibici\u00f3n de la F\u00f3rmula 1 por dentro: de qu\u00e9 trata y qu\u00e9 se ver\u00e1 en Buenos Aires<\/h3>\n<\/p>\n<\/section>\n<\/div>\n<div class=\"sc-a7166897-0 eoLsBE\" readability=\"6.5\">\n<section readability=\"3\"><picture><img alt=\"Lo echaron de la F1 para darle su lugar a Colapinto y tom\u00f3 una decisi\u00f3n contundente en su vida\" loading=\"lazy\" width=\"290\" height=\"290\" decoding=\"async\" data-nimg=\"1\" src=\"http:\/\/cordobadirecto.com\/wp-content\/uploads\/2025\/02\/f1-el-presidente-de-la-fia-se-ilusiona-con-la-vuelta-de-los-motores-v10-4.jpg\"><\/picture>\n<p><span>Mir\u00e1 tambi\u00e9n<\/span><\/p>\n<hr>\n<h3>Lo echaron de la F1 para darle su lugar a Colapinto y tom\u00f3 una decisi\u00f3n contundente en su vida<\/h3>\n<\/p>\n<\/section>\n<\/div>\n<div class=\"sc-a7166897-0 eoLsBE\" readability=\"6\">\n<section readability=\"2\"><picture><img alt=\"El CEO de Renault y un gui\u00f1o para Colapinto: &quot;Briatore eligi\u00f3 bien&quot;\" loading=\"lazy\" width=\"290\" height=\"290\" decoding=\"async\" data-nimg=\"1\" src=\"http:\/\/cordobadirecto.com\/wp-content\/uploads\/2025\/02\/f1-el-presidente-de-la-fia-se-ilusiona-con-la-vuelta-de-los-motores-v10-5.jpg\"><\/picture>\n<p><span>Mir\u00e1 tambi\u00e9n<\/span><\/p>\n<hr>\n<h3>El CEO de Renault y un gui\u00f1o para Colapinto: &#8220;Briatore eligi\u00f3 bien&#8221;<\/h3>\n<\/p>\n<\/section>\n<\/div>\n<div class=\"sc-a7166897-0 eoLsBE\" readability=\"6\">\n<section readability=\"2\"><picture><img alt=\"El ilusionante mensaje de Briatore sobre el futuro de Colapinto en la F1\" loading=\"lazy\" width=\"290\" height=\"290\" decoding=\"async\" data-nimg=\"1\" src=\"http:\/\/cordobadirecto.com\/wp-content\/uploads\/2025\/02\/f1-el-presidente-de-la-fia-se-ilusiona-con-la-vuelta-de-los-motores-v10-6.jpg\"><\/picture>\n<p><span>Mir\u00e1 tambi\u00e9n<\/span><\/p>\n<hr>\n<h3>El ilusionante mensaje de Briatore sobre el futuro de Colapinto en la F1<\/h3>\n<\/p>\n<\/section>\n<\/div>\n<\/div>\n","protected":false},"excerpt":{"rendered":"<p>21\/02\/2025 17:29hs. Aunque el ruido dej\u00f3 la F\u00f3rmula 1 hace m\u00e1s de una d\u00e9cada, dado que en 2014 llegaron los motores V6 h\u00edbridos que mitigaron el sonido caracter\u00edstico de la categor\u00eda, el debate no cesa: \u00bfdeber\u00edan volver los impulsores grandes y, con ellos, el rugido que enamor\u00f3 a pilotos e hinchas? Por m\u00e1s que parezca [&hellip;]<\/p>\n","protected":false},"author":1,"featured_media":162479,"comment_status":"closed","ping_status":"closed","sticky":false,"template":"","format":"standard","meta":[],"categories":[21],"tags":[],"_links":{"self":[{"href":"http:\/\/cordobadirecto.com\/index.php\/wp-json\/wp\/v2\/posts\/162478"}],"collection":[{"href":"http:\/\/cordobadirecto.com\/index.php\/wp-json\/wp\/v2\/posts"}],"about":[{"href":"http:\/\/cordobadirecto.com\/index.php\/wp-json\/wp\/v2\/types\/post"}],"author":[{"embeddable":true,"href":"http:\/\/cordobadirecto.com\/index.php\/wp-json\/wp\/v2\/users\/1"}],"replies":[{"embeddable":true,"href":"http:\/\/cordobadirecto.com\/index.php\/wp-json\/wp\/v2\/comments?post=162478"}],"version-history":[{"count":0,"href":"http:\/\/cordobadirecto.com\/index.php\/wp-json\/wp\/v2\/posts\/162478\/revisions"}],"wp:featuredmedia":[{"embeddable":true,"href":"http:\/\/cordobadirecto.com\/index.php\/wp-json\/wp\/v2\/media\/162479"}],"wp:attachment":[{"href":"http:\/\/cordobadirecto.com\/index.php\/wp-json\/wp\/v2\/media?parent=162478"}],"wp:term":[{"taxonomy":"category","embeddable":true,"href":"http:\/\/cordobadirecto.com\/index.php\/wp-json\/wp\/v2\/categories?post=162478"},{"taxonomy":"post_tag","embeddable":true,"href":"http:\/\/cordobadirecto.com\/index.php\/wp-json\/wp\/v2\/tags?post=162478"}],"curies":[{"name":"wp","href":"https:\/\/api.w.org\/{rel}","templated":true}]}}