{"id":162480,"date":"2025-02-22T09:11:27","date_gmt":"2025-02-22T09:11:27","guid":{"rendered":"https:\/\/www.ole.com.ar\/futbol-ascenso\/ascenso-primera-nacional-san-martin-tucuman_0_gCW5WGzLoH.html"},"modified":"2025-02-22T09:11:27","modified_gmt":"2025-02-22T09:11:27","slug":"un-jugador-de-san-martin-t-en-llamas-entrenar-a-esta-hora-es-inhumano-no-la-estoy-pasando-bien","status":"publish","type":"post","link":"http:\/\/cordobadirecto.com\/index.php\/2025\/02\/22\/un-jugador-de-san-martin-t-en-llamas-entrenar-a-esta-hora-es-inhumano-no-la-estoy-pasando-bien\/","title":{"rendered":"Un jugador de San Mart\u00edn (T), en llamas: &#8220;Entrenar a esta hora es inhumano, no la estoy pasando bien&#8221;"},"content":{"rendered":"<p><time class=\"createDate\" datetime=\"2025-02-20T17:25:50-03:00\">20\/02\/2025 17:25hs.<\/time><\/p>\n<div id=\"storyBody\">\n<div class=\"custom-text \" readability=\"33.490909090909\">\n<p>Se viven d\u00edas tensionados en <a href=\"https:\/\/www.ole.com.ar\/tema\/san-martin-tucuman.html\" title=\"San Mart\u00edn Tucum\u00e1n\" alt=\"San Mart\u00edn Tucum\u00e1n\" class=\"slug\">San Mart\u00edn de Tucum\u00e1n<\/a>. Aunque no por una cuesti\u00f3n generalizada, sino que por <strong>las declaraciones de un jugador que no va a ser tenido en cuenta por el det\u00e9 Ariel Martos: M\u00e1ximo Levi<\/strong>. El defensor explot\u00f3 en su cuenta de Instagram y dej\u00f3 unos frases que retumbaron en los pasillos de La Ciudadela.<\/p>\n<\/div>\n<div class=\"custom-text \" readability=\"41\">\n<p>&#8220;Es dif\u00edcil entender la decisi\u00f3n que tomaron de apartarme del plantel sin argumentos v\u00e1lidos. <strong>Hacerme entrenar a esta hora es inhumano, no la estoy pasando bien, sino, todo lo contrario<\/strong>&#8220;, solt\u00f3 Levi, con una foto entrenando bajo el sol del mediod\u00eda. Adem\u00e1s, agreg\u00f3: &#8220;Ante todo somos personas y creo que se est\u00e1n olvidando de eso. Gracias a la gente que me acompa\u00f1a en este momento dif\u00edcil&#8221;.<\/p>\n<\/div>\n<div class=\"sc-e7b891c4-0 ifHnQL image-embed\"><img alt=\"La historia de Instagram de M\u00e1ximo Levi (@maaximolevi).\" loading=\"lazy\" width=\"720\" height=\"100\" decoding=\"async\" data-nimg=\"1\" src=\"http:\/\/cordobadirecto.com\/wp-content\/uploads\/2025\/02\/un-jugador-de-san-martin-t-en-llamas-entrenar-a-esta-hora-es-inhumano-no-la-estoy-pasando-bien.jpg\"><span class=\"epigraphe\">La historia de Instagram de M\u00e1ximo Levi (@maaximolevi).<\/span><\/div>\n<div class=\"custom-text \" readability=\"37\">\n<p>Lo cierto es que el defensor central de 29 a\u00f1os tiene los d\u00edas contados en San Mart\u00edn. Ante las bajas de jugadores en el puesto, todo parec\u00eda indicar que Levi tendr\u00eda m\u00e1s protagonismo en este 2025, pero el futbolista<strong> entrena apartado del plantel de Primera dirigido por Martos y se est\u00e1 buscando su salida de com\u00fan acuerdo<\/strong>.<\/p>\n<\/div>\n<p><h2><strong>Las declaraciones del DT Ariel Martos y Dar\u00edo Sand<\/strong><\/h2>\n<\/p>\n<div class=\"custom-text \" readability=\"37\">\n<p>Tras el entrenamiento de este jueves, el det\u00e9 se refiri\u00f3 a la situaci\u00f3n de Levi: &#8220;<strong>M\u00e1ximo Levi fue separado del plantel previo al viaje que hicimos con Almagro y Rafaela<\/strong>. Yo habl\u00e9 con el jugador, con la comisi\u00f3n directiva y con el plantel: fue separado con fundamentos&#8221;, expres\u00f3 el entrenador.<\/p>\n<\/div>\n<div class=\"custom-text \" readability=\"42\">\n<p>Pero no se qued\u00f3 ah\u00ed: &#8220;<strong>Decid\u00ed mantener el tema puertas adentro, esas cosas se manejan as\u00ed. \u00c9l decidi\u00f3 hacerlo p\u00fablico, pero yo voy a seguir manteni\u00e9ndolo as\u00ed.<\/strong> No voy a seguir hablando del tema Levi, es lo \u00fanico que voy a decir, y lo doy por conclu\u00eddo. Trascendi\u00f3, pero no voy a volver a referirme al tema&#8221;, agreg\u00f3, sin espec\u00edficar el motivo de la decisi\u00f3n.<\/p>\n<\/div>\n<div class=\"sc-e7b891c4-0 ifHnQL image-embed\"><img alt=\"Ariel Martos, actual entrenador del Ciruja.\" loading=\"lazy\" width=\"720\" height=\"100\" decoding=\"async\" data-nimg=\"1\" src=\"http:\/\/cordobadirecto.com\/wp-content\/uploads\/2025\/02\/un-jugador-de-san-martin-t-en-llamas-entrenar-a-esta-hora-es-inhumano-no-la-estoy-pasando-bien-1.jpg\"><span class=\"epigraphe\">Ariel Martos, actual entrenador del Ciruja.<\/span><\/div>\n<div class=\"custom-text \" readability=\"40\">\n<p>Otro de los que habl\u00f3 del tema fue Dar\u00edo Sand, capit\u00e1n y arquero del Ciruja: &#8220;Es una situaci\u00f3n dif\u00edcil, yo a Maxi lo quiero mucho. Pero excede a lo nuestro, a lo que podemos hacer. Es una decisi\u00f3n que ha tomado Ariel, hay cosas mucho m\u00e1s importantes. <strong>Siempre digo que el club est\u00e1 por delante de los nombres, sea yo o cualquiera<\/strong>. Hay que poner el pecho y darle para adelante&#8221;.<\/p>\n<\/div>\n<div class=\"custom-text \" readability=\"39\">\n<p>A\u00fan as\u00ed, el arquero normaliz\u00f3 la situaci\u00f3n: &#8220;Esto pasa en el f\u00fatbol, tengo muchos a\u00f1os y <strong>pasa en casi todos los equipos, no es algo que sorprenda<\/strong>. Como dije reci\u00e9n, hay que poner la cabeza en lo importante, en el partido del fin de semana y seguir luchando por San Mart\u00edn&#8221;.<\/p>\n<\/div>\n<p><h2><strong>Lo que se le viene a San Mart\u00edn de Tucum\u00e1n<\/strong><\/h2>\n<\/p>\n<div class=\"custom-text \" readability=\"37.183098591549\">\n<p>Un equipo que viene envalentonado tras los triunfos ante <a href=\"https:\/\/www.ole.com.ar\/tema\/colon.html\" title=\"Col\u00f3n\" alt=\"Col\u00f3n\" class=\"slug\">Col\u00f3n<\/a> -por <a href=\"https:\/\/www.ole.com.ar\/tema\/copa-argentina.html\" title=\"Copa Argentina\" alt=\"Copa Argentina\" class=\"slug\">Copa Argentina<\/a>&#8211; y <a href=\"https:\/\/www.ole.com.ar\/tema\/ferro.html\" title=\"Ferro\" alt=\"Ferro\" class=\"slug\">Ferro<\/a>. Y con el objetivo de mantener la buena racha, San Mart\u00edn ya piensa en lo que viene: <strong>el pr\u00f3ximo domingo, desde las 19, visitar\u00e1 a Patronato<\/strong>, que tambi\u00e9n arranc\u00f3 el torneo con el pie derecho. Ya en la cuarta fecha, recibir\u00e1 a G\u00fcemes de Santiago del Estero.<\/p>\n<\/div>\n<div class=\"sc-a7166897-0 eoLsBE\" readability=\"6\">\n<section readability=\"2\"><picture><img alt=\"Comu y Villa San Carlos ganaron y se prendieron a la punta\" loading=\"lazy\" width=\"290\" height=\"290\" decoding=\"async\" data-nimg=\"1\" src=\"http:\/\/cordobadirecto.com\/wp-content\/uploads\/2025\/02\/un-jugador-de-san-martin-t-en-llamas-entrenar-a-esta-hora-es-inhumano-no-la-estoy-pasando-bien-2.jpg\"><\/picture>\n<p><span>Mir\u00e1 tambi\u00e9n<\/span><\/p>\n<hr>\n<h3>Comu y Villa San Carlos ganaron y se prendieron a la punta<\/h3>\n<\/p>\n<\/section>\n<\/div>\n<div class=\"sc-a7166897-0 eoLsBE\" readability=\"6\">\n<section readability=\"2\"><picture><img alt=\"Esc\u00e1ndalo en Quilmes: un dirigente fue increpado por otro y renunci\u00f3\" loading=\"lazy\" width=\"290\" height=\"290\" decoding=\"async\" data-nimg=\"1\" src=\"http:\/\/cordobadirecto.com\/wp-content\/uploads\/2025\/02\/un-jugador-de-san-martin-t-en-llamas-entrenar-a-esta-hora-es-inhumano-no-la-estoy-pasando-bien-3.jpg\"><\/picture>\n<p><span>Mir\u00e1 tambi\u00e9n<\/span><\/p>\n<hr>\n<h3>Esc\u00e1ndalo en Quilmes: un dirigente fue increpado por otro y renunci\u00f3<\/h3>\n<\/p>\n<\/section>\n<\/div>\n<\/div>\n","protected":false},"excerpt":{"rendered":"<p>20\/02\/2025 17:25hs. Se viven d\u00edas tensionados en San Mart\u00edn de Tucum\u00e1n. Aunque no por una cuesti\u00f3n generalizada, sino que por las declaraciones de un jugador que no va a ser tenido en cuenta por el det\u00e9 Ariel Martos: M\u00e1ximo Levi. El defensor explot\u00f3 en su cuenta de Instagram y dej\u00f3 unos frases que retumbaron en [&hellip;]<\/p>\n","protected":false},"author":1,"featured_media":162481,"comment_status":"closed","ping_status":"closed","sticky":false,"template":"","format":"standard","meta":[],"categories":[21],"tags":[],"_links":{"self":[{"href":"http:\/\/cordobadirecto.com\/index.php\/wp-json\/wp\/v2\/posts\/162480"}],"collection":[{"href":"http:\/\/cordobadirecto.com\/index.php\/wp-json\/wp\/v2\/posts"}],"about":[{"href":"http:\/\/cordobadirecto.com\/index.php\/wp-json\/wp\/v2\/types\/post"}],"author":[{"embeddable":true,"href":"http:\/\/cordobadirecto.com\/index.php\/wp-json\/wp\/v2\/users\/1"}],"replies":[{"embeddable":true,"href":"http:\/\/cordobadirecto.com\/index.php\/wp-json\/wp\/v2\/comments?post=162480"}],"version-history":[{"count":0,"href":"http:\/\/cordobadirecto.com\/index.php\/wp-json\/wp\/v2\/posts\/162480\/revisions"}],"wp:featuredmedia":[{"embeddable":true,"href":"http:\/\/cordobadirecto.com\/index.php\/wp-json\/wp\/v2\/media\/162481"}],"wp:attachment":[{"href":"http:\/\/cordobadirecto.com\/index.php\/wp-json\/wp\/v2\/media?parent=162480"}],"wp:term":[{"taxonomy":"category","embeddable":true,"href":"http:\/\/cordobadirecto.com\/index.php\/wp-json\/wp\/v2\/categories?post=162480"},{"taxonomy":"post_tag","embeddable":true,"href":"http:\/\/cordobadirecto.com\/index.php\/wp-json\/wp\/v2\/tags?post=162480"}],"curies":[{"name":"wp","href":"https:\/\/api.w.org\/{rel}","templated":true}]}}