{"id":162489,"date":"2025-02-22T12:37:26","date_gmt":"2025-02-22T12:37:26","guid":{"rendered":"https:\/\/cordoba.gob.ar\/?p=74694"},"modified":"2025-02-22T12:37:26","modified_gmt":"2025-02-22T12:37:26","slug":"la-municipalidad-estara-presente-en-el-baile-mas-grande-del-universo-con-un-stand-de-puntos-de-cuidados","status":"publish","type":"post","link":"http:\/\/cordobadirecto.com\/index.php\/2025\/02\/22\/la-municipalidad-estara-presente-en-el-baile-mas-grande-del-universo-con-un-stand-de-puntos-de-cuidados\/","title":{"rendered":"La Municipalidad estar\u00e1 presente en el Baile m\u00e1s Grande del Universo con un stand de \u201cPuntos de Cuidados\u201d"},"content":{"rendered":"<div><img src=\"http:\/\/cordobadirecto.com\/wp-content\/uploads\/2025\/02\/la-municipalidad-estara-presente-en-el-baile-mas-grande-del-universo-con-un-stand-de-puntos-de-cuidados.png\" class=\"ff-og-image-inserted\"><\/div>\n<ul>\n<li data-prosemirror-content-type=\"node\" data-prosemirror-node-name=\"paragraph\" data-prosemirror-node-block=\"true\"><strong>En el espacio se ofrecer\u00e1 consejer\u00eda de salud mental, asistencia para la prevenci\u00f3n del consumo de sustancias, hidrataci\u00f3n, zona de descanso, espacio l\u00fadico, entre otros.<\/strong><\/li>\n<\/ul>\n<hr>\n<p data-prosemirror-content-type=\"node\" data-prosemirror-node-name=\"paragraph\" data-prosemirror-node-block=\"true\">La Municipalidad de C\u00f3rdoba, a trav\u00e9s de la Secretar\u00eda de Salud, instalar\u00e1 un stand de \u201cPuntos de Cuidados\u201d en el pr\u00f3ximo baile de \u201cLa Mona\u201d que se llevar\u00e1 a cabo el pr\u00f3ximo s\u00e1bado 22 en el estadio Mario Alberto Kempes.<\/p>\n<p data-prosemirror-content-type=\"node\" data-prosemirror-node-name=\"paragraph\" data-prosemirror-node-block=\"true\">Este pr\u00f3ximo s\u00e1bado, en el multitudinario show, se ofrecer\u00e1 una variedad de servicios y actividades a trav\u00e9s de un stand donde los asistentes podr\u00e1n encontrar puestos de hidrataci\u00f3n, zonas de descanso con frutas y \u00e1reas l\u00fadicas.<\/p>\n<p data-prosemirror-content-type=\"node\" data-prosemirror-node-name=\"paragraph\" data-prosemirror-node-block=\"true\">Adem\u00e1s, profesionales brindar\u00e1n orientaci\u00f3n y asistencia para la prevenci\u00f3n del consumo de sustancias, ofreciendo consejer\u00eda acerca de la salud mental, aconsejando sobre espacios gratuitos de atenci\u00f3n y asistencia a la comunidad.<\/p>\n<p data-prosemirror-content-type=\"node\" data-prosemirror-node-name=\"paragraph\" data-prosemirror-node-block=\"true\">A trav\u00e9s de la propuesta se brinda una instancia de dialogo, y se procura que los participantes se retiren del espacio con interrogantes respecto a los estados de \u00e1nimo, malestar, consumo de sustancias, recreaci\u00f3n y tiempo libre, alimentaci\u00f3n, relaciones afectivas, familiares y con pares, entre otras.<\/p>\n<p data-prosemirror-content-type=\"node\" data-prosemirror-node-name=\"paragraph\" data-prosemirror-node-block=\"true\">El Equipo de Prevenci\u00f3n estar\u00e1 conformado por profesionales de trabajo social, psicolog\u00eda, medicina y agentes promotores de salud, quienes contar\u00e1n con indumentaria identificatoria y credenciales QR para informaci\u00f3n digital y folleter\u00eda impresa acorde a la tem\u00e1tica.<\/p>\n<p data-prosemirror-content-type=\"node\" data-prosemirror-node-name=\"paragraph\" data-prosemirror-node-block=\"true\">En Argentina, 1 de cada 3 personas presenta un problema de salud mental, siendo las m\u00e1s frecuentes los trastornos de ansiedad, del estado de \u00e1nimo y los problemas por consumo de sustancias.<\/p>\n<p data-prosemirror-content-type=\"node\" data-prosemirror-node-name=\"paragraph\" data-prosemirror-node-block=\"true\">La Ley Nacional de Salud Mental N\u00b0 26.657 en su art\u00edculo 11 insta a las autoridades a promover \u201cservicios para la promoci\u00f3n y prevenci\u00f3n en salud mental\u201d. Por tal motivo, el Municipio trabaja en contextos recreativos multitudinarios en relaci\u00f3n al cuidado en salud y lo hace a trav\u00e9s de un espacio itinerante \u201cPuntos de Cuidados\u201d, donde se brinda atenci\u00f3n, informaci\u00f3n y contenci\u00f3n.<\/p>\n","protected":false},"excerpt":{"rendered":"<p>En el espacio se ofrecer\u00e1 consejer\u00eda de salud mental, asistencia para la prevenci\u00f3n del consumo de sustancias, hidrataci\u00f3n, zona de descanso, espacio l\u00fadico, entre otros. La Municipalidad de C\u00f3rdoba, a trav\u00e9s de la Secretar\u00eda de Salud, instalar\u00e1 un stand de \u201cPuntos de Cuidados\u201d en el pr\u00f3ximo baile de \u201cLa Mona\u201d que se llevar\u00e1 a cabo [&hellip;]<\/p>\n","protected":false},"author":1,"featured_media":162490,"comment_status":"closed","ping_status":"closed","sticky":false,"template":"","format":"standard","meta":[],"categories":[44],"tags":[],"_links":{"self":[{"href":"http:\/\/cordobadirecto.com\/index.php\/wp-json\/wp\/v2\/posts\/162489"}],"collection":[{"href":"http:\/\/cordobadirecto.com\/index.php\/wp-json\/wp\/v2\/posts"}],"about":[{"href":"http:\/\/cordobadirecto.com\/index.php\/wp-json\/wp\/v2\/types\/post"}],"author":[{"embeddable":true,"href":"http:\/\/cordobadirecto.com\/index.php\/wp-json\/wp\/v2\/users\/1"}],"replies":[{"embeddable":true,"href":"http:\/\/cordobadirecto.com\/index.php\/wp-json\/wp\/v2\/comments?post=162489"}],"version-history":[{"count":0,"href":"http:\/\/cordobadirecto.com\/index.php\/wp-json\/wp\/v2\/posts\/162489\/revisions"}],"wp:featuredmedia":[{"embeddable":true,"href":"http:\/\/cordobadirecto.com\/index.php\/wp-json\/wp\/v2\/media\/162490"}],"wp:attachment":[{"href":"http:\/\/cordobadirecto.com\/index.php\/wp-json\/wp\/v2\/media?parent=162489"}],"wp:term":[{"taxonomy":"category","embeddable":true,"href":"http:\/\/cordobadirecto.com\/index.php\/wp-json\/wp\/v2\/categories?post=162489"},{"taxonomy":"post_tag","embeddable":true,"href":"http:\/\/cordobadirecto.com\/index.php\/wp-json\/wp\/v2\/tags?post=162489"}],"curies":[{"name":"wp","href":"https:\/\/api.w.org\/{rel}","templated":true}]}}