{"id":162514,"date":"2025-02-22T20:26:30","date_gmt":"2025-02-22T20:26:30","guid":{"rendered":"https:\/\/www.ole.com.ar\/autos\/otmar-szafnauer-jefe-equipo-alpine-colapinto-destrozo-idea-automovilismo_0_jBcYnc2Tkg.html"},"modified":"2025-02-22T20:26:30","modified_gmt":"2025-02-22T20:26:30","slug":"fue-jefe-de-alpine-y-lo-destrozo-no-tenian-idea-sobre-automovilismo","status":"publish","type":"post","link":"http:\/\/cordobadirecto.com\/index.php\/2025\/02\/22\/fue-jefe-de-alpine-y-lo-destrozo-no-tenian-idea-sobre-automovilismo\/","title":{"rendered":"Fue jefe de Alpine y lo destroz\u00f3: &#8220;No ten\u00edan idea sobre automovilismo&#8221;"},"content":{"rendered":"<p><time class=\"createDate\" datetime=\"2025-02-22T17:26:30-03:00\">22\/02\/2025 17:26hs.<\/time><\/p>\n<div id=\"storyBody\">\n<div class=\"custom-text \" readability=\"44\">\n<p>Desde que<strong> Franco Colapinto <\/strong>anunci\u00f3 que seguir\u00eda su carrera en <strong>Alpine<\/strong>, donde muy probablemente empiece su segunda temporada en la F\u00f3rmula 1 (primero deber\u00e1 esperar a que desistan de Jack Doohan), los hinchas argentinos se sacaron la remera de Williams y <strong>se volcaron al equipo franc\u00e9s<\/strong>. Adem\u00e1s de amigarse con el rosa, el color principal de la escuder\u00eda (producto del patrocinio de BWT), empezaron a encari\u00f1arse con sus figuras, como el asesor Flavio Briatore. Sin embargo, lo que hoy es color de rosa -valga la redundancia- no fue tan as\u00ed hace algunos a\u00f1os. De hecho, <strong>su ex jefe, Otmar Szafnauer, se march\u00f3 con un mal recuerdo<\/strong> y lo expuso de la manera m\u00e1s cruda.<\/p>\n<\/div>\n<div class=\"custom-text \" readability=\"41\">\n<p><strong>El rumano tiene mucha historia en la F\u00f3rmula 1<\/strong>, con pasos por BAR, luego adquirido por Honda; Force India, que posteriormente fue Racing Point y devino en Aston Martin, y finalmente Alpine. Su estad\u00eda en el equipo galo dur\u00f3 hasta mediados del 2023, y se dio as\u00ed porque hubo algunos choques que desgastaron la relaci\u00f3n. Seg\u00fan dijo en di\u00e1logo con PlanetF1,<strong> &#8220;ellos no ten\u00edan idea sobre automovilismo&#8221;.<\/strong><\/p>\n<\/div>\n<div class=\"sc-e7b891c4-0 ifHnQL image-embed\"><img alt=\"Szafnauer se march\u00f3 de Alpine en 2023. (@AlpineF1Team)\" loading=\"lazy\" width=\"720\" height=\"100\" decoding=\"async\" data-nimg=\"1\" src=\"http:\/\/cordobadirecto.com\/wp-content\/uploads\/2025\/02\/fue-jefe-de-alpine-y-lo-destrozo-no-tenian-idea-sobre-automovilismo.jpg\"><span class=\"epigraphe\">Szafnauer se march\u00f3 de Alpine en 2023. (@AlpineF1Team)<\/span><\/div>\n<p><h2><strong>Szafnauer se fue por los chispazos con la directiva de Alpine<\/strong><\/h2>\n<\/p>\n<div class=\"custom-text \" readability=\"41\">\n<p>\u00bfA qu\u00e9 se refer\u00eda Szafnauer? <strong>A las expectativas que ten\u00eda la estructura francesa<\/strong>, que hace algunas temporadas contrat\u00f3 fuerte en pos de posicionarse como una potencia (daba la impresi\u00f3n de que pegar\u00eda el salto cuando se llev\u00f3 a Daniel Ricciardo, proveniente de Red Bull), y c\u00f3mo fall\u00f3 por saltar pasos.<strong> &#8220;Quer\u00edan \u00e9xito de la noche a la ma\u00f1ana, que echara a todo el mundo como si fuera un equipo de f\u00fatbol, que cambiara al 20% de los empleados&#8221;<\/strong>, dispar\u00f3.<\/p>\n<\/div>\n<div class=\"custom-text \" readability=\"40\">\n<p>En esa l\u00ednea, el ex jefe de equipo sigui\u00f3: &#8220;Cuando dije &#8216;no, esa no es la forma de hacerlo, no puedo despedir a gente que est\u00e1 haciendo bien su trabajo para cambiar la cultura&#8217;, supe que era tiempo de irme. <strong>Ten\u00edan otro pensamiento en cuanto a c\u00f3mo llevar un equipo de F\u00f3rmula 1<\/strong>, no me pod\u00eda quedar&#8221;.<\/p>\n<\/div>\n<div class=\"custom-text \" readability=\"41\">\n<p>Lo que sigui\u00f3 a su salida es historia conocida, con Briatore sum\u00e1ndose al equipo como asesor deportivo (hab\u00eda sido clave en el bicampeonato 2005-2006 como jefe de equipo), Oliver Oakes haci\u00e9ndose cargo del liderazgo de la escuder\u00eda, la decisi\u00f3n de dejar los motores Renault por los Mercedes a partir del 2026 y, por \u00faltimo,<strong> la apuesta por Franco Colapinto, con quien esperan llegar a la cima a mediano plazo. <\/strong><\/p>\n<\/div>\n<div class=\"sc-e7b891c4-0 ifHnQL image-embed\"><img alt=\"Flavio Briatore apost\u00f3 por Franco Colapinto. (Alpine)\" loading=\"lazy\" width=\"720\" height=\"100\" decoding=\"async\" data-nimg=\"1\" src=\"http:\/\/cordobadirecto.com\/wp-content\/uploads\/2025\/02\/fue-jefe-de-alpine-y-lo-destrozo-no-tenian-idea-sobre-automovilismo-1.jpg\"><span class=\"epigraphe\">Flavio Briatore apost\u00f3 por Franco Colapinto. (Alpine)<\/span><\/div>\n<div class=\"sc-a7166897-0 eoLsBE\" readability=\"6\">\n<section readability=\"2\"><picture><img alt=\"El jefe de Alpine elogi\u00f3 a Colapinto y dio se\u00f1ales del futuro del argentino\" loading=\"lazy\" width=\"290\" height=\"290\" decoding=\"async\" data-nimg=\"1\" src=\"http:\/\/cordobadirecto.com\/wp-content\/uploads\/2025\/02\/fue-jefe-de-alpine-y-lo-destrozo-no-tenian-idea-sobre-automovilismo-2.jpg\"><\/picture>\n<p><span>Mir\u00e1 tambi\u00e9n<\/span><\/p>\n<hr>\n<h3>El jefe de Alpine elogi\u00f3 a Colapinto y dio se\u00f1ales del futuro del argentino<\/h3>\n<\/p>\n<\/section>\n<\/div>\n<div class=\"sc-a7166897-0 eoLsBE\" readability=\"6.5\">\n<section readability=\"3\"><picture><img alt=\"Lo echaron de la F1 para darle su lugar a Colapinto y tom\u00f3 una decisi\u00f3n contundente en su vida\" loading=\"lazy\" width=\"290\" height=\"290\" decoding=\"async\" data-nimg=\"1\" src=\"http:\/\/cordobadirecto.com\/wp-content\/uploads\/2025\/02\/fue-jefe-de-alpine-y-lo-destrozo-no-tenian-idea-sobre-automovilismo-3.jpg\"><\/picture>\n<p><span>Mir\u00e1 tambi\u00e9n<\/span><\/p>\n<hr>\n<h3>Lo echaron de la F1 para darle su lugar a Colapinto y tom\u00f3 una decisi\u00f3n contundente en su vida<\/h3>\n<\/p>\n<\/section>\n<\/div>\n<div class=\"sc-a7166897-0 eoLsBE\" readability=\"6\">\n<section readability=\"2\"><picture><img alt=\"La revelaci\u00f3n en torno a Jack Doohan: &quot;No est\u00e1 en el mejor estado de \u00e1nimo&quot;\" loading=\"lazy\" width=\"290\" height=\"290\" decoding=\"async\" data-nimg=\"1\" src=\"http:\/\/cordobadirecto.com\/wp-content\/uploads\/2025\/02\/fue-jefe-de-alpine-y-lo-destrozo-no-tenian-idea-sobre-automovilismo-4.jpg\"><\/picture>\n<p><span>Mir\u00e1 tambi\u00e9n<\/span><\/p>\n<hr>\n<h3>La revelaci\u00f3n en torno a Jack Doohan: &#8220;No est\u00e1 en el mejor estado de \u00e1nimo&#8221;<\/h3>\n<\/p>\n<\/section>\n<\/div>\n<div class=\"sc-a7166897-0 eoLsBE\" readability=\"6.5\">\n<section readability=\"3\"><picture><img alt=\"Los pilotos de la F1 se la agarraron con Carlos Sainz: \u00bfqu\u00e9 ser\u00eda si no fuera piloto?\" loading=\"lazy\" width=\"290\" height=\"290\" decoding=\"async\" data-nimg=\"1\" src=\"http:\/\/cordobadirecto.com\/wp-content\/uploads\/2025\/02\/fue-jefe-de-alpine-y-lo-destrozo-no-tenian-idea-sobre-automovilismo-5.jpg\"><\/picture>\n<p><span>Mir\u00e1 tambi\u00e9n<\/span><\/p>\n<hr>\n<h3>Los pilotos de la F1 se la agarraron con Carlos Sainz: \u00bfqu\u00e9 ser\u00eda si no fuera piloto?<\/h3>\n<\/p>\n<\/section>\n<\/div>\n<div class=\"sc-a7166897-0 eoLsBE\" readability=\"6\">\n<section readability=\"2\"><picture><img alt=\"El CEO de Renault y un gui\u00f1o para Colapinto: &quot;Briatore eligi\u00f3 bien&quot;\" loading=\"lazy\" width=\"290\" height=\"290\" decoding=\"async\" data-nimg=\"1\" src=\"http:\/\/cordobadirecto.com\/wp-content\/uploads\/2025\/02\/fue-jefe-de-alpine-y-lo-destrozo-no-tenian-idea-sobre-automovilismo-6.jpg\"><\/picture>\n<p><span>Mir\u00e1 tambi\u00e9n<\/span><\/p>\n<hr>\n<h3>El CEO de Renault y un gui\u00f1o para Colapinto: &#8220;Briatore eligi\u00f3 bien&#8221;<\/h3>\n<\/p>\n<\/section>\n<\/div>\n<\/div>\n","protected":false},"excerpt":{"rendered":"<p>22\/02\/2025 17:26hs. Desde que Franco Colapinto anunci\u00f3 que seguir\u00eda su carrera en Alpine, donde muy probablemente empiece su segunda temporada en la F\u00f3rmula 1 (primero deber\u00e1 esperar a que desistan de Jack Doohan), los hinchas argentinos se sacaron la remera de Williams y se volcaron al equipo franc\u00e9s. Adem\u00e1s de amigarse con el rosa, el [&hellip;]<\/p>\n","protected":false},"author":1,"featured_media":162515,"comment_status":"closed","ping_status":"closed","sticky":false,"template":"","format":"standard","meta":[],"categories":[21],"tags":[],"_links":{"self":[{"href":"http:\/\/cordobadirecto.com\/index.php\/wp-json\/wp\/v2\/posts\/162514"}],"collection":[{"href":"http:\/\/cordobadirecto.com\/index.php\/wp-json\/wp\/v2\/posts"}],"about":[{"href":"http:\/\/cordobadirecto.com\/index.php\/wp-json\/wp\/v2\/types\/post"}],"author":[{"embeddable":true,"href":"http:\/\/cordobadirecto.com\/index.php\/wp-json\/wp\/v2\/users\/1"}],"replies":[{"embeddable":true,"href":"http:\/\/cordobadirecto.com\/index.php\/wp-json\/wp\/v2\/comments?post=162514"}],"version-history":[{"count":0,"href":"http:\/\/cordobadirecto.com\/index.php\/wp-json\/wp\/v2\/posts\/162514\/revisions"}],"wp:featuredmedia":[{"embeddable":true,"href":"http:\/\/cordobadirecto.com\/index.php\/wp-json\/wp\/v2\/media\/162515"}],"wp:attachment":[{"href":"http:\/\/cordobadirecto.com\/index.php\/wp-json\/wp\/v2\/media?parent=162514"}],"wp:term":[{"taxonomy":"category","embeddable":true,"href":"http:\/\/cordobadirecto.com\/index.php\/wp-json\/wp\/v2\/categories?post=162514"},{"taxonomy":"post_tag","embeddable":true,"href":"http:\/\/cordobadirecto.com\/index.php\/wp-json\/wp\/v2\/tags?post=162514"}],"curies":[{"name":"wp","href":"https:\/\/api.w.org\/{rel}","templated":true}]}}