{"id":162516,"date":"2025-02-22T16:11:15","date_gmt":"2025-02-22T16:11:15","guid":{"rendered":"https:\/\/www.ole.com.ar\/autos\/franco-colapinto-alpine-futuro-elogio-oakes_0_NgYQORpLue.html"},"modified":"2025-02-22T16:11:15","modified_gmt":"2025-02-22T16:11:15","slug":"el-jefe-de-alpine-elogio-a-colapinto-y-dio-senales-del-futuro-del-argentino","status":"publish","type":"post","link":"http:\/\/cordobadirecto.com\/index.php\/2025\/02\/22\/el-jefe-de-alpine-elogio-a-colapinto-y-dio-senales-del-futuro-del-argentino\/","title":{"rendered":"El jefe de Alpine elogi\u00f3 a Colapinto y dio se\u00f1ales del futuro del argentino"},"content":{"rendered":"<p><time class=\"createDate\" datetime=\"2025-02-22T13:11:15-03:00\">22\/02\/2025 13:11hs.<\/time><\/p>\n<div id=\"storyBody\">\n<div class=\"custom-text \" readability=\"35.821656050955\">\n<p>Mientras los equipos terminan de ultimar detalles para ir a Bahrein a tener la prueba oficial de la <strong>F\u00f3rmula 1<\/strong> antes de que las luces del sem\u00e1foro se pongan en verde y comience una nueva temporada, por fuera de la pista parece haber un tema de conversaci\u00f3n que se lleva todos los flashes: el posible ascenso de <strong>Franco Colapinto<\/strong> a una butaca titular de <strong>Alpine<\/strong>. Y tras las<strong><a href=\"https:\/\/www.ole.com.ar\/autos\/flavio-briatore-elogio-franco-colapinto-futuro-f1_0_dXI4i5Ende.html\" target=\"_blank\" title=\" palabras de Flavio Briatore\" alt=\" palabras de Flavio Briatore\" rel=\"noopener\"> palabras de Flavio Briatore<\/a><\/strong>, ahora el que habl\u00f3 fue <strong>Oliver Oakes<\/strong>, director del conjunto franc\u00e9s.<\/p>\n<\/div>\n<div class=\"custom-text \" readability=\"35\">\n<p>&#8220;Ya conoc\u00edamos a Franco de sus carreras en Williams. Lo conoc\u00eda de las categor\u00edas junior cuando trabaj\u00e9 en mi equipo anterior (<strong>NdeR<\/strong>: fue director de Hitech GP). Es genial tenerlo en el equipo&#8221;, coment\u00f3 en di\u00e1logo para Renault Argentina.<\/p>\n<\/div>\n<div class=\"sc-e7b891c4-0 ifHnQL image-embed\"><img alt=\"La foto que subi\u00f3 Briatore junto a Colapinto y el resto de los pilotos de Alpine.\" loading=\"lazy\" width=\"720\" height=\"100\" decoding=\"async\" data-nimg=\"1\" src=\"http:\/\/cordobadirecto.com\/wp-content\/uploads\/2025\/02\/el-jefe-de-alpine-elogio-a-colapinto-y-dio-senales-del-futuro-del-argentino.jpg\"><span class=\"epigraphe\">La foto que subi\u00f3 Briatore junto a Colapinto y el resto de los pilotos de Alpine.<\/span><\/div>\n<div class=\"custom-text \" readability=\"36.148221343874\">\n<p>Adem\u00e1s, analiz\u00f3 la tarea del bonaerense de 21 a\u00f1os en los test de preparaci\u00f3n realizados hace unas semanas en Barcelona: &#8220;Creo que Barcelona fue una oportunidad ideal para conocer a los ingenieros y su nueva familia en Alpine. <strong>All\u00ed hizo un muy buena trabajo<\/strong>&#8220;. Seg\u00fan public\u00f3 Patrick Angler en el sitio F1Actu.com, <strong><a href=\"https:\/\/www.ole.com.ar\/autos\/franco-colapinto-ventajas-jack-doohan-alpine-reportes_0_PlkkOpC9LE.html\" target=\"_blank\" title=\"Colapinto estuvo por encima de Doohan \" alt=\"Colapinto estuvo por encima de Doohan \" rel=\"noopener\">Colapinto estuvo por encima de Doohan <\/a><\/strong>en lo que al cron\u00f3metro se refiere. De hecho, la luz entre ambos rondar\u00eda entre las 2 y 5 d\u00e9cimas, lo que despert\u00f3 rumores de un posible cambio.<\/p>\n<\/div>\n<p><h2><strong>\u00bfQu\u00e9 har\u00e1 Colapinto si no logra subirse al auto de F1?<\/strong><\/h2>\n<\/p>\n<div class=\"custom-text \" readability=\"41\">\n<p>&#8220;Con 24 carreras sabemos que ser\u00e1 una temporada intensa, hay mucho trabajo en la base con el simulador. Habr\u00e1 d\u00edas en los que estar\u00e1 con el auto viejo, o TPC, como lo llamamos. As\u00ed que tiene una temporada muy ocupado por delante. Desde afuera uno podr\u00eda pensar: &#8216;bueno, no est\u00e1 compitiendo. \u00bfQu\u00e9 est\u00e1 haciendo?&#8217;. Pero hay un programa intenso para mantenerlo ocupado y tambi\u00e9n para apoyar al equipo, porque es raro tener un piloto de reserva que haya competido en grandes premios. Es una gran oportunidad para el equipo tambi\u00e9n&#8221;, cont\u00f3 Oakes. \u00bfSer\u00e1 as\u00ed o se le abrir\u00e1 una puerta si Doohan no rinde como esperan?<\/p>\n<\/div>\n<div class=\"sc-e7b891c4-0 ifHnQL image-embed\"><img alt=\"Oliver Oakes, el jefe de equipo de Alpine. (Foto: X)\" loading=\"lazy\" width=\"720\" height=\"100\" decoding=\"async\" data-nimg=\"1\" src=\"http:\/\/cordobadirecto.com\/wp-content\/uploads\/2025\/02\/el-jefe-de-alpine-elogio-a-colapinto-y-dio-senales-del-futuro-del-argentino-1.jpg\"><span class=\"epigraphe\">Oliver Oakes, el jefe de equipo de Alpine. (Foto: X)<\/span><\/div>\n<p><h2><strong>\u00bfCu\u00e1ndo arranca la F\u00f3rmula 1 2025?<\/strong><\/h2>\n<\/p>\n<div class=\"custom-text \" readability=\"31.835106382979\">\n<p>La temporada de la F\u00f3rmula 1 arranca el 16 de marzo en Melbourne con el Gran Premio de Australia. All\u00ed, donde Doohan ser\u00e1 local, <strong><a href=\"https:\/\/www.ole.com.ar\/autos\/franco-colapinto-debuta-visitante-formula1-2025_0_CmNWQQ47Ru.html\" target=\"_blank\" title=\"estar\u00e1 Colapinto\" alt=\"estar\u00e1 Colapinto\" rel=\"noopener\">estar\u00e1 Colapinto<\/a><\/strong> aunque en su rol de piloto de reserva.<\/p>\n<\/div>\n<div class=\"sc-a7166897-0 eoLsBE\" readability=\"6.5\">\n<section readability=\"3\"><picture><img alt=\"Los pilotos de la F1 se la agarraron con Carlos Sainz: \u00bfqu\u00e9 ser\u00eda si no fuera piloto?\" loading=\"lazy\" width=\"290\" height=\"290\" decoding=\"async\" data-nimg=\"1\" src=\"http:\/\/cordobadirecto.com\/wp-content\/uploads\/2025\/02\/el-jefe-de-alpine-elogio-a-colapinto-y-dio-senales-del-futuro-del-argentino-2.jpg\"><\/picture>\n<p><span>Mir\u00e1 tambi\u00e9n<\/span><\/p>\n<hr>\n<h3>Los pilotos de la F1 se la agarraron con Carlos Sainz: \u00bfqu\u00e9 ser\u00eda si no fuera piloto?<\/h3>\n<\/p>\n<\/section>\n<\/div>\n<div class=\"sc-a7166897-0 eoLsBE\" readability=\"6\">\n<section readability=\"2\"><picture><img alt=\"La revelaci\u00f3n en torno a Jack Doohan: &quot;No est\u00e1 en el mejor estado de \u00e1nimo&quot;\" loading=\"lazy\" width=\"290\" height=\"290\" decoding=\"async\" data-nimg=\"1\" src=\"http:\/\/cordobadirecto.com\/wp-content\/uploads\/2025\/02\/el-jefe-de-alpine-elogio-a-colapinto-y-dio-senales-del-futuro-del-argentino-3.jpg\"><\/picture>\n<p><span>Mir\u00e1 tambi\u00e9n<\/span><\/p>\n<hr>\n<h3>La revelaci\u00f3n en torno a Jack Doohan: &#8220;No est\u00e1 en el mejor estado de \u00e1nimo&#8221;<\/h3>\n<\/p>\n<\/section>\n<\/div>\n<div class=\"sc-a7166897-0 eoLsBE\" readability=\"6.5\">\n<section readability=\"3\"><picture><img alt=\"La Exhibici\u00f3n de la F\u00f3rmula 1 por dentro: de qu\u00e9 trata y qu\u00e9 se ver\u00e1 en Buenos Aires\" loading=\"lazy\" width=\"290\" height=\"290\" decoding=\"async\" data-nimg=\"1\" src=\"http:\/\/cordobadirecto.com\/wp-content\/uploads\/2025\/02\/el-jefe-de-alpine-elogio-a-colapinto-y-dio-senales-del-futuro-del-argentino-4.jpg\"><\/picture>\n<p><span>Mir\u00e1 tambi\u00e9n<\/span><\/p>\n<hr>\n<h3>La Exhibici\u00f3n de la F\u00f3rmula 1 por dentro: de qu\u00e9 trata y qu\u00e9 se ver\u00e1 en Buenos Aires<\/h3>\n<\/p>\n<\/section>\n<\/div>\n<\/div>\n","protected":false},"excerpt":{"rendered":"<p>22\/02\/2025 13:11hs. Mientras los equipos terminan de ultimar detalles para ir a Bahrein a tener la prueba oficial de la F\u00f3rmula 1 antes de que las luces del sem\u00e1foro se pongan en verde y comience una nueva temporada, por fuera de la pista parece haber un tema de conversaci\u00f3n que se lleva todos los flashes: [&hellip;]<\/p>\n","protected":false},"author":1,"featured_media":162517,"comment_status":"closed","ping_status":"closed","sticky":false,"template":"","format":"standard","meta":[],"categories":[21],"tags":[],"_links":{"self":[{"href":"http:\/\/cordobadirecto.com\/index.php\/wp-json\/wp\/v2\/posts\/162516"}],"collection":[{"href":"http:\/\/cordobadirecto.com\/index.php\/wp-json\/wp\/v2\/posts"}],"about":[{"href":"http:\/\/cordobadirecto.com\/index.php\/wp-json\/wp\/v2\/types\/post"}],"author":[{"embeddable":true,"href":"http:\/\/cordobadirecto.com\/index.php\/wp-json\/wp\/v2\/users\/1"}],"replies":[{"embeddable":true,"href":"http:\/\/cordobadirecto.com\/index.php\/wp-json\/wp\/v2\/comments?post=162516"}],"version-history":[{"count":0,"href":"http:\/\/cordobadirecto.com\/index.php\/wp-json\/wp\/v2\/posts\/162516\/revisions"}],"wp:featuredmedia":[{"embeddable":true,"href":"http:\/\/cordobadirecto.com\/index.php\/wp-json\/wp\/v2\/media\/162517"}],"wp:attachment":[{"href":"http:\/\/cordobadirecto.com\/index.php\/wp-json\/wp\/v2\/media?parent=162516"}],"wp:term":[{"taxonomy":"category","embeddable":true,"href":"http:\/\/cordobadirecto.com\/index.php\/wp-json\/wp\/v2\/categories?post=162516"},{"taxonomy":"post_tag","embeddable":true,"href":"http:\/\/cordobadirecto.com\/index.php\/wp-json\/wp\/v2\/tags?post=162516"}],"curies":[{"name":"wp","href":"https:\/\/api.w.org\/{rel}","templated":true}]}}