{"id":162522,"date":"2025-02-22T21:00:19","date_gmt":"2025-02-22T21:00:19","guid":{"rendered":"https:\/\/cordoba.gob.ar\/?p=74803"},"modified":"2025-02-22T21:00:19","modified_gmt":"2025-02-22T21:00:19","slug":"el-club-de-emprendedores-lanza-los-programas-que-dictara-este-2025","status":"publish","type":"post","link":"http:\/\/cordobadirecto.com\/index.php\/2025\/02\/22\/el-club-de-emprendedores-lanza-los-programas-que-dictara-este-2025\/","title":{"rendered":"El Club de Emprendedores lanza los programas que dictar\u00e1 este 2025"},"content":{"rendered":"<div><img src=\"http:\/\/cordobadirecto.com\/wp-content\/uploads\/2025\/02\/el-club-de-emprendedores-lanza-los-programas-que-dictara-este-2025.jpg\" class=\"ff-og-image-inserted\"><\/div>\n<ul>\n<li data-prosemirror-content-type=\"node\" data-prosemirror-node-name=\"paragraph\" data-prosemirror-node-block=\"true\"><strong><span><span>Est\u00e1n destinados a emprendedores y PyMEs cordobesas que desean adquirir herramientas para potenciar sus negocios.<\/span><\/span><\/strong><\/li>\n<li data-prosemirror-content-type=\"node\" data-prosemirror-node-name=\"paragraph\" data-prosemirror-node-block=\"true\"><strong><strong><span><span>El primer encuentro ser\u00e1 este jueves, a las 16.00 horas en el Palacio 6 de Julio.<\/span><\/span><\/strong><\/strong><br \/>\n<hr>\n<\/li>\n<\/ul>\n<p data-prosemirror-content-type=\"node\" data-prosemirror-node-name=\"paragraph\" data-prosemirror-node-block=\"true\"><span><span>Este jueves, La Municipalidad de C\u00f3rdoba a trav\u00e9s de la Secretar\u00eda de Ciudad Inteligente y Transformaci\u00f3n Digital pone en marcha los programas del <\/span><\/span><a href=\"https:\/\/www.instagram.com\/clubdeemprendedorescba\/\" data-prosemirror-content-type=\"mark\" data-prosemirror-mark-name=\"link\"><span><span>Club de Emprendedores de C\u00f3rdoba<\/span><\/span><\/a><span><span> .<\/span><\/span><\/p>\n<p data-prosemirror-content-type=\"node\" data-prosemirror-node-name=\"paragraph\" data-prosemirror-node-block=\"true\"><span><span>Estas capacitaciones est\u00e1n destinadas a brindar herramientas de gesti\u00f3n eficiente e inteligente para el crecimiento de los emprendimientos y PyMEs de la ciudad.<\/span><\/span><\/p>\n<p data-prosemirror-content-type=\"node\" data-prosemirror-node-name=\"paragraph\" data-prosemirror-node-block=\"true\"><span><span>Quienes deseen participar del lanzamiento de la \u201cUsina Emprendedora\u201d que se llevar\u00e1 a cabo este 27 de febrero a las 16.00 horas en el sal\u00f3n 450 del Palacio 6 de Julio, pueden inscribirse en el siguiente <\/span><\/span><a href=\"https:\/\/bit.ly\/usinaemprendedora\"><span><span>enlace <\/span><\/span><\/a><strong data-prosemirror-content-type=\"mark\" data-prosemirror-mark-name=\"strong\"><span><span>.<\/span><\/span><\/strong><span><span> La inscripci\u00f3n es gratuita, pero con cupos limitados.<\/span><\/span><\/p>\n<p data-prosemirror-content-type=\"node\" data-prosemirror-node-name=\"paragraph\" data-prosemirror-node-block=\"true\"><span><span>En este primer encuentro, marcas l\u00edderes y referentes del mundo emprendedor dictar\u00e1n el primer entrenamiento del a\u00f1o sobre herramientas de crecimiento, tecnolog\u00eda y ventas online.<\/span><\/span><\/p>\n<p data-prosemirror-content-type=\"node\" data-prosemirror-node-name=\"paragraph\" data-prosemirror-node-block=\"true\"><span><span>Antonio Roque Safadi \u2013 Head of Santex Lab, brindar\u00e1 la capacitaci\u00f3n: \u00abLa transformaci\u00f3n digital en los emprendimientos y PyMEs\u00bb, abordando las tendencias de tecnolog\u00eda que todo emprendedor o due\u00f1o PyME debe conocer para estar a la vanguardia y competir en su mercado.<\/span><\/span><\/p>\n<p data-prosemirror-content-type=\"node\" data-prosemirror-node-name=\"paragraph\" data-prosemirror-node-block=\"true\"><span><span>Consuelo Chasseing \u2013 Co-founder y Co-CEO de For Me, presentar\u00e1 el taller: \u201cEstrategia para tu crecimiento\u00bb, compartiendo las claves para generar una estrategia digital exitosa aplicando el marketing de influencers.<\/span><\/span><\/p>\n<p data-prosemirror-content-type=\"node\" data-prosemirror-node-name=\"paragraph\" data-prosemirror-node-block=\"true\"><span><span>El evento tambi\u00e9n contar\u00e1 con la participaci\u00f3n de expertos de <\/span><\/span><a href=\"https:\/\/www.instagram.com\/mercadolibre.arg\/\" data-prosemirror-content-type=\"mark\" data-prosemirror-mark-name=\"link\"><span><span>Mercado Libre<\/span><\/span><\/a><span><span> , Eugenia Mariani y Sheila Vicente, quienes brindar\u00e1n la capacitaci\u00f3n \u201cTus primeros pasos en Mercado Libre\u201d. Ambas compartir\u00e1n su experiencia en ecommerce y claves para comenzar a vender con \u00e9xito en la plataforma.<\/span><\/span><\/p>\n<p data-prosemirror-content-type=\"node\" data-prosemirror-node-name=\"paragraph\" data-prosemirror-node-block=\"true\"><span><span>As\u00ed <\/span><\/span><strong data-prosemirror-content-type=\"mark\" data-prosemirror-mark-name=\"strong\"><span><span>ser\u00e1 el ciclo Usina Emprendedora en 2025<\/span><\/span><\/strong><\/p>\n<p data-prosemirror-content-type=\"node\" data-prosemirror-node-name=\"paragraph\" data-prosemirror-node-block=\"true\"><span><span>Los martes de cada semana habr\u00e1 entrenamientos presenciales en el Club de Emprendedores en su sede de la calle Caseros 356 de barrio Centro. En cada encuentro de dos horas, los asistentes aprender\u00e1n una herramienta de gesti\u00f3n de negocios mediante diferentes conceptos y pr\u00e1cticas junto a capacitadores expertos de marcas l\u00edderes y referentes del ecosistema emprendedor. El registro para participar es completamente abierto y sin costo.<\/span><\/span><\/p>\n<p data-prosemirror-content-type=\"node\" data-prosemirror-node-name=\"paragraph\" data-prosemirror-node-block=\"true\"><strong data-prosemirror-content-type=\"mark\" data-prosemirror-mark-name=\"strong\"><span><span>Sobre el Club de Emprendedores de C\u00f3rdoba<\/span><\/span><\/strong><\/p>\n<p data-prosemirror-content-type=\"node\" data-prosemirror-node-name=\"paragraph\" data-prosemirror-node-block=\"true\"><span><span>El <\/span><\/span><a href=\"https:\/\/www.instagram.com\/clubdeemprendedorescba\/?hl=es\" data-prosemirror-content-type=\"mark\" data-prosemirror-mark-name=\"link\"><span><span>Club de Emprendedores de C\u00f3rdoba<\/span><\/span><\/a><span><span> est\u00e1 cogestionado por la <\/span><\/span><a href=\"https:\/\/www.instagram.com\/shaperscordoba\/\" data-prosemirror-content-type=\"mark\" data-prosemirror-mark-name=\"link\"><span><span>Fundaci\u00f3n Global Shapers<\/span><\/span><\/a><span><span> y <\/span><\/span><a href=\"https:\/\/www.instagram.com\/corlabgob\/\" data-prosemirror-content-type=\"mark\" data-prosemirror-mark-name=\"link\"><span><span>CorLab<\/span><\/span><\/a><span><span> \u2013 <\/span><\/span><a href=\"https:\/\/www.instagram.com\/cordobaciudadinteligente\/\" data-prosemirror-content-type=\"mark\" data-prosemirror-mark-name=\"link\"><span><span>Sec. de Ciudad Inteligente<\/span><\/span><\/a><span><span> y Transformaci\u00f3n Digital de la <\/span><\/span><a href=\"https:\/\/www.instagram.com\/municba\/\" data-prosemirror-content-type=\"mark\" data-prosemirror-mark-name=\"link\"><span><span>Municipalidad de C\u00f3rdoba<\/span><\/span><\/a><span><span> . Desde su reapertura en su nueva sede de Caseros 356, el Club de Emprendedores ya capacit\u00f3 a m\u00e1s de 18.000 emprendedores cordobeses mediante sus programas abiertos y gratuitos para la comunidad emprendedora de C\u00f3rdoba.<\/span><\/span><\/p>\n<p data-prosemirror-content-type=\"node\" data-prosemirror-node-name=\"paragraph\" data-prosemirror-node-block=\"true\"><span><span>Adem\u00e1s, los interesados \u200b\u200bpueden conocer todas las oportunidades que el Club ofrece a trav\u00e9s de su cuenta de instagram <\/span><\/span><a href=\"https:\/\/www.instagram.com\/clubdeemprendedorescba\/\" data-prosemirror-content-type=\"mark\" data-prosemirror-mark-name=\"link\"><span><span>@\u200cCLUBDEEMPRENDEDORESCBA<\/span><\/span><\/a><\/p>\n","protected":false},"excerpt":{"rendered":"<p>Est\u00e1n destinados a emprendedores y PyMEs cordobesas que desean adquirir herramientas para potenciar sus negocios. El primer encuentro ser\u00e1 este jueves, a las 16.00 horas en el Palacio 6 de Julio. Este jueves, La Municipalidad de C\u00f3rdoba a trav\u00e9s de la Secretar\u00eda de Ciudad Inteligente y Transformaci\u00f3n Digital pone en marcha los programas del Club [&hellip;]<\/p>\n","protected":false},"author":1,"featured_media":162523,"comment_status":"closed","ping_status":"closed","sticky":false,"template":"","format":"standard","meta":[],"categories":[44],"tags":[],"_links":{"self":[{"href":"http:\/\/cordobadirecto.com\/index.php\/wp-json\/wp\/v2\/posts\/162522"}],"collection":[{"href":"http:\/\/cordobadirecto.com\/index.php\/wp-json\/wp\/v2\/posts"}],"about":[{"href":"http:\/\/cordobadirecto.com\/index.php\/wp-json\/wp\/v2\/types\/post"}],"author":[{"embeddable":true,"href":"http:\/\/cordobadirecto.com\/index.php\/wp-json\/wp\/v2\/users\/1"}],"replies":[{"embeddable":true,"href":"http:\/\/cordobadirecto.com\/index.php\/wp-json\/wp\/v2\/comments?post=162522"}],"version-history":[{"count":0,"href":"http:\/\/cordobadirecto.com\/index.php\/wp-json\/wp\/v2\/posts\/162522\/revisions"}],"wp:featuredmedia":[{"embeddable":true,"href":"http:\/\/cordobadirecto.com\/index.php\/wp-json\/wp\/v2\/media\/162523"}],"wp:attachment":[{"href":"http:\/\/cordobadirecto.com\/index.php\/wp-json\/wp\/v2\/media?parent=162522"}],"wp:term":[{"taxonomy":"category","embeddable":true,"href":"http:\/\/cordobadirecto.com\/index.php\/wp-json\/wp\/v2\/categories?post=162522"},{"taxonomy":"post_tag","embeddable":true,"href":"http:\/\/cordobadirecto.com\/index.php\/wp-json\/wp\/v2\/tags?post=162522"}],"curies":[{"name":"wp","href":"https:\/\/api.w.org\/{rel}","templated":true}]}}