{"id":162526,"date":"2025-02-21T17:35:20","date_gmt":"2025-02-21T17:35:20","guid":{"rendered":"https:\/\/cordoba.gob.ar\/?p=74796"},"modified":"2025-02-21T17:35:20","modified_gmt":"2025-02-21T17:35:20","slug":"tras-4-intensas-jornadas-de-trabajo-en-multiples-turnos-se-habilitara-el-transito-antes-de-lo-previsto-en-colon-y-sagrada-familia","status":"publish","type":"post","link":"http:\/\/cordobadirecto.com\/index.php\/2025\/02\/21\/tras-4-intensas-jornadas-de-trabajo-en-multiples-turnos-se-habilitara-el-transito-antes-de-lo-previsto-en-colon-y-sagrada-familia\/","title":{"rendered":"Tras 4 intensas jornadas de trabajo en m\u00faltiples turnos, se habilitar\u00e1 el tr\u00e1nsito antes de lo previsto en Col\u00f3n y Sagrada Familia"},"content":{"rendered":"<div><img src=\"http:\/\/cordobadirecto.com\/wp-content\/uploads\/2025\/02\/tras-4-intensas-jornadas-de-trabajo-en-multiples-turnos-se-habilitara-el-transito-antes-de-lo-previsto-en-colon-y-sagrada-familia.jpg\" class=\"ff-og-image-inserted\"><\/div>\n<ul class=\"ak-ul\" data-prosemirror-content-type=\"node\" data-prosemirror-node-name=\"bulletList\" data-prosemirror-node-block=\"true\" readability=\"-0.5\">\n<li data-prosemirror-content-type=\"node\" data-prosemirror-node-name=\"listItem\" data-prosemirror-node-block=\"true\" readability=\"-1\">\n<p data-prosemirror-content-type=\"node\" data-prosemirror-node-name=\"paragraph\" data-prosemirror-node-block=\"true\"><strong>A partir de las 17:00 horas se retomar\u00e1 la circulaci\u00f3n en la intersecci\u00f3n de ambas arterias.<\/strong><\/p>\n<\/li>\n<li data-prosemirror-content-type=\"node\" data-prosemirror-node-name=\"listItem\" data-prosemirror-node-block=\"true\" readability=\"0\">\n<p data-prosemirror-content-type=\"node\" data-prosemirror-node-name=\"paragraph\" data-prosemirror-node-block=\"true\"><strong>La Municipalidad junto a la empresa contratista avanzaron en jornadas de 20 horas de trabajo para restablecer el movimiento de tr\u00e1nsito previo al inicio de las clases.<\/strong><\/p>\n<\/li>\n<\/ul>\n<hr>\n<p data-prosemirror-content-type=\"node\" data-prosemirror-node-name=\"paragraph\" data-prosemirror-node-block=\"true\">Desde las 17:00 horas de hoy volver\u00e1n a circular con normalidad los veh\u00edculos particulares y del transporte p\u00fablico en el cruce de Col\u00f3n y Sagrada Familia.<\/p>\n<p data-prosemirror-content-type=\"node\" data-prosemirror-node-name=\"paragraph\" data-prosemirror-node-block=\"true\">Por solicitud del Municipio, desde el lunes pasado la empresa contratista dispuso m\u00faltiples turnos hasta alcanzar 20 horas de tareas por d\u00eda en dicha intersecci\u00f3n.<\/p>\n<p data-prosemirror-content-type=\"node\" data-prosemirror-node-name=\"paragraph\" data-prosemirror-node-block=\"true\">De esta manera, se restablecer\u00e1 el normal movimiento comercial en la zona y se levantar\u00e1 el corte de tr\u00e1nsito previo al inicio del ciclo lectivo.<\/p>\n<p data-prosemirror-content-type=\"node\" data-prosemirror-node-name=\"paragraph\" data-prosemirror-node-block=\"true\">Sobre esa arteria avanzan las obras de desag\u00fce que realiza la Municipalidad de C\u00f3rdoba, destinada a mejorar la calidad de vida de los vecinos y vecinas del sector oeste de la ciudad.<\/p>\n<p data-prosemirror-content-type=\"node\" data-prosemirror-node-name=\"paragraph\" data-prosemirror-node-block=\"true\">En su integridad, el desag\u00fce lleva m\u00e1s de 200 metros completados, incluyendo la carpeta de hormig\u00f3n, las bocas de desag\u00fce y los sumideros.<\/p>\n<p data-prosemirror-content-type=\"node\" data-prosemirror-node-name=\"paragraph\" data-prosemirror-node-block=\"true\">La obra contempla la ejecuci\u00f3n de 1.355 metros lineales de conductos subterr\u00e1neos de 1400 mil\u00edmetros de di\u00e1metro, que permitir\u00e1 el drenaje en la Av. Sagrada Familia, entre Duarte Quir\u00f3s y el cauce de agua.<\/p>\n<p data-prosemirror-content-type=\"node\" data-prosemirror-node-name=\"paragraph\" data-prosemirror-node-block=\"true\">Beneficiar\u00e1 a los vecinos y vecinas que residen en esa zona oeste de la ciudad, alcanzando a los barrios Las Dalias, Las Violetas, Las Palmas, Ampliaci\u00f3n Las Palmas, Uritorco, Villa Siburu, San Salvador y Villa Alberdi.<\/p>\n<p data-prosemirror-content-type=\"node\" data-prosemirror-node-name=\"paragraph\" data-prosemirror-node-block=\"true\">La inversi\u00f3n del municipio supera los 2500 millones de pesos.<\/p>\n","protected":false},"excerpt":{"rendered":"<p>A partir de las 17:00 horas se retomar\u00e1 la circulaci\u00f3n en la intersecci\u00f3n de ambas arterias. La Municipalidad junto a la empresa contratista avanzaron en jornadas de 20 horas de trabajo para restablecer el movimiento de tr\u00e1nsito previo al inicio de las clases. Desde las 17:00 horas de hoy volver\u00e1n a circular con normalidad los [&hellip;]<\/p>\n","protected":false},"author":1,"featured_media":162527,"comment_status":"closed","ping_status":"closed","sticky":false,"template":"","format":"standard","meta":[],"categories":[44],"tags":[],"_links":{"self":[{"href":"http:\/\/cordobadirecto.com\/index.php\/wp-json\/wp\/v2\/posts\/162526"}],"collection":[{"href":"http:\/\/cordobadirecto.com\/index.php\/wp-json\/wp\/v2\/posts"}],"about":[{"href":"http:\/\/cordobadirecto.com\/index.php\/wp-json\/wp\/v2\/types\/post"}],"author":[{"embeddable":true,"href":"http:\/\/cordobadirecto.com\/index.php\/wp-json\/wp\/v2\/users\/1"}],"replies":[{"embeddable":true,"href":"http:\/\/cordobadirecto.com\/index.php\/wp-json\/wp\/v2\/comments?post=162526"}],"version-history":[{"count":0,"href":"http:\/\/cordobadirecto.com\/index.php\/wp-json\/wp\/v2\/posts\/162526\/revisions"}],"wp:featuredmedia":[{"embeddable":true,"href":"http:\/\/cordobadirecto.com\/index.php\/wp-json\/wp\/v2\/media\/162527"}],"wp:attachment":[{"href":"http:\/\/cordobadirecto.com\/index.php\/wp-json\/wp\/v2\/media?parent=162526"}],"wp:term":[{"taxonomy":"category","embeddable":true,"href":"http:\/\/cordobadirecto.com\/index.php\/wp-json\/wp\/v2\/categories?post=162526"},{"taxonomy":"post_tag","embeddable":true,"href":"http:\/\/cordobadirecto.com\/index.php\/wp-json\/wp\/v2\/tags?post=162526"}],"curies":[{"name":"wp","href":"https:\/\/api.w.org\/{rel}","templated":true}]}}