{"id":162529,"date":"2025-02-23T20:21:09","date_gmt":"2025-02-23T20:21:09","guid":{"rendered":"https:\/\/puntoapunto.com.ar\/?p=370357"},"modified":"2025-02-23T20:21:09","modified_gmt":"2025-02-23T20:21:09","slug":"a-una-semana-del-cosquin-rock-palazzo-anuncia-proyectos-enfocados-en-el-cuarteto","status":"publish","type":"post","link":"http:\/\/cordobadirecto.com\/index.php\/2025\/02\/23\/a-una-semana-del-cosquin-rock-palazzo-anuncia-proyectos-enfocados-en-el-cuarteto\/","title":{"rendered":"A una semana del Cosqu\u00edn Rock, Palazzo anuncia proyectos enfocados en el cuarteto"},"content":{"rendered":"<p data-start=\"165\" data-end=\"354\">A menos de una semana de la \u00faltima edici\u00f3n del Cosqu\u00edn Rock,<strong> Jos\u00e9 Palazzo anunci\u00f3 un nuevo proyecto con el que busca ampliar la proyecci\u00f3n de los artistas de cuarteto m\u00e1s all\u00e1 de C\u00f3rdoba.<\/strong><!-- \u00a1O bien no hay banners, estan desactivados o no estan programados para esta ubicaci\u00f3n! -->\n<\/p>\n<p data-start=\"356\" data-end=\"617\">\u00ab<strong>Estamos empezando a analizar posibilidades de expansi\u00f3n para artistas de cuarteto en otras provincias y pa\u00edses<\/strong>. Es una linda propuesta, tanto a nivel nacional como internacional, para exportar nuestra m\u00fasica al mundo\u00bb, expres\u00f3 a trav\u00e9s de sus redes sociales.\n<\/p>\n<p data-start=\"619\" data-end=\"920\">\u00abSurgi\u00f3 la idea de llevar y traer artistas, con el foco puesto en la m\u00fasica cordobesa. Queremos ayudar a expandir eso\u00bb, dijo y explic\u00f3 que la idea surgi\u00f3 tras dialogar con sus socios extranjeros con quienes realiza las ediciones del Cosquin Rock internacional.\n<\/p>\n<p data-start=\"922\" data-end=\"1246\">El anuncio llega pocos d\u00edas despu\u00e9s de que el <a href=\"https:\/\/cosquinrock.net\/\">Cosqu\u00edn Rock<\/a> celebrara su 25\u00aa edici\u00f3n con<strong> entradas agotadas, m\u00e1s de 110.000 asistentes y un cartel de 100 artistas distribuidos en seis escenarios<\/strong>. Seg\u00fan datos oficiales, el festival gener\u00f3 un<a href=\"https:\/\/puntoapunto.com.ar\/cosquin-rock-2025-un-impacto-que-equivale-a-grandes-hitos-de-la-economia-argentina\/\"> impacto econ\u00f3mico total de<\/a><strong> $49.936 millones y un impacto fiscal de $6.992 millones.<\/strong>\n<\/p>\n<p data-start=\"922\" data-end=\"1246\"><img decoding=\"async\" class=\"aligncenter size-full wp-image-370209\" src=\"http:\/\/cordobadirecto.com\/wp-content\/uploads\/2025\/02\/a-una-semana-del-cosquin-rock-palazzo-anuncia-proyectos-enfocados-en-el-cuarteto.jpg\" alt width=\"1750\" height=\"1310\" srcset=\"http:\/\/cordobadirecto.com\/wp-content\/uploads\/2025\/02\/a-una-semana-del-cosquin-rock-palazzo-anuncia-proyectos-enfocados-en-el-cuarteto.jpg 1750w, http:\/\/cordobadirecto.com\/wp-content\/uploads\/2025\/02\/a-una-semana-del-cosquin-rock-palazzo-anuncia-proyectos-enfocados-en-el-cuarteto-1.jpg 300w, http:\/\/cordobadirecto.com\/wp-content\/uploads\/2025\/02\/a-una-semana-del-cosquin-rock-palazzo-anuncia-proyectos-enfocados-en-el-cuarteto-2.jpg 1024w, http:\/\/cordobadirecto.com\/wp-content\/uploads\/2025\/02\/a-una-semana-del-cosquin-rock-palazzo-anuncia-proyectos-enfocados-en-el-cuarteto-3.jpg 768w, http:\/\/cordobadirecto.com\/wp-content\/uploads\/2025\/02\/a-una-semana-del-cosquin-rock-palazzo-anuncia-proyectos-enfocados-en-el-cuarteto-4.jpg 1536w, http:\/\/cordobadirecto.com\/wp-content\/uploads\/2025\/02\/a-una-semana-del-cosquin-rock-palazzo-anuncia-proyectos-enfocados-en-el-cuarteto-5.jpg 750w, http:\/\/cordobadirecto.com\/wp-content\/uploads\/2025\/02\/a-una-semana-del-cosquin-rock-palazzo-anuncia-proyectos-enfocados-en-el-cuarteto-6.jpg 1140w\" sizes=\"(max-width: 1750px) 100vw, 1750px\" loading=\"lazy\"><!-- \u00a1O bien no hay banners, estan desactivados o no estan programados para esta ubicaci\u00f3n! -->\n<\/p>\n<p data-start=\"1248\" data-end=\"1558\">Adem\u00e1s de la expansi\u00f3n del cuarteto, Palazzo avanza con otro ambicioso proyecto: la construcci\u00f3n de un nuevo teatro en la Plaza de la M\u00fasica. \u00abSiempre so\u00f1\u00e9 con construir mi propio teatro\u00bb, afirm\u00f3 el productor, quien en los \u00faltimos meses ha impulsado la expansi\u00f3n de la Plaza de la M\u00fasica a nuevas provincias.<\/p>\n<p data-start=\"1560\" data-end=\"1824\">Bajo el nombre <a href=\"https:\/\/puntoapunto.com.ar\/el-sueno-de-palazzo-anuncio-la-construccion-de-un-teatro-modelo-para-320-personas-y-shows-en-simultaneo\/\">\u00abEl Teatro de la Usina\u00bb,<\/a> este nuevo espacio demandar\u00e1 una inversi\u00f3n estimada en 2 millones de d\u00f3lares y un plazo de ejecuci\u00f3n de 16 meses. Su objetivo es consolidar a C\u00f3rdoba como un epicentro de la m\u00fasica y el espect\u00e1culo en el interior del pa\u00eds.\n<\/p>\n<p data-start=\"1826\" data-end=\"2018\">Con estos proyectos en marcha, Palazzo sigue dejando su huella en la industria del entretenimiento, apostando por el crecimiento de la escena musical cordobesa y su proyecci\u00f3n internacional.\n<\/p>\n<div class=\"g g-38\">\n<div class=\"g-dyn a-12 c-1\"><a class=\"gofollow\" data-track=\"MTIsMzgsMSw2MA==\" href=\"https:\/\/hospitalprivado.com.ar\/blog\/institucional\/somos-la-primera-institucion-del-interior-del-pais-en-acreditar-joint-commission-international.html\" target=\"_blank\" rel=\"noopener\"><img src=\"http:\/\/cordobadirecto.com\/wp-content\/uploads\/2025\/02\/a-una-semana-del-cosquin-rock-palazzo-anuncia-proyectos-enfocados-en-el-cuarteto.gif\" loading=\"lazy\"><\/a><\/div>\n<\/div>\n","protected":false},"excerpt":{"rendered":"<p>A menos de una semana de la \u00faltima edici\u00f3n del Cosqu\u00edn Rock, Jos\u00e9 Palazzo anunci\u00f3 un nuevo proyecto con el que busca ampliar la proyecci\u00f3n de los artistas de cuarteto m\u00e1s all\u00e1 de C\u00f3rdoba. \u00abEstamos empezando a analizar posibilidades de expansi\u00f3n para artistas de cuarteto en otras provincias y pa\u00edses. Es una linda propuesta, tanto [&hellip;]<\/p>\n","protected":false},"author":1,"featured_media":162530,"comment_status":"closed","ping_status":"closed","sticky":false,"template":"","format":"standard","meta":[],"categories":[25],"tags":[],"_links":{"self":[{"href":"http:\/\/cordobadirecto.com\/index.php\/wp-json\/wp\/v2\/posts\/162529"}],"collection":[{"href":"http:\/\/cordobadirecto.com\/index.php\/wp-json\/wp\/v2\/posts"}],"about":[{"href":"http:\/\/cordobadirecto.com\/index.php\/wp-json\/wp\/v2\/types\/post"}],"author":[{"embeddable":true,"href":"http:\/\/cordobadirecto.com\/index.php\/wp-json\/wp\/v2\/users\/1"}],"replies":[{"embeddable":true,"href":"http:\/\/cordobadirecto.com\/index.php\/wp-json\/wp\/v2\/comments?post=162529"}],"version-history":[{"count":0,"href":"http:\/\/cordobadirecto.com\/index.php\/wp-json\/wp\/v2\/posts\/162529\/revisions"}],"wp:featuredmedia":[{"embeddable":true,"href":"http:\/\/cordobadirecto.com\/index.php\/wp-json\/wp\/v2\/media\/162530"}],"wp:attachment":[{"href":"http:\/\/cordobadirecto.com\/index.php\/wp-json\/wp\/v2\/media?parent=162529"}],"wp:term":[{"taxonomy":"category","embeddable":true,"href":"http:\/\/cordobadirecto.com\/index.php\/wp-json\/wp\/v2\/categories?post=162529"},{"taxonomy":"post_tag","embeddable":true,"href":"http:\/\/cordobadirecto.com\/index.php\/wp-json\/wp\/v2\/tags?post=162529"}],"curies":[{"name":"wp","href":"https:\/\/api.w.org\/{rel}","templated":true}]}}