{"id":162550,"date":"2025-02-23T19:51:49","date_gmt":"2025-02-23T19:51:49","guid":{"rendered":"https:\/\/www.ole.com.ar\/autos\/f1-pierre-gasly-elogio-franco-colapinto-formula1_0_7glKQ99Nzu.html"},"modified":"2025-02-23T19:51:49","modified_gmt":"2025-02-23T19:51:49","slug":"suma-puntos-para-ser-titular-gasly-y-un-fuerte-elogio-a-colapinto-tiene-mucho-talento","status":"publish","type":"post","link":"http:\/\/cordobadirecto.com\/index.php\/2025\/02\/23\/suma-puntos-para-ser-titular-gasly-y-un-fuerte-elogio-a-colapinto-tiene-mucho-talento\/","title":{"rendered":"\u00bfSuma puntos para ser titular? Gasly y un fuerte elogio a Colapinto: &#8220;Tiene mucho talento&#8221;"},"content":{"rendered":"<p><time class=\"createDate\" datetime=\"2025-02-23T16:51:49-03:00\">23\/02\/2025 16:51hs.<\/time><\/p>\n<div id=\"storyBody\">\n<div class=\"custom-text \" readability=\"44.498995983936\">\n<p>La edici\u00f3n N\u00ba 75 de la <strong>F\u00f3rmula 1<\/strong> est\u00e1 a la vuelta de la esquina. Menos de un mes nos separan de la primera tanda de pruebas libres en Australia, donde el 16 de marzo se encender\u00e1n las luces del sem\u00e1foro para darle luz al campeonato. Y todo parece claro en los equipos. O, al menos, en la mayor\u00eda de ellos. Mientras ajustan las \u00faltimas tuercas antes del debut, <strong><a href=\"https:\/\/www.ole.com.ar\/autos\/otmar-szafnauer-jefe-equipo-alpine-colapinto-destrozo-idea-automovilismo_0_jBcYnc2Tkg.html\" target=\"_blank\" title=\"en Alpine\" alt=\"en Alpine\" rel=\"noopener\">en Alpine<\/a><\/strong> no pueden dejar de pensar en la carta que tienen en el banco de suplentes. <strong>Franco Colapinto<\/strong>, el piloto de reserva con mayor proyecci\u00f3n en la actualidad, es una amenaza latente para <strong>Jack Doohan<\/strong>, quien ser\u00e1 el titular en el arranque de la temporada. Sin embargo, su lugar no est\u00e1 garantizado para todo el 2025. Es que tras los elogios <strong><a href=\"https:\/\/www.ole.com.ar\/autos\/flavio-briatore-elogio-franco-colapinto-futuro-f1_0_dXI4i5Ende.html\" target=\"_blank\" title=\"de Flavio Briatore\" alt=\"de Flavio Briatore\" rel=\"noopener\">de Flavio Briatore<\/a><\/strong> (asesor deportivo y hombre de mucho poder en la escuder\u00eda), de <strong><a href=\"https:\/\/www.ole.com.ar\/autos\/franco-colapinto-alpine-futuro-elogio-oakes_0_NgYQORpLue.html\" target=\"_blank\" title=\"Oliver Oakes\" alt=\"Oliver Oakes\" rel=\"noopener\">Oliver Oakes<\/a><\/strong> (jefe de equipo) y<strong><a href=\"https:\/\/www.ole.com.ar\/autos\/luca-meo-ceo-renault-franco-colapinto-alpine_0_M2FPEGKJic.html\" target=\"_blank\" title=\" de Luca De Meo\" alt=\" de Luca De Meo\" rel=\"noopener\"> de Luca De Meo<\/a><\/strong> (CEO de Renault, due\u00f1o del conjunto de F1) hacia el pilarense, ahora se sum\u00f3 uno m\u00e1s: el de <strong>Pierre Gasly,<\/strong> quien es el volante principal de los galos.<\/p>\n<\/div>\n<p><h2><strong>Gasly elogi\u00f3 a Colapinto<\/strong><\/h2>\n<\/p>\n<div class=\"custom-text \" readability=\"43\">\n<p>&#8220;Flavio conoce a la perfecci\u00f3n la F1 y tiene claro que est\u00e1 aqu\u00ed para ganar&#8221;, analiz\u00f3 Gasly, en una charla con Le Figaro. Briatore, hombre fuerte, fue quien apost\u00f3 de lleno por la llegada de Colapinto desde Williams. De hecho, continu\u00f3 con las negociaciones, incluso cuando James Volwes luc\u00eda inflexible para liberar al hombre de su academia. Y sobre el arribo del bonaerense, el formado en la base de Red Bull afirm\u00f3: &#8220;<strong>Es uno de los pilotos que tiene mucho talento<\/strong>. Necesitamos ver su desarrollo durante esta temporada, tiene mucho tiempo para hacer pruebas. Debemos ser pacientes porque es muy joven&#8221;.<\/p>\n<\/div>\n<div class=\"sc-e7b891c4-0 ifHnQL image-embed\"><img alt=\"Franco Colapinto fue presentado en Alpine.\" loading=\"lazy\" width=\"720\" height=\"100\" decoding=\"async\" data-nimg=\"1\" src=\"http:\/\/cordobadirecto.com\/wp-content\/uploads\/2025\/02\/suma-puntos-para-ser-titular-gasly-y-un-fuerte-elogio-a-colapinto-tiene-mucho-talento.jpg\"><span class=\"epigraphe\">Franco Colapinto fue presentado en Alpine.<\/span><\/div>\n<div class=\"custom-text \" readability=\"38\">\n<p>Adem\u00e1s, se\u00f1al\u00f3: &#8220;Creo en el talento. Cuando ten\u00e9s talento y lo gestionas bien, ten\u00e9s \u00e9xito. <strong>Yo veo a Franco, que es muy talentoso<\/strong>. Es naturalmente r\u00e1pido. En 2025 ser\u00e1 piloto de pruebas y ya trabaja mucho en el simulador. Ya hemos hecho pruebas. Los tres pilotos hicimos pruebas y somos muy buenos&#8221;.<\/p>\n<\/div>\n<div class=\"custom-text \" readability=\"29.197278911565\">\n<p>Gasly, que hace unos d\u00edas hab\u00eda dicho que <strong><a href=\"https:\/\/www.ole.com.ar\/autos\/jack-doohan-afectado-rivalidad-franco-colapinto-alpine-estado-animo-gasly-formula-1-f1_0_jov2aaisbC.html\" target=\"_blank\" title=\"Doohan &quot;medi\u00e1ticamente no est\u00e1 en el mejor estado de \u00e1nimo&quot;\" alt=\"Doohan &quot;medi\u00e1ticamente no est\u00e1 en el mejor estado de \u00e1nimo&quot;\" rel=\"noopener\">Doohan &#8220;medi\u00e1ticamente no est\u00e1 en el mejor estado de \u00e1nimo&#8221;<\/a><\/strong>, se perfila como el gu\u00eda de Alpine en la temporada. El a\u00f1o pasado cerr\u00f3 el certamen en el d\u00e9cimo puesto de la tabla de pilotos, producto de 42 puntos y un podio (2\u00ba lugar en Brasil).<\/p>\n<\/div>\n<p><h2><strong>Colapinto: de la producci\u00f3n de fotos con Alpine a los bloopers jugando al p\u00e1del<\/strong><\/h2>\n<\/p>\n<div class=\"custom-text \" readability=\"39\">\n<p>A la espera de su chance para subirse a una butaca ya oficial, Colapinto particip\u00f3 de unas grabaciones con Briatore, Oakes, Gasly y Doohan. Si bien en Alpine tratan de marcar que el trato para los tres pilotos de reserva es el mismo, ni Paul Aron ni Ryo Hirakawa cuentan con la misma proyecci\u00f3n a corto plazo que la que tiene el argentino. Es por eso que a \u00e9l se lo incluye en las pautas publicitarias y los cortos para subir a los canales oficiales de la escuder\u00eda con sede en Enstone.<\/p>\n<\/div>\n<div class=\"sc-734b4696-1 kFfZtB\" readability=\"6\">\n<div class=\"sc-d00d9e74-0 hnHYbk vertical\" type=\"embed\">\n<div class=\"sc-d00d9e74-1 iKVbz videoText\" id=\"contentTitleembede9F3nND5\" type=\"embed\"><svg fill=\"#ffffff\"><symbol id=\"play\" viewBox=\"0 0 512 512\"><path d=\"M512 256C512 397.4 397.4 512 256 512C114.6 512 0 397.4 0 256C0 114.6 114.6 0 256 0C397.4 0 512 114.6 512 256zM176 168V344C176 352.7 180.7 360.7 188.3 364.9C195.8 369.2 205.1 369 212.5 364.5L356.5 276.5C363.6 272.1 368 264.4 368 256C368 247.6 363.6 239.9 356.5 235.5L212.5 147.5C205.1 142.1 195.8 142.8 188.3 147.1C180.7 151.3 176 159.3 176 168V168z\" \/><\/symbol><use xlink:href=\"#play\" \/><\/svg><\/p>\n<div class=\"right\">\n<p>Franco Colapinto<!-- --> &#8211; <span>&nbsp;<\/span><\/p>\n<h2 class=\"title-vid\">Colapinto, uno m\u00e1s de Alpine en las grabaciones de la escuder\u00eda<\/h2>\n<\/div>\n<\/div>\n<p><span class=\"back\" id=\"spanBackembede9F3nND5\"><\/span><\/div>\n<div class=\"JWvideoNota_title\" readability=\"7\">\n<p>Cr\u00e9dito: Flavio Briatore IG<\/p>\n<\/div>\n<\/div>\n<div class=\"custom-text \" readability=\"36\">\n<p>Por otro lado, en las \u00faltimas horas se viralizaron im\u00e1genes in\u00e9ditas de cuando Colapa disfrut\u00f3 de unos partidos de p\u00e1del en la Hexagon Cup. Se subi\u00f3 un video con bloopers, en el que se lo puede ver insultando por errores suyos cerca de la red y festejando algunos puntos.<\/p>\n<\/div>\n<div class=\"sc-734b4696-1 kFfZtB\" readability=\"6\">\n<div class=\"sc-d00d9e74-0 hnHYbk\" type=\"embed\">\n<div class=\"sc-d00d9e74-1 iKVbz videoText\" id=\"contentTitleembedV732Anbg\" type=\"embed\"><svg fill=\"#ffffff\"><symbol id=\"play\" viewBox=\"0 0 512 512\"><path d=\"M512 256C512 397.4 397.4 512 256 512C114.6 512 0 397.4 0 256C0 114.6 114.6 0 256 0C397.4 0 512 114.6 512 256zM176 168V344C176 352.7 180.7 360.7 188.3 364.9C195.8 369.2 205.1 369 212.5 364.5L356.5 276.5C363.6 272.1 368 264.4 368 256C368 247.6 363.6 239.9 356.5 235.5L212.5 147.5C205.1 142.1 195.8 142.8 188.3 147.1C180.7 151.3 176 159.3 176 168V168z\" \/><\/symbol><use xlink:href=\"#play\" \/><\/svg><\/p>\n<div class=\"right\">\n<p>Franco Colapinto<!-- --> &#8211; <span>&nbsp;<\/span><\/p>\n<h2 class=\"title-vid\">Los bloopers de Colapinto jugando al p\u00e1del<\/h2>\n<\/div>\n<\/div>\n<p><span class=\"back\" id=\"spanBackembedV732Anbg\"><\/span><\/div>\n<div class=\"JWvideoNota_title\" readability=\"7\">\n<p>Cr\u00e9dito: Colapinto files<\/p>\n<\/div>\n<\/div>\n<div class=\"sc-a7166897-0 eoLsBE\" readability=\"6.5\">\n<section readability=\"3\"><picture><img alt=\"Los pilotos de la F1 se la agarraron con Carlos Sainz: \u00bfqu\u00e9 ser\u00eda si no fuera piloto?\" loading=\"lazy\" width=\"290\" height=\"290\" decoding=\"async\" data-nimg=\"1\" src=\"http:\/\/cordobadirecto.com\/wp-content\/uploads\/2025\/02\/suma-puntos-para-ser-titular-gasly-y-un-fuerte-elogio-a-colapinto-tiene-mucho-talento-1.jpg\"><\/picture>\n<p><span>Mir\u00e1 tambi\u00e9n<\/span><\/p>\n<hr>\n<h3>Los pilotos de la F1 se la agarraron con Carlos Sainz: \u00bfqu\u00e9 ser\u00eda si no fuera piloto?<\/h3>\n<\/p>\n<\/section>\n<\/div>\n<div class=\"sc-a7166897-0 eoLsBE\" readability=\"6\">\n<section readability=\"2\"><picture><img alt=\"El jefe de Alpine elogi\u00f3 a Colapinto y dio se\u00f1ales del futuro del argentino\" loading=\"lazy\" width=\"290\" height=\"290\" decoding=\"async\" data-nimg=\"1\" src=\"http:\/\/cordobadirecto.com\/wp-content\/uploads\/2025\/02\/suma-puntos-para-ser-titular-gasly-y-un-fuerte-elogio-a-colapinto-tiene-mucho-talento-2.jpg\"><\/picture>\n<p><span>Mir\u00e1 tambi\u00e9n<\/span><\/p>\n<hr>\n<h3>El jefe de Alpine elogi\u00f3 a Colapinto y dio se\u00f1ales del futuro del argentino<\/h3>\n<\/p>\n<\/section>\n<\/div>\n<div class=\"sc-a7166897-0 eoLsBE\" readability=\"6\">\n<section readability=\"2\"><picture><img alt=\"TN en Paran\u00e1: Domenech empez\u00f3 la defensa del t\u00edtulo con una victoria\" loading=\"lazy\" width=\"290\" height=\"290\" decoding=\"async\" data-nimg=\"1\" src=\"http:\/\/cordobadirecto.com\/wp-content\/uploads\/2025\/02\/suma-puntos-para-ser-titular-gasly-y-un-fuerte-elogio-a-colapinto-tiene-mucho-talento-3.jpg\"><\/picture>\n<p><span>Mir\u00e1 tambi\u00e9n<\/span><\/p>\n<hr>\n<h3>TN en Paran\u00e1: Domenech empez\u00f3 la defensa del t\u00edtulo con una victoria<\/h3>\n<\/p>\n<\/section>\n<\/div>\n<\/div>\n","protected":false},"excerpt":{"rendered":"<p>23\/02\/2025 16:51hs. La edici\u00f3n N\u00ba 75 de la F\u00f3rmula 1 est\u00e1 a la vuelta de la esquina. Menos de un mes nos separan de la primera tanda de pruebas libres en Australia, donde el 16 de marzo se encender\u00e1n las luces del sem\u00e1foro para darle luz al campeonato. Y todo parece claro en los equipos. [&hellip;]<\/p>\n","protected":false},"author":1,"featured_media":162551,"comment_status":"closed","ping_status":"closed","sticky":false,"template":"","format":"standard","meta":[],"categories":[21],"tags":[],"_links":{"self":[{"href":"http:\/\/cordobadirecto.com\/index.php\/wp-json\/wp\/v2\/posts\/162550"}],"collection":[{"href":"http:\/\/cordobadirecto.com\/index.php\/wp-json\/wp\/v2\/posts"}],"about":[{"href":"http:\/\/cordobadirecto.com\/index.php\/wp-json\/wp\/v2\/types\/post"}],"author":[{"embeddable":true,"href":"http:\/\/cordobadirecto.com\/index.php\/wp-json\/wp\/v2\/users\/1"}],"replies":[{"embeddable":true,"href":"http:\/\/cordobadirecto.com\/index.php\/wp-json\/wp\/v2\/comments?post=162550"}],"version-history":[{"count":0,"href":"http:\/\/cordobadirecto.com\/index.php\/wp-json\/wp\/v2\/posts\/162550\/revisions"}],"wp:featuredmedia":[{"embeddable":true,"href":"http:\/\/cordobadirecto.com\/index.php\/wp-json\/wp\/v2\/media\/162551"}],"wp:attachment":[{"href":"http:\/\/cordobadirecto.com\/index.php\/wp-json\/wp\/v2\/media?parent=162550"}],"wp:term":[{"taxonomy":"category","embeddable":true,"href":"http:\/\/cordobadirecto.com\/index.php\/wp-json\/wp\/v2\/categories?post=162550"},{"taxonomy":"post_tag","embeddable":true,"href":"http:\/\/cordobadirecto.com\/index.php\/wp-json\/wp\/v2\/tags?post=162550"}],"curies":[{"name":"wp","href":"https:\/\/api.w.org\/{rel}","templated":true}]}}