{"id":162552,"date":"2025-02-23T18:59:41","date_gmt":"2025-02-23T18:59:41","guid":{"rendered":"https:\/\/www.ole.com.ar\/autos\/tn-turismo-nacional-final-parana-alfonso-domenech-empezo-defensa-titulo-victoria_0_KFHpAlPigp.html"},"modified":"2025-02-23T18:59:41","modified_gmt":"2025-02-23T18:59:41","slug":"tn-en-parana-domenech-empezo-la-defensa-del-titulo-con-una-victoria","status":"publish","type":"post","link":"http:\/\/cordobadirecto.com\/index.php\/2025\/02\/23\/tn-en-parana-domenech-empezo-la-defensa-del-titulo-con-una-victoria\/","title":{"rendered":"TN en Paran\u00e1: Domenech empez\u00f3 la defensa del t\u00edtulo con una victoria"},"content":{"rendered":"<p><span class=\"createDate\">23\/02\/2025 15:59hs.<\/span><time class=\"modificatedDate\" datetime=\"2025-02-23T16:18:33-03:00\"> Actualizado al 23\/02\/2025 16:18hs.<\/time><\/p>\n<div id=\"storyBody\">\n<div class=\"custom-text \" readability=\"44\">\n<p>El <strong>Turismo Nacional <\/strong>nos malacostumbr\u00f3 a las peleas por la victoria hasta la \u00faltima vuelta. Por las caracter\u00edsticas de los autos, ya que no hay muchas diferencias y se pueden seguir de cerca sin perder rendimiento, y porque el topeteo es v\u00e1lido -aunque a veces se extralimiten-. Sin embargo, <strong>en Paran\u00e1<\/strong>, donde el calor fue uno de los principales protagonistas, no hubo equivalencias. El campe\u00f3n, marcando presencia y envi\u00e1ndoles un mensaje a los que quieran arrebatarle la copa, fue el mejor por mucho: <strong>Alfonso Domenech<\/strong>, quien hizo la pole position -heredada deJuli\u00e1n Santero- y gan\u00f3 su serie, tambi\u00e9n se llev\u00f3 la primera final del a\u00f1o.<\/p>\n<\/div>\n<div class=\"custom-text \" readability=\"44\">\n<p>El piloto del Volkswagen Virtus, que desde este a\u00f1o luce el #1 en su puerta derecha, <strong>mantuvo a raya a Jos\u00e9 Manuel Urcera (Ford)<\/strong>, quien debi\u00f3 preocuparse m\u00e1s por lo que suced\u00eda en su paragolpes trasero que por el puntero de la carrera: detr\u00e1s,<strong> <\/strong>Juli\u00e1n Santero, Jer\u00f3nimo Teti y Ricardo Risatti (terminaron en ese orden) tuvieron una linda batalla. <strong>&#8220;No ten\u00edamos m\u00e1s que eso. Cuando qued\u00e9 2\u00ba, Domenech ya estaba muy lejos&#8221;<\/strong>, se lament\u00f3 Manu, contendiente al t\u00edtulo en cada edici\u00f3n, en di\u00e1logo con Campeones.<\/p>\n<\/div>\n<div class=\"sc-e7b891c4-0 ifHnQL image-embed\"><img alt=\"El Volkswagen de Domenech en Paran\u00e1. (Prensa TN)\" loading=\"lazy\" width=\"720\" height=\"100\" decoding=\"async\" data-nimg=\"1\" src=\"http:\/\/cordobadirecto.com\/wp-content\/uploads\/2025\/02\/tn-en-parana-domenech-empezo-la-defensa-del-titulo-con-una-victoria.jpg\"><span class=\"epigraphe\">El Volkswagen de Domenech en Paran\u00e1. (Prensa TN)<\/span><\/div>\n<div class=\"custom-text \" readability=\"35\">\n<p>Por su lado, el aspirante al bicampeonato mostr\u00f3 toda su felicidad: \u201c<strong>Es incre\u00edble arrancar el a\u00f1o as\u00ed. Estoy muy contento. <\/strong>En el comienzo pude aprovechar que Facu (Chapur) no ven\u00eda con buen ritmo para hacer una diferencia. Y despu\u00e9s tuvimos suerte porque no sali\u00f3 el auto de seguridad&#8221;.<\/p>\n<\/div>\n<p><h2><strong>El Turismo Nacional volver\u00e1 a la pista en C\u00f3rdoba<\/strong><\/h2>\n<\/p>\n<div class=\"custom-text \" readability=\"37\">\n<p>Despu\u00e9s de esta fecha, la Clase 3 del TN (al igual que la C2, que tuvo como ganador a Renzo Blotta en la fecha inaugural) se guardar\u00e1 en el box hasta el <strong>14 de marzo, cuando viajar\u00e1 a la provincia de C\u00f3rdoba<\/strong> para correr en el aut\u00f3dromo Oscar Cabal\u00e9n.<\/p>\n<\/div>\n<div class=\"sc-e7b891c4-0 ifHnQL image-embed\"><img alt=\"El #1 de Domenech en el Virtus. (@PrensaTN)\" loading=\"lazy\" width=\"720\" height=\"100\" decoding=\"async\" data-nimg=\"1\" src=\"http:\/\/cordobadirecto.com\/wp-content\/uploads\/2025\/02\/tn-en-parana-domenech-empezo-la-defensa-del-titulo-con-una-victoria-1.jpg\"><span class=\"epigraphe\">El #1 de Domenech en el Virtus. (@PrensaTN)<\/span><\/div>\n<div class=\"sc-a7166897-0 eoLsBE\" readability=\"6\">\n<section readability=\"2\"><picture><img alt=\"Fue jefe de Alpine y lo destroz\u00f3: &quot;No ten\u00edan idea sobre automovilismo&quot;\" loading=\"lazy\" width=\"290\" height=\"290\" decoding=\"async\" data-nimg=\"1\" src=\"http:\/\/cordobadirecto.com\/wp-content\/uploads\/2025\/02\/tn-en-parana-domenech-empezo-la-defensa-del-titulo-con-una-victoria-2.jpg\"><\/picture>\n<p><span>Mir\u00e1 tambi\u00e9n<\/span><\/p>\n<hr>\n<h3>Fue jefe de Alpine y lo destroz\u00f3: &#8220;No ten\u00edan idea sobre automovilismo&#8221;<\/h3>\n<\/p>\n<\/section>\n<\/div>\n<div class=\"sc-a7166897-0 eoLsBE\" readability=\"6\">\n<section readability=\"2\"><picture><img alt=\"El jefe de Alpine elogi\u00f3 a Colapinto y dio se\u00f1ales del futuro del argentino\" loading=\"lazy\" width=\"290\" height=\"290\" decoding=\"async\" data-nimg=\"1\" src=\"http:\/\/cordobadirecto.com\/wp-content\/uploads\/2025\/02\/tn-en-parana-domenech-empezo-la-defensa-del-titulo-con-una-victoria-3.jpg\"><\/picture>\n<p><span>Mir\u00e1 tambi\u00e9n<\/span><\/p>\n<hr>\n<h3>El jefe de Alpine elogi\u00f3 a Colapinto y dio se\u00f1ales del futuro del argentino<\/h3>\n<\/p>\n<\/section>\n<\/div>\n<div class=\"sc-a7166897-0 eoLsBE\" readability=\"6.5\">\n<section readability=\"3\"><picture><img alt=\"La Exhibici\u00f3n de la F\u00f3rmula 1 por dentro: de qu\u00e9 trata y qu\u00e9 se ver\u00e1 en Buenos Aires\" loading=\"lazy\" width=\"290\" height=\"290\" decoding=\"async\" data-nimg=\"1\" src=\"http:\/\/cordobadirecto.com\/wp-content\/uploads\/2025\/02\/tn-en-parana-domenech-empezo-la-defensa-del-titulo-con-una-victoria-4.jpg\"><\/picture>\n<p><span>Mir\u00e1 tambi\u00e9n<\/span><\/p>\n<hr>\n<h3>La Exhibici\u00f3n de la F\u00f3rmula 1 por dentro: de qu\u00e9 trata y qu\u00e9 se ver\u00e1 en Buenos Aires<\/h3>\n<\/p>\n<\/section>\n<\/div>\n<div class=\"sc-a7166897-0 eoLsBE\" readability=\"6.5\">\n<section readability=\"3\"><picture><img alt=\"Los pilotos de la F1 se la agarraron con Carlos Sainz: \u00bfqu\u00e9 ser\u00eda si no fuera piloto?\" loading=\"lazy\" width=\"290\" height=\"290\" decoding=\"async\" data-nimg=\"1\" src=\"http:\/\/cordobadirecto.com\/wp-content\/uploads\/2025\/02\/tn-en-parana-domenech-empezo-la-defensa-del-titulo-con-una-victoria-5.jpg\"><\/picture>\n<p><span>Mir\u00e1 tambi\u00e9n<\/span><\/p>\n<hr>\n<h3>Los pilotos de la F1 se la agarraron con Carlos Sainz: \u00bfqu\u00e9 ser\u00eda si no fuera piloto?<\/h3>\n<\/p>\n<\/section>\n<\/div>\n<\/div>\n","protected":false},"excerpt":{"rendered":"<p>23\/02\/2025 15:59hs. Actualizado al 23\/02\/2025 16:18hs. El Turismo Nacional nos malacostumbr\u00f3 a las peleas por la victoria hasta la \u00faltima vuelta. Por las caracter\u00edsticas de los autos, ya que no hay muchas diferencias y se pueden seguir de cerca sin perder rendimiento, y porque el topeteo es v\u00e1lido -aunque a veces se extralimiten-. Sin embargo, [&hellip;]<\/p>\n","protected":false},"author":1,"featured_media":162553,"comment_status":"closed","ping_status":"closed","sticky":false,"template":"","format":"standard","meta":[],"categories":[21],"tags":[],"_links":{"self":[{"href":"http:\/\/cordobadirecto.com\/index.php\/wp-json\/wp\/v2\/posts\/162552"}],"collection":[{"href":"http:\/\/cordobadirecto.com\/index.php\/wp-json\/wp\/v2\/posts"}],"about":[{"href":"http:\/\/cordobadirecto.com\/index.php\/wp-json\/wp\/v2\/types\/post"}],"author":[{"embeddable":true,"href":"http:\/\/cordobadirecto.com\/index.php\/wp-json\/wp\/v2\/users\/1"}],"replies":[{"embeddable":true,"href":"http:\/\/cordobadirecto.com\/index.php\/wp-json\/wp\/v2\/comments?post=162552"}],"version-history":[{"count":0,"href":"http:\/\/cordobadirecto.com\/index.php\/wp-json\/wp\/v2\/posts\/162552\/revisions"}],"wp:featuredmedia":[{"embeddable":true,"href":"http:\/\/cordobadirecto.com\/index.php\/wp-json\/wp\/v2\/media\/162553"}],"wp:attachment":[{"href":"http:\/\/cordobadirecto.com\/index.php\/wp-json\/wp\/v2\/media?parent=162552"}],"wp:term":[{"taxonomy":"category","embeddable":true,"href":"http:\/\/cordobadirecto.com\/index.php\/wp-json\/wp\/v2\/categories?post=162552"},{"taxonomy":"post_tag","embeddable":true,"href":"http:\/\/cordobadirecto.com\/index.php\/wp-json\/wp\/v2\/tags?post=162552"}],"curies":[{"name":"wp","href":"https:\/\/api.w.org\/{rel}","templated":true}]}}