{"id":162560,"date":"2025-02-24T14:51:46","date_gmt":"2025-02-24T14:51:46","guid":{"rendered":"https:\/\/puntoapunto.com.ar\/?p=370415"},"modified":"2025-02-24T14:51:46","modified_gmt":"2025-02-24T14:51:46","slug":"docta-ya-tiene-su-colegio-inauguro-el-instituto-j-f-nash-con-nivel-inicial-y-primer-grado","status":"publish","type":"post","link":"http:\/\/cordobadirecto.com\/index.php\/2025\/02\/24\/docta-ya-tiene-su-colegio-inauguro-el-instituto-j-f-nash-con-nivel-inicial-y-primer-grado\/","title":{"rendered":"Docta ya tiene su colegio: inaugur\u00f3 el Instituto J. F. Nash con nivel inicial y primer grado"},"content":{"rendered":"\n<p><span>El <strong>Instituto J. F. Nash inaugur\u00f3 oficialmente el primer colegio en Docta Urbanizaci\u00f3n,<\/strong> marcando un hito para la zona oeste de C\u00f3rdoba. El acto cont\u00f3 con la presencia de autoridades del Ministerio de Educaci\u00f3n, los fundadores, direcci\u00f3n y cuerpo docente de la instituci\u00f3n, familias que confiaron en el proyecto y la gerencia de la desarrollista <\/span><b>Proaco<\/b><span>.<\/span><\/p>\n<p><span>Ubicado en el <\/span><b>distrito Docta Central<\/b><span>, sobre la localidad de <\/span><b>Malague\u00f1o<\/b><span>, el colegio ofrece una propuesta <strong>educativa<\/strong> <\/span><b>privada y laica<\/b><span>, con un fuerte enfoque en la <\/span><b>innovaci\u00f3n, la tecnolog\u00eda, el idioma y el deporte<\/b><span>. En esta primera etapa, el colegio inicia sus actividades con nivel inicial (sala de 3, 4 y 5 a\u00f1os) y primer grado en una primera fase del edificio, que continuar\u00e1 expandi\u00e9ndose junto a las nuevas cohortes en los pr\u00f3ximos a\u00f1os.<\/span><\/p>\n<p><b>Una soluci\u00f3n esperada para la comunidad<\/b><\/p>\n<p><span>El flamante establecimiento contar\u00e1 con <\/span><b>opci\u00f3n de jornada simple y extendida<\/b><span> hasta las 16 horas, brindando una soluci\u00f3n educativa muy esperada por los habitantes de este pujante sector de la ciudad. Sus instalaciones incluyen <\/span><b>aulas amplias, climatizaci\u00f3n y espacios de recreaci\u00f3n<\/b><span> dise\u00f1ados para fomentar un ambiente de aprendizaje din\u00e1mico y estimulante.<\/span><\/p>\n<p><img decoding=\"async\" class=\"aligncenter size-full wp-image-370417\" src=\"http:\/\/cordobadirecto.com\/wp-content\/uploads\/2025\/02\/docta-ya-tiene-su-colegio-inauguro-el-instituto-j-f-nash-con-nivel-inicial-y-primer-grado.jpg\" alt width=\"2560\" height=\"1920\" srcset=\"http:\/\/cordobadirecto.com\/wp-content\/uploads\/2025\/02\/docta-ya-tiene-su-colegio-inauguro-el-instituto-j-f-nash-con-nivel-inicial-y-primer-grado.jpg 2560w, http:\/\/cordobadirecto.com\/wp-content\/uploads\/2025\/02\/docta-ya-tiene-su-colegio-inauguro-el-instituto-j-f-nash-con-nivel-inicial-y-primer-grado-2.jpg 300w, http:\/\/cordobadirecto.com\/wp-content\/uploads\/2025\/02\/docta-ya-tiene-su-colegio-inauguro-el-instituto-j-f-nash-con-nivel-inicial-y-primer-grado-3.jpg 1024w, http:\/\/cordobadirecto.com\/wp-content\/uploads\/2025\/02\/docta-ya-tiene-su-colegio-inauguro-el-instituto-j-f-nash-con-nivel-inicial-y-primer-grado-4.jpg 768w, http:\/\/cordobadirecto.com\/wp-content\/uploads\/2025\/02\/docta-ya-tiene-su-colegio-inauguro-el-instituto-j-f-nash-con-nivel-inicial-y-primer-grado-5.jpg 1536w, http:\/\/cordobadirecto.com\/wp-content\/uploads\/2025\/02\/docta-ya-tiene-su-colegio-inauguro-el-instituto-j-f-nash-con-nivel-inicial-y-primer-grado-6.jpg 2048w, http:\/\/cordobadirecto.com\/wp-content\/uploads\/2025\/02\/docta-ya-tiene-su-colegio-inauguro-el-instituto-j-f-nash-con-nivel-inicial-y-primer-grado-7.jpg 750w, http:\/\/cordobadirecto.com\/wp-content\/uploads\/2025\/02\/docta-ya-tiene-su-colegio-inauguro-el-instituto-j-f-nash-con-nivel-inicial-y-primer-grado-8.jpg 1140w\" sizes=\"(max-width: 2560px) 100vw, 2560px\" loading=\"lazy\"><\/p>\n<p><span>\u00abEs un proyecto educativo innovador y con un cuerpo docente con mucha trayectoria, con una fuerte impronta en tecnolog\u00eda\u00bb, destac\u00f3 <\/span><b>Carolina Amuch\u00e1stegui<\/b><span>, representante legal de la instituci\u00f3n. \u00abLa idea es ofrecer una formaci\u00f3n integral, donde los ni\u00f1os no solo adquieran conocimientos acad\u00e9micos s\u00f3lidos, sino tambi\u00e9n habilidades tecnol\u00f3gicas y deportivas que los preparen para los desaf\u00edos del futuro\u00bb, agreg\u00f3.<\/span><\/p>\n<p><b>Una urbanizaci\u00f3n con educaci\u00f3n de calidad<\/b><\/p>\n<p><span>Desde <\/span><b>Proaco<\/b><span>, Lucas Salim celebr\u00f3 la inauguraci\u00f3n y destac\u00f3 la importancia de sumar una instituci\u00f3n educativa a Docta. \u00abComo cordob\u00e9s y empresario muy relacionado con la educaci\u00f3n, siento una enorme alegr\u00eda de poder coronar ese camino con la construcci\u00f3n de un colegio dentro de Docta. Es un proyecto que trasciende generaciones. M\u00e1s que una obra en s\u00ed, es un legado\u00bb, expres\u00f3.<\/span><\/p>\n<p><img loading=\"lazy\" decoding=\"async\" class=\"aligncenter size-full wp-image-370418\" src=\"http:\/\/cordobadirecto.com\/wp-content\/uploads\/2025\/02\/docta-ya-tiene-su-colegio-inauguro-el-instituto-j-f-nash-con-nivel-inicial-y-primer-grado-1.jpg\" alt width=\"2560\" height=\"1920\" srcset=\"http:\/\/cordobadirecto.com\/wp-content\/uploads\/2025\/02\/docta-ya-tiene-su-colegio-inauguro-el-instituto-j-f-nash-con-nivel-inicial-y-primer-grado-1.jpg 2560w, http:\/\/cordobadirecto.com\/wp-content\/uploads\/2025\/02\/docta-ya-tiene-su-colegio-inauguro-el-instituto-j-f-nash-con-nivel-inicial-y-primer-grado-9.jpg 300w, http:\/\/cordobadirecto.com\/wp-content\/uploads\/2025\/02\/docta-ya-tiene-su-colegio-inauguro-el-instituto-j-f-nash-con-nivel-inicial-y-primer-grado-10.jpg 1024w, http:\/\/cordobadirecto.com\/wp-content\/uploads\/2025\/02\/docta-ya-tiene-su-colegio-inauguro-el-instituto-j-f-nash-con-nivel-inicial-y-primer-grado-11.jpg 768w, http:\/\/cordobadirecto.com\/wp-content\/uploads\/2025\/02\/docta-ya-tiene-su-colegio-inauguro-el-instituto-j-f-nash-con-nivel-inicial-y-primer-grado-12.jpg 1536w, http:\/\/cordobadirecto.com\/wp-content\/uploads\/2025\/02\/docta-ya-tiene-su-colegio-inauguro-el-instituto-j-f-nash-con-nivel-inicial-y-primer-grado-13.jpg 2048w, http:\/\/cordobadirecto.com\/wp-content\/uploads\/2025\/02\/docta-ya-tiene-su-colegio-inauguro-el-instituto-j-f-nash-con-nivel-inicial-y-primer-grado-14.jpg 750w, http:\/\/cordobadirecto.com\/wp-content\/uploads\/2025\/02\/docta-ya-tiene-su-colegio-inauguro-el-instituto-j-f-nash-con-nivel-inicial-y-primer-grado-15.jpg 1140w\" sizes=\"auto, (max-width: 2560px) 100vw, 2560px\"><\/p>\n<p><span>Adem\u00e1s, remarc\u00f3 el valor de la educaci\u00f3n dentro del concepto de \u00abUrbanizaci\u00f3n Inteligente\u00bb, clave en el desarrollo de Docta, que busca integrar infraestructura, conectividad y servicios de calidad para mejorar la calidad de vida de sus habitantes.<\/span><\/p>\n<p><span>Con su llegada, el <\/span><b>Instituto J. F. Nash<\/b><span> se proyecta como un referente en educaci\u00f3n en la zona, siendo un hito que consolida a <\/span><b>Docta <\/b><span>como una <\/span><b>urbanizaci\u00f3n integral, moderna y en constante evoluci\u00f3n<\/b><span> para las m\u00e1s de 2.000 familias que la eligieron para su proyecto de vida y barrios aleda\u00f1os.<\/span><\/p>\n","protected":false},"excerpt":{"rendered":"<p>El Instituto J. F. Nash inaugur\u00f3 oficialmente el primer colegio en Docta Urbanizaci\u00f3n, marcando un hito para la zona oeste de C\u00f3rdoba. El acto cont\u00f3 con la presencia de autoridades del Ministerio de Educaci\u00f3n, los fundadores, direcci\u00f3n y cuerpo docente de la instituci\u00f3n, familias que confiaron en el proyecto y la gerencia de la desarrollista [&hellip;]<\/p>\n","protected":false},"author":1,"featured_media":162561,"comment_status":"closed","ping_status":"closed","sticky":false,"template":"","format":"standard","meta":[],"categories":[25],"tags":[],"_links":{"self":[{"href":"http:\/\/cordobadirecto.com\/index.php\/wp-json\/wp\/v2\/posts\/162560"}],"collection":[{"href":"http:\/\/cordobadirecto.com\/index.php\/wp-json\/wp\/v2\/posts"}],"about":[{"href":"http:\/\/cordobadirecto.com\/index.php\/wp-json\/wp\/v2\/types\/post"}],"author":[{"embeddable":true,"href":"http:\/\/cordobadirecto.com\/index.php\/wp-json\/wp\/v2\/users\/1"}],"replies":[{"embeddable":true,"href":"http:\/\/cordobadirecto.com\/index.php\/wp-json\/wp\/v2\/comments?post=162560"}],"version-history":[{"count":0,"href":"http:\/\/cordobadirecto.com\/index.php\/wp-json\/wp\/v2\/posts\/162560\/revisions"}],"wp:featuredmedia":[{"embeddable":true,"href":"http:\/\/cordobadirecto.com\/index.php\/wp-json\/wp\/v2\/media\/162561"}],"wp:attachment":[{"href":"http:\/\/cordobadirecto.com\/index.php\/wp-json\/wp\/v2\/media?parent=162560"}],"wp:term":[{"taxonomy":"category","embeddable":true,"href":"http:\/\/cordobadirecto.com\/index.php\/wp-json\/wp\/v2\/categories?post=162560"},{"taxonomy":"post_tag","embeddable":true,"href":"http:\/\/cordobadirecto.com\/index.php\/wp-json\/wp\/v2\/tags?post=162560"}],"curies":[{"name":"wp","href":"https:\/\/api.w.org\/{rel}","templated":true}]}}