{"id":162562,"date":"2025-02-24T15:18:43","date_gmt":"2025-02-24T15:18:43","guid":{"rendered":"http:\/\/cordobadirecto.com\/index.php\/2025\/02\/24\/se-privatiza-el-gobierno-le-busca-destino-a-la-fabrica-de-aviones-de-cordoba\/"},"modified":"2025-02-24T15:18:43","modified_gmt":"2025-02-24T15:18:43","slug":"se-privatiza-el-gobierno-le-busca-destino-a-la-fabrica-de-aviones-de-cordoba","status":"publish","type":"post","link":"http:\/\/cordobadirecto.com\/index.php\/2025\/02\/24\/se-privatiza-el-gobierno-le-busca-destino-a-la-fabrica-de-aviones-de-cordoba\/","title":{"rendered":"\u00bfSe privatiza?: el Gobierno le busca destino a la f\u00e1brica de aviones de <b>C\u00f3rdoba<\/b>"},"content":{"rendered":"<p>&#8230; <b>nuevo<\/b> destino para FADEA, la f\u00e1brica de aviones con sede en <b>C\u00f3rdoba<\/b>. La &#8230; En Casa Rosada sostienen que <b>C\u00f3rdoba<\/b> cuenta con la espalda <b>econ\u00f3mica<\/b>&nbsp;&#8230; <\/p>\n","protected":false},"excerpt":{"rendered":"<p>&#8230; nuevo destino para FADEA, la f\u00e1brica de aviones con sede en C\u00f3rdoba. La &#8230; En Casa Rosada sostienen que C\u00f3rdoba cuenta con la espalda econ\u00f3mica&nbsp;&#8230;<\/p>\n","protected":false},"author":1,"featured_media":0,"comment_status":"closed","ping_status":"closed","sticky":false,"template":"","format":"standard","meta":[],"categories":[40],"tags":[],"_links":{"self":[{"href":"http:\/\/cordobadirecto.com\/index.php\/wp-json\/wp\/v2\/posts\/162562"}],"collection":[{"href":"http:\/\/cordobadirecto.com\/index.php\/wp-json\/wp\/v2\/posts"}],"about":[{"href":"http:\/\/cordobadirecto.com\/index.php\/wp-json\/wp\/v2\/types\/post"}],"author":[{"embeddable":true,"href":"http:\/\/cordobadirecto.com\/index.php\/wp-json\/wp\/v2\/users\/1"}],"replies":[{"embeddable":true,"href":"http:\/\/cordobadirecto.com\/index.php\/wp-json\/wp\/v2\/comments?post=162562"}],"version-history":[{"count":0,"href":"http:\/\/cordobadirecto.com\/index.php\/wp-json\/wp\/v2\/posts\/162562\/revisions"}],"wp:attachment":[{"href":"http:\/\/cordobadirecto.com\/index.php\/wp-json\/wp\/v2\/media?parent=162562"}],"wp:term":[{"taxonomy":"category","embeddable":true,"href":"http:\/\/cordobadirecto.com\/index.php\/wp-json\/wp\/v2\/categories?post=162562"},{"taxonomy":"post_tag","embeddable":true,"href":"http:\/\/cordobadirecto.com\/index.php\/wp-json\/wp\/v2\/tags?post=162562"}],"curies":[{"name":"wp","href":"https:\/\/api.w.org\/{rel}","templated":true}]}}