{"id":162565,"date":"2025-02-24T14:41:14","date_gmt":"2025-02-24T14:41:14","guid":{"rendered":"https:\/\/cordoba.gob.ar\/?p=74830"},"modified":"2025-02-24T14:41:14","modified_gmt":"2025-02-24T14:41:14","slug":"passerini-dio-inicio-al-ciclo-lectivo-2025-en-las-escuelas-municipales-de-cordoba-la-desercion-es-cero","status":"publish","type":"post","link":"http:\/\/cordobadirecto.com\/index.php\/2025\/02\/24\/passerini-dio-inicio-al-ciclo-lectivo-2025-en-las-escuelas-municipales-de-cordoba-la-desercion-es-cero\/","title":{"rendered":"Passerini dio inicio al Ciclo Lectivo 2025: \u201cEn las escuelas municipales de C\u00f3rdoba la deserci\u00f3n es cero\u201d"},"content":{"rendered":"<div><img src=\"http:\/\/cordobadirecto.com\/wp-content\/uploads\/2025\/02\/passerini-dio-inicio-al-ciclo-lectivo-2025-en-las-escuelas-municipales-de-cordoba-la-desercion-es-cero.jpg\" class=\"ff-og-image-inserted\"><\/div>\n<ul class=\"ak-ul\" data-prosemirror-content-type=\"node\" data-prosemirror-node-name=\"bulletList\" data-prosemirror-node-block=\"true\" readability=\"-0.5\">\n<li data-prosemirror-content-type=\"node\" data-prosemirror-node-name=\"listItem\" data-prosemirror-node-block=\"true\" readability=\"2\">\n<p data-prosemirror-content-type=\"node\" data-prosemirror-node-name=\"paragraph\" data-prosemirror-node-block=\"true\"><strong>El intendente valor\u00f3 la excelencia y contenci\u00f3n que brinda el sistema, reafirm\u00f3 la inversi\u00f3n en equipamiento, capacitaci\u00f3n e innovaciones para este a\u00f1o.<\/strong><\/p>\n<\/li>\n<\/ul>\n<hr>\n<p data-prosemirror-content-type=\"node\" data-prosemirror-node-name=\"paragraph\" data-prosemirror-node-block=\"true\">Este lunes, el intendente Daniel Passerini dio inicio al ciclo lectivo 2025 en la Escuela Municipal Jorge Luis Borges, ubicada en barrio Quintas de San Jorge, junto a estudiantes, docentes y familias.<\/p>\n<p data-prosemirror-content-type=\"node\" data-prosemirror-node-name=\"paragraph\" data-prosemirror-node-block=\"true\">Para este nuevo ciclo lectivo, Passerini anunci\u00f3 innovaciones tecnol\u00f3gicas e inclusivas: contar\u00e1 con plataformas interactivas para aprender matem\u00e1ticas a trav\u00e9s de juegos, una herramienta digital para la ense\u00f1anza de lengua de se\u00f1as, cursos de chino mandar\u00edn y dispositivos adaptados para estudiantes con ceguera o disminuci\u00f3n visual.<\/p>\n<p data-prosemirror-content-type=\"node\" data-prosemirror-node-name=\"paragraph\" data-prosemirror-node-block=\"true\">\u201cEn las escuelas municipales de C\u00f3rdoba la deserci\u00f3n es cero. Ac\u00e1 crece la cantidad de alumnos, porque adem\u00e1s del alto nivel educativo, tambi\u00e9n tenemos una red de contenci\u00f3n para las familias que se encuentran en una situaci\u00f3n vulnerable\u201d, expres\u00f3 el intendente Passerini valorando el rol educativo y social que cumplen las escuelas de la ciudad.<\/p>\n<p data-prosemirror-content-type=\"node\" data-prosemirror-node-name=\"paragraph\" data-prosemirror-node-block=\"true\">\u201cCon cada aula abierta y cada maestro ense\u00f1ando, reafirmamos nuestro compromiso con un modelo de gobierno o y un estado que defiende la educaci\u00f3n porque es la mejor manera de construir una sociedad m\u00e1s justa\u201d, expres\u00f3 Passerini como el fin \u00faltimo de las escuelas.<\/p>\n<p data-prosemirror-content-type=\"node\" data-prosemirror-node-name=\"paragraph\" data-prosemirror-node-block=\"true\">\u201cEsta es la pol\u00edtica educativa que hace a\u00f1os tenemos en el municipio: preparar hoy a los estudiantes para las necesidades que el mundo ya demanda. No solo pensando en el futuro, sino pensando soluciones para mejorar la vida de los cordobeses y cordobesas, desde ahora, desde el nivel inicial\u201d, fundament\u00f3 el intendente respecto a los logros del sistema municipal, que cuenta con 38 escuelas primarias y 38 jardines. Actualmente, asisten m\u00e1s de 16.000 estudiantes de nivel inicial, primario y adultos.<\/p>\n<p data-prosemirror-content-type=\"node\" data-prosemirror-node-name=\"paragraph\" data-prosemirror-node-block=\"true\">En otro tramo de su discurso, Passerini resalt\u00f3 en perspectiva la continuidad de las pol\u00edticas educativas de calidad en la ciudad. \u201cPor eso invertimos en computadoras, en kits de rob\u00f3tica, en dispositivos de realidad virtual, en talleres y jornadas de capacitaci\u00f3n a nuestros docentes, en mejorar las aulas, los ba\u00f1os y los espacios de recreaci\u00f3n de cada escuela\u201d, especific\u00f3 frente a la comunidad educativa de barrio Quintas de San Jorge.<\/p>\n<p data-prosemirror-content-type=\"node\" data-prosemirror-node-name=\"paragraph\" data-prosemirror-node-block=\"true\">\u201cAgradecemos a los cordobeses porque detr\u00e1s de cada inversi\u00f3n est\u00e1 el esfuerzo de los vecinos. Ese esfuerzo que est\u00e1n haciendo y que con el gobernador Llaryora conocemos, son mejoras para la educaci\u00f3n p\u00fablica, para la salud p\u00fablica, para las calles, veredas, para mejorar el alumbrado, para seguir transformando esta ciudad desde 2019\u201d, agradeci\u00f3 Passerini durante el acto.<\/p>\n<p data-prosemirror-content-type=\"node\" data-prosemirror-node-name=\"paragraph\" data-prosemirror-node-block=\"true\"><strong data-prosemirror-content-type=\"mark\" data-prosemirror-mark-name=\"strong\">Orgullo<\/strong><\/p>\n<p data-prosemirror-content-type=\"node\" data-prosemirror-node-name=\"paragraph\" data-prosemirror-node-block=\"true\">Durante su discurso, Passerini mencion\u00f3 algunos casos concretos de la excelencia del sistema educativo municipal. Uno de ellos es Fernando Choque Huanca, alumno de la escuela Carlos Ordo\u00f1ez y \u00faltimo campe\u00f3n provincial de la Olimpiada matem\u00e1tica \u00d1and\u00fa.<\/p>\n<p data-prosemirror-content-type=\"node\" data-prosemirror-node-name=\"paragraph\" data-prosemirror-node-block=\"true\">El intendente tambi\u00e9n explic\u00f3 el proyecto Agua Bit, realizado por chicos y chicas de la escuela Justo P\u00e1ez Molina y que obtuvieron el segundo puesto en el certamen internacional \u201cLos Creadores\u201d.<\/p>\n<p data-prosemirror-content-type=\"node\" data-prosemirror-node-name=\"paragraph\" data-prosemirror-node-block=\"true\">\u201cEllos son nuestro orgullo. Este es el estado que nos hace sentir orgullosos: el que garantiza que cada chico tenga una escuela donde aprender y docentes que los gu\u00eden\u201d, valor\u00f3 Passerini.<\/p>\n<p data-prosemirror-content-type=\"node\" data-prosemirror-node-name=\"paragraph\" data-prosemirror-node-block=\"true\">\u00abSabemos que, sin el aporte de todos ustedes, el fen\u00f3meno educativo no podr\u00eda concretarse. En conjunto, hacemos el m\u00e1ximo esfuerzo para que la calidad se sostenga y vaya en aumento, porque sabemos que la educaci\u00f3n es el pilar sobre el que se asientan nuestras aspiraciones como sociedad\u00bb, resalt\u00f3 por su parte Alicia La Terza, Secretaria de Educaci\u00f3n Municipal.<\/p>\n<p data-prosemirror-content-type=\"node\" data-prosemirror-node-name=\"paragraph\" data-prosemirror-node-block=\"true\">\u201cCuriosidad, apertura y duda, son cualidades necesarias e imprescindibles para sentar bases para el conocimiento cient\u00edfico\u201d, puntualiz\u00f3 a su tiempo Mariana Santini, directora de la escuela Borges, respecto a la implementaci\u00f3n del proyecto CAD, una de las innovaciones pensadas para el 2025.<\/p>\n<p data-prosemirror-content-type=\"node\" data-prosemirror-node-name=\"paragraph\" data-prosemirror-node-block=\"true\"><strong data-prosemirror-content-type=\"mark\" data-prosemirror-mark-name=\"strong\">Innovaciones<\/strong><\/p>\n<p data-prosemirror-content-type=\"node\" data-prosemirror-node-name=\"paragraph\" data-prosemirror-node-block=\"true\">Durante el evento, se realiz\u00f3 una muestra tecnol\u00f3gica que permiti\u00f3 a estudiantes y docentes explorar las \u00faltimas tendencias en educaci\u00f3n digital.<\/p>\n<p data-prosemirror-content-type=\"node\" data-prosemirror-node-name=\"paragraph\" data-prosemirror-node-block=\"true\">Los estudiantes participaron activamente en demostraciones de rob\u00f3tica, experiencias inmersivas con realidad virtual y simulaciones interactivas que combinan el juego con el aprendizaje. Esta metodolog\u00eda busca fomentar un enfoque din\u00e1mico y participativo en el aula, fortaleciendo el protagonismo estudiantil.<\/p>\n<p data-prosemirror-content-type=\"node\" data-prosemirror-node-name=\"paragraph\" data-prosemirror-node-block=\"true\">Creativos Digitales, Educabot, Dillo, Matific y Procer, se sumaron a la iniciativa para mostrar sus soluciones de vanguardia, incluyendo inteligencia artificial aplicada a la educaci\u00f3n, rob\u00f3tica, plataformas de aprendizaje adaptativo y herramientas de accesibilidad.<\/p>\n<p data-prosemirror-content-type=\"node\" data-prosemirror-node-name=\"paragraph\" data-prosemirror-node-block=\"true\">En el transcurso de las vacaciones, la Municipalidad de C\u00f3rdoba realiz\u00f3 obras de refacci\u00f3n y mantenimiento en la Escuela Jorge Luis Borges y en otras 36 instituciones educativas de nivel primario e inicial.<\/p>\n<p data-prosemirror-content-type=\"node\" data-prosemirror-node-name=\"paragraph\" data-prosemirror-node-block=\"true\">En la Borges, los trabajos incluyeron la construcci\u00f3n de veredas con contrapiso de hormig\u00f3n, reposici\u00f3n de baldosas en el patio, revoques y pintura de muros interiores y exteriores, impermeabilizaci\u00f3n de techos, mantenimiento de canaletas y rejillas de desag\u00fce pluvial, y la instalaci\u00f3n de luminarias LED en salas, ba\u00f1os y la biblioteca.<\/p>\n<p data-prosemirror-content-type=\"node\" data-prosemirror-node-name=\"paragraph\" data-prosemirror-node-block=\"true\">Adem\u00e1s, se repararon ventiladores, se coloc\u00f3 un aro de b\u00e1squet faltante, se instalaron tres m\u00e1stiles para las banderas y se construy\u00f3 una nueva vereda en el acceso principal.<\/p>\n<p data-prosemirror-content-type=\"node\" data-prosemirror-node-name=\"paragraph\" data-prosemirror-node-block=\"true\">Las refacciones en las otras instituciones priorizaron la reparaci\u00f3n de ba\u00f1os y aulas, asegurando la correcta provisi\u00f3n de agua, el funcionamiento de los sistemas sanitarios y la eliminaci\u00f3n de riesgos el\u00e9ctricos.<\/p>\n<p data-prosemirror-content-type=\"node\" data-prosemirror-node-name=\"paragraph\" data-prosemirror-node-block=\"true\">La Escuela Jorge Luis Borges cumpli\u00f3 40 a\u00f1os brindando servicios educativos al sector noroeste de la ciudad.<\/p>\n","protected":false},"excerpt":{"rendered":"<p>El intendente valor\u00f3 la excelencia y contenci\u00f3n que brinda el sistema, reafirm\u00f3 la inversi\u00f3n en equipamiento, capacitaci\u00f3n e innovaciones para este a\u00f1o. Este lunes, el intendente Daniel Passerini dio inicio al ciclo lectivo 2025 en la Escuela Municipal Jorge Luis Borges, ubicada en barrio Quintas de San Jorge, junto a estudiantes, docentes y familias. Para [&hellip;]<\/p>\n","protected":false},"author":1,"featured_media":162566,"comment_status":"closed","ping_status":"closed","sticky":false,"template":"","format":"standard","meta":[],"categories":[44],"tags":[],"_links":{"self":[{"href":"http:\/\/cordobadirecto.com\/index.php\/wp-json\/wp\/v2\/posts\/162565"}],"collection":[{"href":"http:\/\/cordobadirecto.com\/index.php\/wp-json\/wp\/v2\/posts"}],"about":[{"href":"http:\/\/cordobadirecto.com\/index.php\/wp-json\/wp\/v2\/types\/post"}],"author":[{"embeddable":true,"href":"http:\/\/cordobadirecto.com\/index.php\/wp-json\/wp\/v2\/users\/1"}],"replies":[{"embeddable":true,"href":"http:\/\/cordobadirecto.com\/index.php\/wp-json\/wp\/v2\/comments?post=162565"}],"version-history":[{"count":0,"href":"http:\/\/cordobadirecto.com\/index.php\/wp-json\/wp\/v2\/posts\/162565\/revisions"}],"wp:featuredmedia":[{"embeddable":true,"href":"http:\/\/cordobadirecto.com\/index.php\/wp-json\/wp\/v2\/media\/162566"}],"wp:attachment":[{"href":"http:\/\/cordobadirecto.com\/index.php\/wp-json\/wp\/v2\/media?parent=162565"}],"wp:term":[{"taxonomy":"category","embeddable":true,"href":"http:\/\/cordobadirecto.com\/index.php\/wp-json\/wp\/v2\/categories?post=162565"},{"taxonomy":"post_tag","embeddable":true,"href":"http:\/\/cordobadirecto.com\/index.php\/wp-json\/wp\/v2\/tags?post=162565"}],"curies":[{"name":"wp","href":"https:\/\/api.w.org\/{rel}","templated":true}]}}