{"id":162609,"date":"2025-02-25T17:21:38","date_gmt":"2025-02-25T17:21:38","guid":{"rendered":"https:\/\/cordoba.gob.ar\/?p=73214"},"modified":"2025-02-25T17:21:38","modified_gmt":"2025-02-25T17:21:38","slug":"los-vecinos-de-muller-y-la-concientizacion-del-basural-limpieza-educacion-y-obras","status":"publish","type":"post","link":"http:\/\/cordobadirecto.com\/index.php\/2025\/02\/25\/los-vecinos-de-muller-y-la-concientizacion-del-basural-limpieza-educacion-y-obras\/","title":{"rendered":"Los vecinos de M\u00fcller y la concientizaci\u00f3n del basural: limpieza, educaci\u00f3n y obras"},"content":{"rendered":"<div><img src=\"http:\/\/cordobadirecto.com\/wp-content\/uploads\/2025\/02\/los-vecinos-de-muller-y-la-concientizacion-del-basural-limpieza-educacion-y-obras.jpg\" class=\"ff-og-image-inserted\"><\/div>\n<ul>\n<li><strong><strong>La Municipalidad de C\u00f3rdoba entreg\u00f3 informaci\u00f3n sobre la importancia de la limpieza de los espacios comunes en el marco de la erradicaci\u00f3n del basural.<\/strong><\/strong><br \/>\n<hr>\n<\/li>\n<\/ul>\n<p>Los vecinos y vecinas de barrio M\u00fcller y barrios aleda\u00f1os participaron de una jornada de concientizaci\u00f3n en la que se informaron sobre las acciones que se llevan a cabo en el barrio, correspondientes a la erradicaci\u00f3n de un gran basural.<\/p>\n<p>Este est\u00e1 ubicado en la esquina de Domingo Matheu y Gorriti, cercano a la Costanera, y se extiende dos cuadras hacia adentro, casi hasta la Plaza de los Burros.<\/p>\n<p>Un equipo de la Direcci\u00f3n de Higiene Urbana interviene este espacio dos veces por semana para mantenerlo en condiciones, pero aun as\u00ed, se desechan ilegalmente numerosos residuos en este sector.<\/p>\n<p>Para evitar estas acciones, se llev\u00f3 a cabo una jornada de concientizaci\u00f3n, consensuada con los vecinos, en la que el municipio entreg\u00f3 informaci\u00f3n a los habitantes de la zona sobre la importancia del cuidado de este espacio.<\/p>\n<p>Esta acci\u00f3n se enmarca en un plan integral ideado en conjunto por la Municipalidad de C\u00f3rdoba y el Centro Vecinal de M\u00fcller, que surge por una demanda hist\u00f3rica de la gente, que erradicar\u00e1 definitivamente este basural a cielo abierto, da\u00f1ino para el ambiente y la salud de los ciudadanos en el sector.<\/p>\n<p>Es un trabajo impulsado por la Secretar\u00eda de Ambiente Sustentable y Econom\u00eda Circular, en colaboraci\u00f3n con el Parque Educativo Este, de barrio Campo de la Ribera, dependiente de la Secretar\u00eda de Educaci\u00f3n, y los vecinos del lugar.<\/p>\n<p>Estas acciones redundar\u00e1n en beneficios para los residentes tambi\u00e9n de San Vicente, Maldonado y todos los barrios circundantes, quienes tambi\u00e9n son parte activa de esta transformaci\u00f3n.<\/p>\n<p>El Ente C\u00f3rdoba Obras y Servicios (COyS) tambi\u00e9n participa en la puesta a punto de la plaza, mientras que la Universidad Libre del Ambiente (IPA) y el Instituto de Protecci\u00f3n Ambiental y Animal (IPA) est\u00e1n a cargo del \u00e1mbito educativo.<\/p>\n<p>Como parte de una colaboraci\u00f3n p\u00fablico-privada, tambi\u00e9n se involucra en este objetivo la empresa LEP, due\u00f1a de un galp\u00f3n de colectivos ubicado en esa misma esquina, y que interviene la vereda de la calle para dejarla en buen estado.<\/p>\n<p>Tambi\u00e9n son parte de esta iniciativa el CPC San Vicente, a cargo de la jurisdicci\u00f3n en este punto, as\u00ed como tambi\u00e9n el Centro Operativo del mismo CPC, que aporta maquinaria y personal para el trabajo en este sitio.<\/p>\n<p>La concientizaci\u00f3n social y ambiental es importante para que, una vez erradicado el basural y transformado el espacio, este pueda ser valorado y reapropiado por los vecinos, tanto para evitar nuevos problemas como para que finalmente hagan de este punto un lugar propio.<\/p>\n","protected":false},"excerpt":{"rendered":"<p>La Municipalidad de C\u00f3rdoba entreg\u00f3 informaci\u00f3n sobre la importancia de la limpieza de los espacios comunes en el marco de la erradicaci\u00f3n del basural. Los vecinos y vecinas de barrio M\u00fcller y barrios aleda\u00f1os participaron de una jornada de concientizaci\u00f3n en la que se informaron sobre las acciones que se llevan a cabo en el [&hellip;]<\/p>\n","protected":false},"author":1,"featured_media":162610,"comment_status":"closed","ping_status":"closed","sticky":false,"template":"","format":"standard","meta":[],"categories":[44],"tags":[],"_links":{"self":[{"href":"http:\/\/cordobadirecto.com\/index.php\/wp-json\/wp\/v2\/posts\/162609"}],"collection":[{"href":"http:\/\/cordobadirecto.com\/index.php\/wp-json\/wp\/v2\/posts"}],"about":[{"href":"http:\/\/cordobadirecto.com\/index.php\/wp-json\/wp\/v2\/types\/post"}],"author":[{"embeddable":true,"href":"http:\/\/cordobadirecto.com\/index.php\/wp-json\/wp\/v2\/users\/1"}],"replies":[{"embeddable":true,"href":"http:\/\/cordobadirecto.com\/index.php\/wp-json\/wp\/v2\/comments?post=162609"}],"version-history":[{"count":0,"href":"http:\/\/cordobadirecto.com\/index.php\/wp-json\/wp\/v2\/posts\/162609\/revisions"}],"wp:featuredmedia":[{"embeddable":true,"href":"http:\/\/cordobadirecto.com\/index.php\/wp-json\/wp\/v2\/media\/162610"}],"wp:attachment":[{"href":"http:\/\/cordobadirecto.com\/index.php\/wp-json\/wp\/v2\/media?parent=162609"}],"wp:term":[{"taxonomy":"category","embeddable":true,"href":"http:\/\/cordobadirecto.com\/index.php\/wp-json\/wp\/v2\/categories?post=162609"},{"taxonomy":"post_tag","embeddable":true,"href":"http:\/\/cordobadirecto.com\/index.php\/wp-json\/wp\/v2\/tags?post=162609"}],"curies":[{"name":"wp","href":"https:\/\/api.w.org\/{rel}","templated":true}]}}