{"id":16263,"date":"2021-08-30T22:41:39","date_gmt":"2021-08-30T22:41:39","guid":{"rendered":"https:\/\/www.cordoba.gob.ar\/?p=12801"},"modified":"2021-08-30T22:41:39","modified_gmt":"2021-08-30T22:41:39","slug":"por-al-menos-30-dias-el-municipio-reduce-la-calzada-en-bulevar-las-heras","status":"publish","type":"post","link":"http:\/\/cordobadirecto.com\/index.php\/2021\/08\/30\/por-al-menos-30-dias-el-municipio-reduce-la-calzada-en-bulevar-las-heras\/","title":{"rendered":"Por al menos 30 d\u00edas, el Municipio reduce la calzada en bulevar Las Heras"},"content":{"rendered":"<div><img src=\"http:\/\/cordobadirecto.com\/wp-content\/uploads\/2021\/08\/por-al-menos-30-dias-el-municipio-reduce-la-calzada-en-bulevar-las-heras.jpg\" class=\"ff-og-image-inserted\"><\/div>\n<p>Desde el martes 31 de agosto, a partir de las 8 horas, se implementar\u00e1 una reducci\u00f3n de calzada en el bulevar Las Heras, entre el puente Ant\u00e1rtida y la calle Jujuy.<\/p>\n<p>La intervenci\u00f3n ser\u00e1 de 100 metros lineales, abarcando un carril en los primeros 50 metros y dos carriles en el tramo siguiente.<\/p>\n<p>Los trabajos en este sector se extender\u00e1n al menos hasta el 30 de septiembre.<\/p>\n<p>Entre las obras que se realizan en el lugar, se est\u00e1 construyendo un cuarto carril en el bulevar, que ya presenta un importante avance en el hormigonado de la nueva calzada y una d\u00e1rsena de estacionamiento.<\/p>\n<p>CAMBIO EN LA L\u00cdNEA 53<\/p>\n<p>Debido a esta reducci\u00f3n de la calzada, se modificar\u00e1 el recorrido de la l\u00ednea 53 de Ersa mientras se ejecuten las tareas, de la siguiente manera:<\/p>\n<p>Desde el centro:<br \/>Su ruta \u2013 Marcelo T. de Alvear \u2013 Belgrano \u2013 Tucum\u00e1n \u2013 La Tablada \u2013 Puente Ant\u00e1rtida \u2013 Lavalleja \u2013 Campillo \u2013 Rivadeo \u2013 Jer\u00f3nimo Luis de Cabrera \u2013 Jos\u00e9 de la Reta \u2013 Suipacha \u2013 su ruta.<\/p>\n","protected":false},"excerpt":{"rendered":"<p>Desde el martes 31 de agosto, a partir de las 8 horas, se implementar\u00e1 una reducci\u00f3n de calzada en el bulevar Las Heras, entre el puente Ant\u00e1rtida y la calle Jujuy. La intervenci\u00f3n ser\u00e1 de 100 metros lineales, abarcando un carril en los primeros 50 metros y dos carriles en el tramo siguiente. Los trabajos [&hellip;]<\/p>\n","protected":false},"author":1,"featured_media":16264,"comment_status":"closed","ping_status":"closed","sticky":false,"template":"","format":"standard","meta":[],"categories":[44],"tags":[],"_links":{"self":[{"href":"http:\/\/cordobadirecto.com\/index.php\/wp-json\/wp\/v2\/posts\/16263"}],"collection":[{"href":"http:\/\/cordobadirecto.com\/index.php\/wp-json\/wp\/v2\/posts"}],"about":[{"href":"http:\/\/cordobadirecto.com\/index.php\/wp-json\/wp\/v2\/types\/post"}],"author":[{"embeddable":true,"href":"http:\/\/cordobadirecto.com\/index.php\/wp-json\/wp\/v2\/users\/1"}],"replies":[{"embeddable":true,"href":"http:\/\/cordobadirecto.com\/index.php\/wp-json\/wp\/v2\/comments?post=16263"}],"version-history":[{"count":0,"href":"http:\/\/cordobadirecto.com\/index.php\/wp-json\/wp\/v2\/posts\/16263\/revisions"}],"wp:featuredmedia":[{"embeddable":true,"href":"http:\/\/cordobadirecto.com\/index.php\/wp-json\/wp\/v2\/media\/16264"}],"wp:attachment":[{"href":"http:\/\/cordobadirecto.com\/index.php\/wp-json\/wp\/v2\/media?parent=16263"}],"wp:term":[{"taxonomy":"category","embeddable":true,"href":"http:\/\/cordobadirecto.com\/index.php\/wp-json\/wp\/v2\/categories?post=16263"},{"taxonomy":"post_tag","embeddable":true,"href":"http:\/\/cordobadirecto.com\/index.php\/wp-json\/wp\/v2\/tags?post=16263"}],"curies":[{"name":"wp","href":"https:\/\/api.w.org\/{rel}","templated":true}]}}