{"id":162634,"date":"2025-02-25T22:15:55","date_gmt":"2025-02-25T22:15:55","guid":{"rendered":"https:\/\/www.ole.com.ar\/autos\/extrana-coincidencia-seleccion-argentina-carrera-wec-1812-km-qatar-mundial-2022_0_a66Th9pW05.html"},"modified":"2025-02-25T22:15:55","modified_gmt":"2025-02-25T22:15:55","slug":"la-extrana-coincidencia-entre-la-seleccion-argentina-y-la-carrera-del-wec-en-qatar","status":"publish","type":"post","link":"http:\/\/cordobadirecto.com\/index.php\/2025\/02\/25\/la-extrana-coincidencia-entre-la-seleccion-argentina-y-la-carrera-del-wec-en-qatar\/","title":{"rendered":"La extra\u00f1a coincidencia entre la Selecci\u00f3n Argentina y la carrera del WEC en Qatar"},"content":{"rendered":"<p><time class=\"createDate\" datetime=\"2025-02-25T19:15:55-03:00\">25\/02\/2025 19:15hs.<\/time><\/p>\n<div id=\"storyBody\">\n<div class=\"custom-text \" readability=\"34.989010989011\">\n<p>Esta semana comienza el <strong>WEC <\/strong>(Campeonato Mundial de Resistencia), organizado por la FIA. El Circuito Internacional de Lusail, en Qatar, <a href=\"https:\/\/www.ole.com.ar\/autos\/nico-nicolas-varrone-1812-km-doha-qatar-hora-ver-tv-primera-fecha-wec_0_qxpy479UqV.html\" target=\"_self\" title=\"albergar\u00e1 la primera fecha entre el 26 al 28 de febrero\" alt=\"albergar\u00e1 la primera fecha entre el 26 al 28 de febrero\" rel=\"noopener\">albergar\u00e1 la primera fecha entre <\/a><strong><a href=\"https:\/\/www.ole.com.ar\/autos\/nico-nicolas-varrone-1812-km-doha-qatar-hora-ver-tv-primera-fecha-wec_0_qxpy479UqV.html\" target=\"_self\" title=\"albergar\u00e1 la primera fecha entre el 26 al 28 de febrero\" alt=\"albergar\u00e1 la primera fecha entre el 26 al 28 de febrero\" rel=\"noopener\">el 26 y el 28 de febrero<\/a><\/strong>. Para los argentinos, esta carrera tendr\u00e1 un condimento especial. \u00bfLa presencia de Nicol\u00e1s Varrone en los Hypercars? Tambi\u00e9n, pero hay otra m\u00e1s que los hace viajar en el tiempo y recordar <strong>la gesta hist\u00f3rica de la Selecci\u00f3n Argentina en el Mundial 2022&#8230;<\/strong><\/p>\n<\/div>\n<p><h2><strong>La coincidencia que une a la carrera qatar\u00ed con Argentina<\/strong><\/h2>\n<\/p>\n<div class=\"custom-text \" readability=\"38\">\n<p>La primera carrera tendr\u00e1 una particularidad que no pas\u00f3 desapercibida entre los albicelestes: la longitud ser\u00e1 de <strong>1812 kil\u00f3metros <\/strong>(de ah\u00ed el nombre, los 1812km de Qatar). Cuando se juntan <strong>Lusail<\/strong> <strong>y el<\/strong> <strong>18\/12<\/strong>, es imposible no pensar en Lionel Messi luciendo el bisht (aquella capa que lo recubri\u00f3 tras la victoria ante Francia) y levantando la copa. Ahora bien, \u00bfpor qu\u00e9 1812 kil\u00f3metros? \u00bfTiene algo que ver con el 18 de diciembre? <strong>La respuesta es s\u00ed.<\/strong><\/p>\n<\/div>\n<div class=\"custom-text \" readability=\"38\">\n<p><strong>El 18-12 es el Dia Nacional de Qatar<\/strong>, y seg\u00fan el sitio web de la naci\u00f3n asi\u00e1tica &#8220;se conmemora la unificaci\u00f3n del pa\u00eds en 1878 y marca el d\u00eda en que el jeque Jassim Bin Mohammad Bin Thani sucedi\u00f3 a su padre como l\u00edder de las tribus de Qatar&#8221;. Esa fecha, presente en la mente y en la piel de much\u00edsimos argentinos, <strong>volver\u00e1 a la escena con la carrera que se disputar\u00e1 esta semana. <\/strong>Y esperemos que Nico se disfrace de Messi&#8230;<\/p>\n<\/div>\n<div class=\"sc-e7b891c4-0 ifHnQL image-embed\"><img alt=\"Nicol\u00e1s Varrone con el auto que debutar\u00e1 en los Hypercars del WEC. (@protoncompetition)\" loading=\"lazy\" width=\"720\" height=\"100\" decoding=\"async\" data-nimg=\"1\" src=\"http:\/\/cordobadirecto.com\/wp-content\/uploads\/2025\/02\/la-extrana-coincidencia-entre-la-seleccion-argentina-y-la-carrera-del-wec-en-qatar.jpg\"><span class=\"epigraphe\">Nicol\u00e1s Varrone con el auto que debutar\u00e1 en los Hypercars del WEC. (@protoncompetition)<\/span><\/div>\n<p><h2><strong>El piloto argentino que buscar\u00e1 vestirse de Messi y compa\u00f1\u00eda<\/strong><\/h2>\n<\/p>\n<div class=\"custom-text \" readability=\"32.446280991736\">\n<p>Hace unos meses, cuando a Franco Colapinto le toc\u00f3 correr en Lusail, <strong><a href=\"https:\/\/www.ole.com.ar\/autos\/colapinto-depaul-ypf_0_KyGFUmkStP.html\" target=\"_self\" title=\"los campeones del mundo le grabaron un video para la ocasi\u00f3n\" alt=\"los campeones del mundo le grabaron un video para la ocasi\u00f3n\" rel=\"noopener\">los campeones del mundo le grabaron un video para la ocasi\u00f3n<\/a><\/strong>. Al que le tocar\u00e1 seguir con la tradici\u00f3n es a <strong>Varrone<\/strong>, quien har\u00e1 su debut en la m\u00e1xima categor\u00eda del WEC con el equipo alem\u00e1n <strong>Proton Competiton<\/strong> junto al chileno Nicol\u00e1s Pino y el suizo Neel Jani, a bordo de un Porsche 963.<\/p>\n<\/div>\n<div class=\"custom-text \" readability=\"35\">\n<p>La fecha comenzar\u00e1 con los entrenamientos libres el mi\u00e9rcoles, continuar\u00e1 con la clasificaci\u00f3n el jueves y concluir\u00e1 con la carrera del viernes. <strong>Ser\u00e1 transmitida por televisi\u00f3n en una se\u00f1al a\u00fan no confirmada<\/strong> y se podr\u00e1 seguir en la web de la FIA (fiawec.tv).<\/p>\n<\/div>\n<div class=\"sc-e7b891c4-0 ifHnQL image-embed\"><img alt=\"La Selecci\u00f3n Argentina levant\u00f3 la copa un 18\/12 en Lusail. (REVISION)\" loading=\"lazy\" width=\"720\" height=\"100\" decoding=\"async\" data-nimg=\"1\" src=\"http:\/\/cordobadirecto.com\/wp-content\/uploads\/2025\/02\/la-extrana-coincidencia-entre-la-seleccion-argentina-y-la-carrera-del-wec-en-qatar-1.jpg\"><span class=\"epigraphe\">La Selecci\u00f3n Argentina levant\u00f3 la copa un 18\/12 en Lusail. (REVISION)<\/span><\/div>\n<p><h2><strong>D\u00edas y horarios de los 1812km de Qatar del WEC<\/strong><\/h2>\n<\/p>\n<p><h3>Mi\u00e9rcoles, 26 de febrero<\/h3>\n<\/p>\n<div class=\"custom-text \">\n<ul>\n<li>5.30hs: entrenamiento libre 1<\/li>\n<li>10.30hs: entrenamiento libre 2<\/li>\n<\/ul>\n<\/div>\n<p><h3>Jueves, 27 de febrero<\/h3>\n<\/p>\n<div class=\"custom-text \">\n<ul>\n<li>6.00hs: entrenamiento libre 3<\/li>\n<li>11.00hs: clasificaci\u00f3n + hyperpole<\/li>\n<\/ul>\n<\/div>\n<p><h3>Viernes, 28 de febrero<\/h3>\n<\/p>\n<div class=\"custom-text \">\n<ul>\n<li>8.00hs: carrera<\/li>\n<\/ul>\n<\/div>\n<div class=\"sc-a7166897-0 eoLsBE\" readability=\"6.5\">\n<section readability=\"3\"><picture><img alt=\"\u00bfSuma puntos para ser titular? Gasly y un fuerte elogio a Colapinto: &quot;Tiene mucho talento&quot;\" loading=\"lazy\" width=\"290\" height=\"290\" decoding=\"async\" data-nimg=\"1\" src=\"http:\/\/cordobadirecto.com\/wp-content\/uploads\/2025\/02\/la-extrana-coincidencia-entre-la-seleccion-argentina-y-la-carrera-del-wec-en-qatar-2.jpg\"><\/picture>\n<p><span>Mir\u00e1 tambi\u00e9n<\/span><\/p>\n<hr>\n<h3>\u00bfSuma puntos para ser titular? Gasly y un fuerte elogio a Colapinto: &#8220;Tiene mucho talento&#8221;<\/h3>\n<\/p>\n<\/section>\n<\/div>\n<div class=\"sc-a7166897-0 eoLsBE\" readability=\"6\">\n<section readability=\"2\"><picture><img alt=\"\u00bfMate y alfajores en el NASCAR? Un argentino hizo posible lo impensado\" loading=\"lazy\" width=\"290\" height=\"290\" decoding=\"async\" data-nimg=\"1\" src=\"http:\/\/cordobadirecto.com\/wp-content\/uploads\/2025\/02\/la-extrana-coincidencia-entre-la-seleccion-argentina-y-la-carrera-del-wec-en-qatar-3.jpg\"><\/picture>\n<p><span>Mir\u00e1 tambi\u00e9n<\/span><\/p>\n<hr>\n<h3>\u00bfMate y alfajores en el NASCAR? Un argentino hizo posible lo impensado<\/h3>\n<\/p>\n<\/section>\n<\/div>\n<div class=\"sc-a7166897-0 eoLsBE\" readability=\"6\">\n<section readability=\"2\"><picture><img alt=\"TN en Paran\u00e1: Domenech empez\u00f3 la defensa del t\u00edtulo con una victoria\" loading=\"lazy\" width=\"290\" height=\"290\" decoding=\"async\" data-nimg=\"1\" src=\"http:\/\/cordobadirecto.com\/wp-content\/uploads\/2025\/02\/la-extrana-coincidencia-entre-la-seleccion-argentina-y-la-carrera-del-wec-en-qatar-4.jpg\"><\/picture>\n<p><span>Mir\u00e1 tambi\u00e9n<\/span><\/p>\n<hr>\n<h3>TN en Paran\u00e1: Domenech empez\u00f3 la defensa del t\u00edtulo con una victoria<\/h3>\n<\/p>\n<\/section>\n<\/div>\n<\/div>\n","protected":false},"excerpt":{"rendered":"<p>25\/02\/2025 19:15hs. Esta semana comienza el WEC (Campeonato Mundial de Resistencia), organizado por la FIA. El Circuito Internacional de Lusail, en Qatar, albergar\u00e1 la primera fecha entre el 26 y el 28 de febrero. Para los argentinos, esta carrera tendr\u00e1 un condimento especial. \u00bfLa presencia de Nicol\u00e1s Varrone en los Hypercars? Tambi\u00e9n, pero hay otra [&hellip;]<\/p>\n","protected":false},"author":1,"featured_media":162635,"comment_status":"closed","ping_status":"closed","sticky":false,"template":"","format":"standard","meta":[],"categories":[21],"tags":[],"_links":{"self":[{"href":"http:\/\/cordobadirecto.com\/index.php\/wp-json\/wp\/v2\/posts\/162634"}],"collection":[{"href":"http:\/\/cordobadirecto.com\/index.php\/wp-json\/wp\/v2\/posts"}],"about":[{"href":"http:\/\/cordobadirecto.com\/index.php\/wp-json\/wp\/v2\/types\/post"}],"author":[{"embeddable":true,"href":"http:\/\/cordobadirecto.com\/index.php\/wp-json\/wp\/v2\/users\/1"}],"replies":[{"embeddable":true,"href":"http:\/\/cordobadirecto.com\/index.php\/wp-json\/wp\/v2\/comments?post=162634"}],"version-history":[{"count":0,"href":"http:\/\/cordobadirecto.com\/index.php\/wp-json\/wp\/v2\/posts\/162634\/revisions"}],"wp:featuredmedia":[{"embeddable":true,"href":"http:\/\/cordobadirecto.com\/index.php\/wp-json\/wp\/v2\/media\/162635"}],"wp:attachment":[{"href":"http:\/\/cordobadirecto.com\/index.php\/wp-json\/wp\/v2\/media?parent=162634"}],"wp:term":[{"taxonomy":"category","embeddable":true,"href":"http:\/\/cordobadirecto.com\/index.php\/wp-json\/wp\/v2\/categories?post=162634"},{"taxonomy":"post_tag","embeddable":true,"href":"http:\/\/cordobadirecto.com\/index.php\/wp-json\/wp\/v2\/tags?post=162634"}],"curies":[{"name":"wp","href":"https:\/\/api.w.org\/{rel}","templated":true}]}}