{"id":162636,"date":"2025-02-25T20:30:17","date_gmt":"2025-02-25T20:30:17","guid":{"rendered":"https:\/\/www.ole.com.ar\/autos\/nico-nicolas-varrone-1812-km-doha-qatar-hora-ver-tv-primera-fecha-wec_0_qxpy479UqV.html"},"modified":"2025-02-25T20:30:17","modified_gmt":"2025-02-25T20:30:17","slug":"nico-varrone-en-los-1812km-de-qatar-a-que-hora-es-y-como-ver-la-primera-fecha-del-wec","status":"publish","type":"post","link":"http:\/\/cordobadirecto.com\/index.php\/2025\/02\/25\/nico-varrone-en-los-1812km-de-qatar-a-que-hora-es-y-como-ver-la-primera-fecha-del-wec\/","title":{"rendered":"Nico Varrone en los 1812km de Qatar: a qu\u00e9 hora es y c\u00f3mo ver la primera fecha del WEC"},"content":{"rendered":"<p><span class=\"createDate\">25\/02\/2025 17:30hs.<\/span><time class=\"modificatedDate\" datetime=\"2025-02-25T18:45:55-03:00\"> Actualizado al 25\/02\/2025 18:45hs.<\/time><\/p>\n<div id=\"storyBody\">\n<div class=\"custom-text \" readability=\"41\">\n<p><strong>Esta semana no ser\u00e1 una m\u00e1s en la vida de Nicol\u00e1s Varrone<\/strong>. Es cierto que no ser\u00e1 su debut en el WEC (Mundial de Resistencia), si hasta supo ganas las 24 Horas de Le Mans, pero s\u00ed que ser\u00e1 su estreno en los <strong>Hypercars<\/strong>, la categor\u00eda principal del campeonato. \u00bfLa locaci\u00f3n? Nada menos que Lusail, una ciudad especial para los argentinos -all\u00ed se gan\u00f3 el Mundial 2022-, donde se correr\u00e1n los <strong>1812km de Qatar<\/strong>. Conoc\u00e9 todos los detalles: d\u00edas, a qu\u00e9 hora es y c\u00f3mo se va a poder ver.<\/p>\n<\/div>\n<div class=\"custom-text \" readability=\"38\">\n<p>La actividad en suelo qatar\u00ed, donde tuvieron lugar las pruebas de pretemporada, comenzar\u00e1 este mismo mi\u00e9rcoles. A partir de las 5.30hs de nuestro pa\u00eds, el trinomio del <strong>Proton Competition <\/strong>(Varrone compartir\u00e1 un Porsche 963 con el suizo Neel Jani y el chileno Nicol\u00e1s Pino) comenzar\u00e1 a girar por los primeros entrenamientos libres.<\/p>\n<\/div>\n<div class=\"custom-text \" readability=\"41\">\n<p>Lo mejor de la fecha inaugural se ver\u00e1 entre el jueves, cuando se disputar\u00e1 la clasificaci\u00f3n (desde las 11.00hs), y el viernes, cuando comenzar\u00e1 la primera carrera de la temporada (a partir de las 8.00hs). Aunque no se confirm\u00f3 qu\u00e9 canal se encargar\u00e1 de la televisaci\u00f3n, <strong>es un hecho que ser\u00e1 transmitida por TV<\/strong>. Al margen, como hace la F\u00f3rmula 1, se podr\u00e1 seguir por el sitio web de la categor\u00eda (fiawec.tv)<\/p>\n<\/div>\n<div class=\"sc-e7b891c4-0 ifHnQL image-embed\"><img alt=\"El trinomio de Varrone, Jani y Pino. (@protoncompetition)\" loading=\"lazy\" width=\"720\" height=\"100\" decoding=\"async\" data-nimg=\"1\" src=\"http:\/\/cordobadirecto.com\/wp-content\/uploads\/2025\/02\/nico-varrone-en-los-1812km-de-qatar-a-que-hora-es-y-como-ver-la-primera-fecha-del-wec.jpg\"><span class=\"epigraphe\">El trinomio de Varrone, Jani y Pino. (@protoncompetition)<\/span><\/div>\n<p><h2><strong>D\u00edas y horarios de los 1812km de Qatar del WEC<\/strong><\/h2>\n<\/p>\n<p><h3><strong>Mi\u00e9rcoles, 26 de febrero<\/strong><\/h3>\n<\/p>\n<div class=\"custom-text \">\n<ul>\n<li>5.30hs: entrenamiento libre 1<\/li>\n<li>10.30hs: entrenamiento libre 2<\/li>\n<\/ul>\n<\/div>\n<p><h3><strong>Jueves, 27 de febrero<\/strong><\/h3>\n<\/p>\n<div class=\"custom-text \">\n<ul>\n<li>6.00hs: entrenamiento libre 3<\/li>\n<li>11.00hs: clasificaci\u00f3n + hyperpole <\/li>\n<\/ul>\n<\/div>\n<p><h3><strong>Viernes, 28 de febrero<\/strong><\/h3>\n<\/p>\n<div class=\"custom-text \">\n<ul>\n<li>8.00hs: carrera<\/li>\n<\/ul>\n<\/div>\n<div class=\"sc-e7b891c4-0 ifHnQL image-embed\"><img alt=\"El auto de Nicol\u00e1s Varrone para la temporada 2025 del WEC. (@protoncompetition)\" loading=\"lazy\" width=\"720\" height=\"100\" decoding=\"async\" data-nimg=\"1\" src=\"http:\/\/cordobadirecto.com\/wp-content\/uploads\/2025\/02\/nico-varrone-en-los-1812km-de-qatar-a-que-hora-es-y-como-ver-la-primera-fecha-del-wec-1.jpg\"><span class=\"epigraphe\">El auto de Nicol\u00e1s Varrone para la temporada 2025 del WEC. (@protoncompetition)<\/span><\/div>\n<div class=\"sc-a7166897-0 eoLsBE\" readability=\"7\">\n<section readability=\"4\"><picture><img alt=\"Alpine vuelve a la pista en Bahrein: qui\u00e9nes correr\u00e1n, a qu\u00e9 hora y c\u00f3mo ver los test de la F1\" loading=\"lazy\" width=\"290\" height=\"290\" decoding=\"async\" data-nimg=\"1\" src=\"http:\/\/cordobadirecto.com\/wp-content\/uploads\/2025\/02\/nico-varrone-en-los-1812km-de-qatar-a-que-hora-es-y-como-ver-la-primera-fecha-del-wec-2.jpg\"><\/picture>\n<p><span>Mir\u00e1 tambi\u00e9n<\/span><\/p>\n<hr>\n<h3>Alpine vuelve a la pista en Bahrein: qui\u00e9nes correr\u00e1n, a qu\u00e9 hora y c\u00f3mo ver los test de la F1<\/h3>\n<\/p>\n<\/section>\n<\/div>\n<div class=\"sc-a7166897-0 eoLsBE\" readability=\"6\">\n<section readability=\"2\"><picture><img alt=\"\u00bfMate y alfajores en el NASCAR? Un argentino hizo posible lo impensado\" loading=\"lazy\" width=\"290\" height=\"290\" decoding=\"async\" data-nimg=\"1\" src=\"http:\/\/cordobadirecto.com\/wp-content\/uploads\/2025\/02\/nico-varrone-en-los-1812km-de-qatar-a-que-hora-es-y-como-ver-la-primera-fecha-del-wec-3.jpg\"><\/picture>\n<p><span>Mir\u00e1 tambi\u00e9n<\/span><\/p>\n<hr>\n<h3>\u00bfMate y alfajores en el NASCAR? Un argentino hizo posible lo impensado<\/h3>\n<\/p>\n<\/section>\n<\/div>\n<div class=\"sc-a7166897-0 eoLsBE\" readability=\"6\">\n<section readability=\"2\"><picture><img alt=\"El jefe de Alpine elogi\u00f3 a Colapinto y dio se\u00f1ales del futuro del argentino\" loading=\"lazy\" width=\"290\" height=\"290\" decoding=\"async\" data-nimg=\"1\" src=\"http:\/\/cordobadirecto.com\/wp-content\/uploads\/2025\/02\/nico-varrone-en-los-1812km-de-qatar-a-que-hora-es-y-como-ver-la-primera-fecha-del-wec-4.jpg\"><\/picture>\n<p><span>Mir\u00e1 tambi\u00e9n<\/span><\/p>\n<hr>\n<h3>El jefe de Alpine elogi\u00f3 a Colapinto y dio se\u00f1ales del futuro del argentino<\/h3>\n<\/p>\n<\/section>\n<\/div>\n<div class=\"sc-a7166897-0 eoLsBE\" readability=\"6.5\">\n<section readability=\"3\"><picture><img alt=\"\u00bfSuma puntos para ser titular? Gasly y un fuerte elogio a Colapinto: &quot;Tiene mucho talento&quot;\" loading=\"lazy\" width=\"290\" height=\"290\" decoding=\"async\" data-nimg=\"1\" src=\"http:\/\/cordobadirecto.com\/wp-content\/uploads\/2025\/02\/nico-varrone-en-los-1812km-de-qatar-a-que-hora-es-y-como-ver-la-primera-fecha-del-wec-5.jpg\"><\/picture>\n<p><span>Mir\u00e1 tambi\u00e9n<\/span><\/p>\n<hr>\n<h3>\u00bfSuma puntos para ser titular? Gasly y un fuerte elogio a Colapinto: &#8220;Tiene mucho talento&#8221;<\/h3>\n<\/p>\n<\/section>\n<\/div>\n<div class=\"sc-a7166897-0 eoLsBE\" readability=\"6\">\n<section readability=\"2\"><picture><img alt=\"TN en Paran\u00e1: Domenech empez\u00f3 la defensa del t\u00edtulo con una victoria\" loading=\"lazy\" width=\"290\" height=\"290\" decoding=\"async\" data-nimg=\"1\" src=\"http:\/\/cordobadirecto.com\/wp-content\/uploads\/2025\/02\/nico-varrone-en-los-1812km-de-qatar-a-que-hora-es-y-como-ver-la-primera-fecha-del-wec-6.jpg\"><\/picture>\n<p><span>Mir\u00e1 tambi\u00e9n<\/span><\/p>\n<hr>\n<h3>TN en Paran\u00e1: Domenech empez\u00f3 la defensa del t\u00edtulo con una victoria<\/h3>\n<\/p>\n<\/section>\n<\/div>\n<\/div>\n","protected":false},"excerpt":{"rendered":"<p>25\/02\/2025 17:30hs. Actualizado al 25\/02\/2025 18:45hs. Esta semana no ser\u00e1 una m\u00e1s en la vida de Nicol\u00e1s Varrone. Es cierto que no ser\u00e1 su debut en el WEC (Mundial de Resistencia), si hasta supo ganas las 24 Horas de Le Mans, pero s\u00ed que ser\u00e1 su estreno en los Hypercars, la categor\u00eda principal del campeonato. [&hellip;]<\/p>\n","protected":false},"author":1,"featured_media":162637,"comment_status":"closed","ping_status":"closed","sticky":false,"template":"","format":"standard","meta":[],"categories":[21],"tags":[],"_links":{"self":[{"href":"http:\/\/cordobadirecto.com\/index.php\/wp-json\/wp\/v2\/posts\/162636"}],"collection":[{"href":"http:\/\/cordobadirecto.com\/index.php\/wp-json\/wp\/v2\/posts"}],"about":[{"href":"http:\/\/cordobadirecto.com\/index.php\/wp-json\/wp\/v2\/types\/post"}],"author":[{"embeddable":true,"href":"http:\/\/cordobadirecto.com\/index.php\/wp-json\/wp\/v2\/users\/1"}],"replies":[{"embeddable":true,"href":"http:\/\/cordobadirecto.com\/index.php\/wp-json\/wp\/v2\/comments?post=162636"}],"version-history":[{"count":0,"href":"http:\/\/cordobadirecto.com\/index.php\/wp-json\/wp\/v2\/posts\/162636\/revisions"}],"wp:featuredmedia":[{"embeddable":true,"href":"http:\/\/cordobadirecto.com\/index.php\/wp-json\/wp\/v2\/media\/162637"}],"wp:attachment":[{"href":"http:\/\/cordobadirecto.com\/index.php\/wp-json\/wp\/v2\/media?parent=162636"}],"wp:term":[{"taxonomy":"category","embeddable":true,"href":"http:\/\/cordobadirecto.com\/index.php\/wp-json\/wp\/v2\/categories?post=162636"},{"taxonomy":"post_tag","embeddable":true,"href":"http:\/\/cordobadirecto.com\/index.php\/wp-json\/wp\/v2\/tags?post=162636"}],"curies":[{"name":"wp","href":"https:\/\/api.w.org\/{rel}","templated":true}]}}