{"id":162642,"date":"2025-02-26T13:00:04","date_gmt":"2025-02-26T13:00:04","guid":{"rendered":"https:\/\/cordoba.gob.ar\/?p=74925"},"modified":"2025-02-26T13:00:04","modified_gmt":"2025-02-26T13:00:04","slug":"este-viernes-llega-una-impresionante-exposicion-y-charlas-tecnicas-de-rally-en-el-museo-de-la-industria","status":"publish","type":"post","link":"http:\/\/cordobadirecto.com\/index.php\/2025\/02\/26\/este-viernes-llega-una-impresionante-exposicion-y-charlas-tecnicas-de-rally-en-el-museo-de-la-industria\/","title":{"rendered":"Este viernes llega una impresionante exposici\u00f3n y charlas t\u00e9cnicas de Rally en el Museo de la Industria"},"content":{"rendered":"<div><img src=\"http:\/\/cordobadirecto.com\/wp-content\/uploads\/2025\/02\/este-viernes-llega-una-impresionante-exposicion-y-charlas-tecnicas-de-rally-en-el-museo-de-la-industria.jpg\" class=\"ff-og-image-inserted\"><\/div>\n<ul>\n<li data-prosemirror-content-type=\"node\" data-prosemirror-node-name=\"paragraph\" data-prosemirror-node-block=\"true\"><strong>De 16:30 a 22:30, con entrada libre y gratuita, en Libertad 1130.<\/strong><\/li>\n<li data-prosemirror-content-type=\"node\" data-prosemirror-node-name=\"paragraph\" data-prosemirror-node-block=\"true\"><strong><strong>Esta actividad aspira a promover la formaci\u00f3n de recursos humanos espec\u00edficos para aspirantes a copilotos, fomentando el retorno del deporte motor que identifica a C\u00f3rdoba.<\/strong><\/strong><br \/>\n<hr>\n<\/li>\n<\/ul>\n<p data-prosemirror-content-type=\"node\" data-prosemirror-node-name=\"paragraph\" data-prosemirror-node-block=\"true\">La Municipalidad de C\u00f3rdoba propone una amplia agenda para este finde XXL, entre las que se destaca la co-producci\u00f3n junto a la Escuela de Rally C\u00f3rdoba con la Muestra de autos y charlas t\u00e9cnicas para aspirantes a copilotos de Rally y as\u00ed adentrarse en el ADN fierrero por excelencia en C\u00f3rdoba.<\/p>\n<p data-prosemirror-content-type=\"node\" data-prosemirror-node-name=\"paragraph\" data-prosemirror-node-block=\"true\">Esta actividad comienza con el recorrido de la muestra de autos, homenajes a distintas personalidades de esta pasi\u00f3n cordobesa. Luego llegar\u00e1n las charlas t\u00e9cnicas gratuitas de la Escuelita de Rally.<\/p>\n<p data-prosemirror-content-type=\"node\" data-prosemirror-node-name=\"paragraph\" data-prosemirror-node-block=\"true\">Ser\u00e1 una inolvidable experiencia dirigida a co-pilotos de rally, de 16.30 a 22.30 horas, con entrada libre y gratuita<\/p>\n<p data-prosemirror-content-type=\"node\" data-prosemirror-node-name=\"paragraph\" data-prosemirror-node-block=\"true\"><strong data-prosemirror-content-type=\"mark\" data-prosemirror-mark-name=\"strong\">Imperdibles rugidos de los autos<\/strong><\/p>\n<p data-prosemirror-content-type=\"node\" data-prosemirror-node-name=\"paragraph\" data-prosemirror-node-block=\"true\">Los autos del rally nacional har\u00e1n sonar y hacer vibrar sus motores y reivindicarlo como un deporte que distingui\u00f3 y distingue a la provincia de C\u00f3rdoba en el mundo.<\/p>\n<p data-prosemirror-content-type=\"node\" data-prosemirror-node-name=\"paragraph\" data-prosemirror-node-block=\"true\">La fusi\u00f3n de la haza\u00f1a, el coraje de nuestros corredores y la visi\u00f3n de las terminales locales que no se quer\u00edan quedar atr\u00e1s en su participaci\u00f3n, exhiben sus producciones y los desarrollos en la competencia m\u00e1s exigente y peligrosa del mundo.<\/p>\n<p data-prosemirror-content-type=\"node\" data-prosemirror-node-name=\"paragraph\" data-prosemirror-node-block=\"true\">Y uno de los momentos especiales ser\u00e1 la exhibici\u00f3n de una extraordinaria versi\u00f3n del Torino 380 W, (r\u00e9plica del veh\u00edculo #3) que fue uno de nuestros embajadores en la denominada \u00abMisi\u00f3n Argentina\u00bb, una competencia internacional, corrida en la Carrera de las 84 horas De N\u00fcrburgring \u2013 Alemania.<\/p>\n<p data-prosemirror-content-type=\"node\" data-prosemirror-node-name=\"paragraph\" data-prosemirror-node-block=\"true\">Esta aventura la demostr\u00f3 el maestro Juan Manuel Fangio y el equipo que se arm\u00f3 conjuntamente con corredores, t\u00e9cnicos y mec\u00e1nicos de diferentes marcas en Argentina, el potencial instalado y el trabajo en equipo, en una competencia que qued\u00f3 en la memoria de cada argentino.<\/p>\n","protected":false},"excerpt":{"rendered":"<p>De 16:30 a 22:30, con entrada libre y gratuita, en Libertad 1130. Esta actividad aspira a promover la formaci\u00f3n de recursos humanos espec\u00edficos para aspirantes a copilotos, fomentando el retorno del deporte motor que identifica a C\u00f3rdoba. La Municipalidad de C\u00f3rdoba propone una amplia agenda para este finde XXL, entre las que se destaca la [&hellip;]<\/p>\n","protected":false},"author":1,"featured_media":162643,"comment_status":"closed","ping_status":"closed","sticky":false,"template":"","format":"standard","meta":[],"categories":[44],"tags":[],"_links":{"self":[{"href":"http:\/\/cordobadirecto.com\/index.php\/wp-json\/wp\/v2\/posts\/162642"}],"collection":[{"href":"http:\/\/cordobadirecto.com\/index.php\/wp-json\/wp\/v2\/posts"}],"about":[{"href":"http:\/\/cordobadirecto.com\/index.php\/wp-json\/wp\/v2\/types\/post"}],"author":[{"embeddable":true,"href":"http:\/\/cordobadirecto.com\/index.php\/wp-json\/wp\/v2\/users\/1"}],"replies":[{"embeddable":true,"href":"http:\/\/cordobadirecto.com\/index.php\/wp-json\/wp\/v2\/comments?post=162642"}],"version-history":[{"count":0,"href":"http:\/\/cordobadirecto.com\/index.php\/wp-json\/wp\/v2\/posts\/162642\/revisions"}],"wp:featuredmedia":[{"embeddable":true,"href":"http:\/\/cordobadirecto.com\/index.php\/wp-json\/wp\/v2\/media\/162643"}],"wp:attachment":[{"href":"http:\/\/cordobadirecto.com\/index.php\/wp-json\/wp\/v2\/media?parent=162642"}],"wp:term":[{"taxonomy":"category","embeddable":true,"href":"http:\/\/cordobadirecto.com\/index.php\/wp-json\/wp\/v2\/categories?post=162642"},{"taxonomy":"post_tag","embeddable":true,"href":"http:\/\/cordobadirecto.com\/index.php\/wp-json\/wp\/v2\/tags?post=162642"}],"curies":[{"name":"wp","href":"https:\/\/api.w.org\/{rel}","templated":true}]}}