{"id":162644,"date":"2025-02-26T12:25:27","date_gmt":"2025-02-26T12:25:27","guid":{"rendered":"https:\/\/cordoba.gob.ar\/?p=74955"},"modified":"2025-02-26T12:25:27","modified_gmt":"2025-02-26T12:25:27","slug":"carnaval-de-jazz-2025-el-domingo-llega-la-fiesta-musical-que-une-nueva-orleans-con-la-ciudad-de-cordoba","status":"publish","type":"post","link":"http:\/\/cordobadirecto.com\/index.php\/2025\/02\/26\/carnaval-de-jazz-2025-el-domingo-llega-la-fiesta-musical-que-une-nueva-orleans-con-la-ciudad-de-cordoba\/","title":{"rendered":"Carnaval de Jazz 2025: el domingo llega la fiesta musical que une Nueva Orleans con la ciudad de C\u00f3rdoba"},"content":{"rendered":"<div><img src=\"http:\/\/cordobadirecto.com\/wp-content\/uploads\/2025\/02\/carnaval-de-jazz-2025-el-domingo-llega-la-fiesta-musical-que-une-nueva-orleans-con-la-ciudad-de-cordoba.png\" class=\"ff-og-image-inserted\"><\/div>\n<ul>\n<li><strong>Tendr\u00e1 dos componentes principales: el desfile callejero de m\u00fasicos y el escenario de shows. Recorrer\u00e1 la calle Belgrano desde las 18:30 y continuar\u00e1 en la explanada del Palacio 6 de Julio hasta las 22:30.<\/strong><\/li>\n<\/ul>\n<hr>\n<p>Las calles de G\u00fcemes y el centro de la ciudad volver\u00e1n a ser escenarios de una propuesta musical que ya es un cl\u00e1sico del verano: el Carnaval de Jazz. Organizado por la Municipalidad de C\u00f3rdoba, la fiesta se realizar\u00e1 el domingo 2 de marzo, de 18:30 a 22:30, con entrada libre y gratuita.<\/p>\n<p>Este martes por la noche fue el lanzamiento oficial del evento que tuvo su primera edici\u00f3n en 2022, cuando los integrantes de la Small Jazz Band buscaron unir a Nueva Orleans y C\u00f3rdoba, conectando aquellas vivencias de orillas del Misisipi con las de C\u00f3rdoba, el Suqu\u00eda y la Ca\u00f1ada.<\/p>\n<p>El lanzamiento fue liderado por la subsecretar\u00eda de Desarrollo del Empleo y Estrategias Sociocomunitarias, Soledad Ferraro; y cont\u00f3 con el acompa\u00f1amiento del viceintendente, Javier Pretto.<\/p>\n<p>El festival se realizar\u00e1 el domingo 2 de marzo y podr\u00e1 reprogramarse para el lunes 3 de marzo o martes 4 en caso de condiciones clim\u00e1ticas adversas.<\/p>\n<p>Tendr\u00e1 dos componentes principales: el desfile callejero de m\u00fasicos y el escenario de shows.<\/p>\n<p>El desfile (parade) transitar\u00e1 de 18:30 a 20:00 por calle Belgrano, desde Fructuoso Rivera hasta el Palacio Municipal.<\/p>\n<p>Participar\u00e1n: \u201cSmall Jazz Band\u201d, \u201cAlapar\u201d (int\u00e9rpretes musicales), \u201cC\u00f3rdoba Swing\u201d (baile), \u201cDai Zapata, Tap y Swing\u201d (baile) y \u201cGrand Marshall\u201d, un personaje de traje negro con paraguas que a manera de bastonero dirige el desfile.<\/p>\n<p>Alrededor de \u201c15 m\u00fasicos\u201d se sumar\u00e1n a las dos bandas, adem\u00e1s de bailarines de participaci\u00f3n espont\u00e1nea y p\u00fablico en general, que podr\u00e1n vestirse con collares, sombrillas, paraguas y dem\u00e1s tradiciones del Mardi Gras, o bien atuendos de los a\u00f1os 20.<\/p>\n<p>La fiesta continuar\u00e1 de 20:00 a 22:30, cuando habr\u00e1 distintos shows montados sobre el escenario en la explanada y escalinatas del edificio municipal.<\/p>\n<p>Tocar\u00e1n: \u201cSmall Jazz Band\u201d, \u201cAlapar\u201d, \u201cBlues Velvet\u201d, \u201cC\u00e9sar Valdomir Blues Band\u201d, acompa\u00f1ando con baile \u201cC\u00f3rdoba Swing\u201d y \u201cDai Zapata, Tap y Swing\u201d.<\/p>\n<p>El Carnaval de Jazz, o Mardi Gras, como lo llaman en esa ciudad al sureste de Luisiana, en Estados Unidos, es una expresi\u00f3n francesa, que se traduce directamente al espa\u00f1ol como \u00abmartes lardero, graso o fofo\u00bb.<\/p>\n<p>Refiere a que era el \u00faltimo d\u00eda para disfrutar de los placeres tanto culinarios como musicales en sociedad, antes de la \u00e9poca de abstinencia que marca el inicio de la Cuaresma y la Semana Santa.<\/p>\n<p><strong>Small Jazz Band<\/strong><\/p>\n<p>Art\u00edfices del festival, la banda cordobesa ser\u00e1 nuevamente protagonista de la edici\u00f3n 2025 del encuentro musical. Recrea el estilo de Jazz surgido en Nueva Orleans a principios del siglo veinte. Acumulan 43 a\u00f1os de trayectoria transitando por los escenarios m\u00e1s selectos y festivales especializados de Argentina, Chile, Espa\u00f1a, Portugal, Alemania, Holanda y desde 2010, tambi\u00e9n en la cuna del Jazz: Nueva Orleans.<\/p>\n<p>En 2024 la banda toc\u00f3 en el New Orleans Jazz Museum, organismo oficial de preservaci\u00f3n del g\u00e9nero, que desde 2020 convoca a los cordobeses cada 30 de abril a participar del festejo del \u201cJazz Day\u201d. La banda es una de las poqu\u00edsimas agrupaciones fuera de esa ciudad que ostenta semejante honor.<\/p>\n<p>La Small Jazz Band est\u00e1 integrada por Francisco Castillo (corneta y clarinete), Luis Alasino (saxo y tromb\u00f3n), Alejandro Kras (banjo), Roque Celis (tuba) y Jvier Machado (bater\u00eda y washboard). Los acompa\u00f1a el actor y cantante Sebasti\u00e1n Salom\u00f3n.<\/p>\n","protected":false},"excerpt":{"rendered":"<p>Tendr\u00e1 dos componentes principales: el desfile callejero de m\u00fasicos y el escenario de shows. Recorrer\u00e1 la calle Belgrano desde las 18:30 y continuar\u00e1 en la explanada del Palacio 6 de Julio hasta las 22:30. Las calles de G\u00fcemes y el centro de la ciudad volver\u00e1n a ser escenarios de una propuesta musical que ya es [&hellip;]<\/p>\n","protected":false},"author":1,"featured_media":162645,"comment_status":"closed","ping_status":"closed","sticky":false,"template":"","format":"standard","meta":[],"categories":[44],"tags":[],"_links":{"self":[{"href":"http:\/\/cordobadirecto.com\/index.php\/wp-json\/wp\/v2\/posts\/162644"}],"collection":[{"href":"http:\/\/cordobadirecto.com\/index.php\/wp-json\/wp\/v2\/posts"}],"about":[{"href":"http:\/\/cordobadirecto.com\/index.php\/wp-json\/wp\/v2\/types\/post"}],"author":[{"embeddable":true,"href":"http:\/\/cordobadirecto.com\/index.php\/wp-json\/wp\/v2\/users\/1"}],"replies":[{"embeddable":true,"href":"http:\/\/cordobadirecto.com\/index.php\/wp-json\/wp\/v2\/comments?post=162644"}],"version-history":[{"count":0,"href":"http:\/\/cordobadirecto.com\/index.php\/wp-json\/wp\/v2\/posts\/162644\/revisions"}],"wp:featuredmedia":[{"embeddable":true,"href":"http:\/\/cordobadirecto.com\/index.php\/wp-json\/wp\/v2\/media\/162645"}],"wp:attachment":[{"href":"http:\/\/cordobadirecto.com\/index.php\/wp-json\/wp\/v2\/media?parent=162644"}],"wp:term":[{"taxonomy":"category","embeddable":true,"href":"http:\/\/cordobadirecto.com\/index.php\/wp-json\/wp\/v2\/categories?post=162644"},{"taxonomy":"post_tag","embeddable":true,"href":"http:\/\/cordobadirecto.com\/index.php\/wp-json\/wp\/v2\/tags?post=162644"}],"curies":[{"name":"wp","href":"https:\/\/api.w.org\/{rel}","templated":true}]}}