{"id":162656,"date":"2025-02-26T19:46:23","date_gmt":"2025-02-26T19:46:23","guid":{"rendered":"https:\/\/cordoba.gob.ar\/?p=74949"},"modified":"2025-02-26T19:46:23","modified_gmt":"2025-02-26T19:46:23","slug":"ingresaron-nueve-animales-rescatados-del-trafico-ilegal-al-parque-de-la-biodiversidad","status":"publish","type":"post","link":"http:\/\/cordobadirecto.com\/index.php\/2025\/02\/26\/ingresaron-nueve-animales-rescatados-del-trafico-ilegal-al-parque-de-la-biodiversidad\/","title":{"rendered":"Ingresaron nueve animales rescatados del tr\u00e1fico ilegal al Parque de la Biodiversidad"},"content":{"rendered":"<div><img src=\"http:\/\/cordobadirecto.com\/wp-content\/uploads\/2025\/02\/ingresaron-nueve-animales-rescatados-del-trafico-ilegal-al-parque-de-la-biodiversidad.jpg\" class=\"ff-og-image-inserted\"><\/div>\n<ul>\n<li data-prosemirror-content-type=\"node\" data-prosemirror-node-name=\"paragraph\" data-prosemirror-node-block=\"true\"><strong>En distintos operativos de Patrulla Ambiental se encontraron dos flamencos, dos patos y cinco aves.<\/strong><\/li>\n<li data-prosemirror-content-type=\"node\" data-prosemirror-node-name=\"paragraph\" data-prosemirror-node-block=\"true\"><strong><strong>Todos fueron atendidos en el Centro de Rescate del Parque.<\/strong><\/strong><br \/>\n<hr>\n<\/li>\n<\/ul>\n<p data-prosemirror-content-type=\"node\" data-prosemirror-node-name=\"paragraph\" data-prosemirror-node-block=\"true\">Desde el ente BioC\u00f3rdoba y a trav\u00e9s del Centro de Rescate de fauna silvestre del Parque de la Biodiversidad se trabaja en el rescate, rehabilitaci\u00f3n y cuidado de animales recuperardos del mascotismo y la tenencia ilegal de fauna silvestre, siendo uno de los centros de rescate p\u00fablico m\u00e1s grandes del interior del pa\u00eds.<\/p>\n<p data-prosemirror-content-type=\"node\" data-prosemirror-node-name=\"paragraph\" data-prosemirror-node-block=\"true\">Estos d\u00edas arribaron a la instituci\u00f3n nueve animales incautados en diferentes procedimientos por efectivos de la Divisi\u00f3n Patrulla Ambiental de la provincia.<\/p>\n<p data-prosemirror-content-type=\"node\" data-prosemirror-node-name=\"paragraph\" data-prosemirror-node-block=\"true\">Uno de ellos es un flamenco austral (Phoenicopterus chilensis) juvenil que fue encontrado fuera de su h\u00e1bitat, en el Camino Pajas Blancas km 7 \u00bd cerca del Aeropuerto Internacional Ingeniero Aeron\u00e1utico Ambrosio Taravella.<\/p>\n<p data-prosemirror-content-type=\"node\" data-prosemirror-node-name=\"paragraph\" data-prosemirror-node-block=\"true\">Siguiendo la Ley 22.421 de Fauna, el ave fue resguardada en la dependencia policial y posteriormente fue trasladada al Centro de Rescate para su atenci\u00f3n y cuidado.<\/p>\n<p data-prosemirror-content-type=\"node\" data-prosemirror-node-name=\"paragraph\" data-prosemirror-node-block=\"true\">Una vez ingresado , fue alojado en el espacio de cuarentena, donde se lo revis\u00f3, constat\u00e1ndose su bajo peso y con algunos signos de desnutrici\u00f3n.<\/p>\n<p data-prosemirror-content-type=\"node\" data-prosemirror-node-name=\"paragraph\" data-prosemirror-node-block=\"true\">A su vez, se recibi\u00f3 un segundo flamenco proveniente de la ciudad de Bell Ville, en estado delicado ya que fue atacado por perros. El ave ingres\u00f3 con lesiones y problemas para pararse sobre sus propias patas.<\/p>\n<p data-prosemirror-content-type=\"node\" data-prosemirror-node-name=\"paragraph\" data-prosemirror-node-block=\"true\">En ese operativo se rescataron adem\u00e1s dos patos que se encontraban con el flamenco en la misma localidad.<\/p>\n<p data-prosemirror-content-type=\"node\" data-prosemirror-node-name=\"paragraph\" data-prosemirror-node-block=\"true\">Tambi\u00e9n, fueron trasladadas al Centro de Rescate cinco aves provenientes del incendio ocurrido en una vivienda del Barrio San Mart\u00edn. Se trat\u00f3 de dos canarios, una reina mora, un tordo y un piquito de oro.<\/p>\n<p data-prosemirror-content-type=\"node\" data-prosemirror-node-name=\"paragraph\" data-prosemirror-node-block=\"true\">Al momento de su llegada al Parque, uno de los p\u00e1jaros presentaba gran parte de su cuerpo quemado, por lo que horas m\u00e1s tarde falleci\u00f3.<\/p>\n<p data-prosemirror-content-type=\"node\" data-prosemirror-node-name=\"paragraph\" data-prosemirror-node-block=\"true\">Las dem\u00e1s aves se encuentran en proceso de observaci\u00f3n y recuperaci\u00f3n a cargo del grupo de profesionales especializados en animales silvestres.<\/p>\n","protected":false},"excerpt":{"rendered":"<p>En distintos operativos de Patrulla Ambiental se encontraron dos flamencos, dos patos y cinco aves. Todos fueron atendidos en el Centro de Rescate del Parque. Desde el ente BioC\u00f3rdoba y a trav\u00e9s del Centro de Rescate de fauna silvestre del Parque de la Biodiversidad se trabaja en el rescate, rehabilitaci\u00f3n y cuidado de animales recuperardos [&hellip;]<\/p>\n","protected":false},"author":1,"featured_media":162657,"comment_status":"closed","ping_status":"closed","sticky":false,"template":"","format":"standard","meta":[],"categories":[44],"tags":[],"_links":{"self":[{"href":"http:\/\/cordobadirecto.com\/index.php\/wp-json\/wp\/v2\/posts\/162656"}],"collection":[{"href":"http:\/\/cordobadirecto.com\/index.php\/wp-json\/wp\/v2\/posts"}],"about":[{"href":"http:\/\/cordobadirecto.com\/index.php\/wp-json\/wp\/v2\/types\/post"}],"author":[{"embeddable":true,"href":"http:\/\/cordobadirecto.com\/index.php\/wp-json\/wp\/v2\/users\/1"}],"replies":[{"embeddable":true,"href":"http:\/\/cordobadirecto.com\/index.php\/wp-json\/wp\/v2\/comments?post=162656"}],"version-history":[{"count":0,"href":"http:\/\/cordobadirecto.com\/index.php\/wp-json\/wp\/v2\/posts\/162656\/revisions"}],"wp:featuredmedia":[{"embeddable":true,"href":"http:\/\/cordobadirecto.com\/index.php\/wp-json\/wp\/v2\/media\/162657"}],"wp:attachment":[{"href":"http:\/\/cordobadirecto.com\/index.php\/wp-json\/wp\/v2\/media?parent=162656"}],"wp:term":[{"taxonomy":"category","embeddable":true,"href":"http:\/\/cordobadirecto.com\/index.php\/wp-json\/wp\/v2\/categories?post=162656"},{"taxonomy":"post_tag","embeddable":true,"href":"http:\/\/cordobadirecto.com\/index.php\/wp-json\/wp\/v2\/tags?post=162656"}],"curies":[{"name":"wp","href":"https:\/\/api.w.org\/{rel}","templated":true}]}}