{"id":162678,"date":"2025-02-26T22:00:21","date_gmt":"2025-02-26T22:00:21","guid":{"rendered":"https:\/\/www.ole.com.ar\/autos\/franco-colapinto-corre-alpine-f1-carreras-importantes-doohan_0_h5u633FNkA.html"},"modified":"2025-02-26T22:00:21","modified_gmt":"2025-02-26T22:00:21","slug":"lo-saca-a-doohan-colapinto-informo-sus-fechas-claves-en-la-f1-2025","status":"publish","type":"post","link":"http:\/\/cordobadirecto.com\/index.php\/2025\/02\/26\/lo-saca-a-doohan-colapinto-informo-sus-fechas-claves-en-la-f1-2025\/","title":{"rendered":"\u00bfLo saca a Doohan? Colapinto inform\u00f3 sus &#8220;fechas claves&#8221; en la F1 2025"},"content":{"rendered":"<p><time class=\"createDate\" datetime=\"2025-02-26T19:00:21-03:00\">26\/02\/2025 19:00hs.<\/time><\/p>\n<div id=\"storyBody\">\n<div class=\"custom-text \" readability=\"31.489864864865\">\n<p>\u00bfError o un adelanto de informaci\u00f3n? Mientras en Bahrein los pilotos est\u00e1n descansando para estar listos para la segunda jornada de <strong><a href=\"https:\/\/www.ole.com.ar\/autos\/doohan-gasly-alpine-colapinto-test-bahrein-f1_0_P6pewDfe81.html\" target=\"_blank\" title=\"los entrenamientos oficiales de pretemporada de la F\u00f3rmula 1\" alt=\"los entrenamientos oficiales de pretemporada de la F\u00f3rmula 1\" rel=\"noopener\">los entrenamientos oficiales de pretemporada de la F\u00f3rmula 1<\/a><\/strong>, en el sitio web de<strong> Franco Colapinto<\/strong> se public\u00f3 una nota que gener\u00f3 ruido. Titulada <strong><a href=\"https:\/\/www.francolapinto.com\/articles\/3250f1e1-54c5-4152-ac6d-a461675bf743\/fechas-claves-a-tener-en-cuenta-en-2025-para-franco\" target=\"_blank\" title=\"&quot;Fechas claves a tener en cuenta en 2025 para Franco&quot;\" alt=\"&quot;Fechas claves a tener en cuenta en 2025 para Franco&quot;\" rel=\"nofollow noopener\">&#8220;Fechas claves a tener en cuenta en 2025 para Franco&#8221;<\/a><\/strong>, en el art\u00edculo se eligi\u00f3 nueve momentos de este a\u00f1o, de los cuales siete son carreras. Ahora bien, lo curioso es que el argentino es el volante de reserva de <strong>Alpine <\/strong>y en su p\u00e1gina se habla -entre otras cosas- de un<strong> &#8220;fin de semana ideal para debutar&#8221;.<\/strong><\/p>\n<\/div>\n<p><h2><strong>Los nueve eventos &#8220;claves&#8221; seg\u00fan el sitio de Colapinto<\/strong><\/h2>\n<\/p>\n<div class=\"custom-text \" readability=\"29.105095541401\">\n<p>El primero de ellos es acerca de <strong><a href=\"https:\/\/www.ole.com.ar\/autos\/sistema-luces-sauber-test-bahrein-f1-formula-1_0_kgEFu7AdMD.html\" target=\"_blank\" title=\"los test en el circuito internacional de Sakhir\" alt=\"los test en el circuito internacional de Sakhir\" rel=\"noopener\">los test en el circuito internacional de Sakhir<\/a><\/strong>. Si bien el bonaerense <strong><a href=\"https:\/\/www.ole.com.ar\/autos\/franco-colapinto-corrio-test-f1-bahrein-alpine_0_nM6Zu0oRQD.html\" target=\"_blank\" title=\"no viaj\u00f3 hasta Asia\" alt=\"no viaj\u00f3 hasta Asia\" rel=\"noopener\">no viaj\u00f3 hasta Asia<\/a><\/strong>, dado que <strong>Jack Doohan <\/strong>y <strong>Pierre Gasly<\/strong> son los que probar\u00e1n en estos d\u00edas, aparece primero en la lista en caso de que la escuder\u00eda necesite que uno de sus tres suplentes viaje de urgencia.<\/p>\n<\/div>\n<div class=\"sc-e7b891c4-0 ifHnQL image-embed\"><img alt=\"Captura del sitio web de Franco Colapinto. (francolapinto.com)\" loading=\"lazy\" width=\"720\" height=\"100\" decoding=\"async\" data-nimg=\"1\" src=\"http:\/\/cordobadirecto.com\/wp-content\/uploads\/2025\/02\/lo-saca-a-doohan-colapinto-informo-sus-fechas-claves-en-la-f1-2025.jpg\"><span class=\"epigraphe\">Captura del sitio web de Franco Colapinto. (francolapinto.com)<\/span><\/div>\n<div class=\"custom-text \" readability=\"30.418604651163\">\n<p>Luego, llega el 16 de marzo con el Gran Premio de Australia. As\u00ed como inform\u00f3 <strong>Ol\u00e9 <\/strong>hace una semana desde Londres, se confirma que <strong><a href=\"https:\/\/www.ole.com.ar\/autos\/franco-colapinto-debuta-visitante-formula1-2025_0_CmNWQQ47Ru.html\" target=\"_blank\" title=\"Colapa estar\u00e1 en Melbourne como reserva\" alt=\"Colapa estar\u00e1 en Melbourne como reserva\" rel=\"noopener\">Colapa estar\u00e1 en Melbourne como reserva<\/a><\/strong> y estar\u00e1 listo &#8220;para subirse al auto en cualquier momento si el equipo lo necesita&#8221;.<\/p>\n<\/div>\n<div class=\"custom-text \" readability=\"39\">\n<p>Desde ah\u00ed hay que esperar dos meses hasta el 4 de mayo. El <strong>GP de Miami<\/strong>, donde habr\u00e1 much\u00edsimos argentinos en las tribunas, est\u00e1 marcado en el calendario en rojo. Se tratar\u00eda de la fecha l\u00edmite de Doohan para rendir, seg\u00fan el contrato que tendr\u00eda firmado con el conjunto con base en Enstone. &#8220;Franco estar\u00e1 completamente involucrado en las operaciones de Alpine durante todo el fin de semana&#8221;, explica el sitio.<\/p>\n<\/div>\n<div class=\"sc-e7b891c4-0 ifHnQL image-embed\"><img alt=\"Captura del sitio web de Franco Colapinto. (francolapinto.com)\" loading=\"lazy\" width=\"720\" height=\"100\" decoding=\"async\" data-nimg=\"1\" src=\"http:\/\/cordobadirecto.com\/wp-content\/uploads\/2025\/02\/lo-saca-a-doohan-colapinto-informo-sus-fechas-claves-en-la-f1-2025-1.jpg\"><span class=\"epigraphe\">Captura del sitio web de Franco Colapinto. (francolapinto.com)<\/span><\/div>\n<div class=\"custom-text \" readability=\"33.40350877193\">\n<p>De todos modos, el gran premio en el que se har\u00eda el tan ansiado debut -siempre tomando como referencia lo planteado en la nota- es <strong><a href=\"https:\/\/www.ole.com.ar\/autos\/cambio-gp-monaco-formula1-reglamento-especial_0_F8NAvrsFWX.html\" target=\"_blank\" title=\"el de M\u00f3naco\" alt=\"el de M\u00f3naco\" rel=\"noopener\">el de M\u00f3naco<\/a><\/strong>: &#8220;Esta carrera es especial porque coincide con el 22\u00ba cumplea\u00f1os de Franco (&#8230;) <strong>Ser\u00eda un fin de semana ideal para debutar con Alpine<\/strong>&#8220;.<\/p>\n<\/div>\n<div class=\"custom-text \" readability=\"37\">\n<p>Pasando de largo el estreno de la pel\u00edcula de la F1 (25\/6), se viene el GP de Silverstone el 6 de julio. Y ac\u00e1 hay otra frase que sorprende: &#8220;La carrera de casa para gran parte del equipo de Alpine le brindar\u00e1 a Franco la oportunidad de sentir el apoyo de la afici\u00f3n local. <strong>Su conocimiento del circuito podr\u00eda ser una ventaja<\/strong> en las sesiones de pr\u00e1ctica, en caso de que tenga la oportunidad de subirse al auto&#8221;.<\/p>\n<\/div>\n<div class=\"sc-e7b891c4-0 ifHnQL image-embed\"><img alt=\"Captura del sitio web de Franco Colapinto. (francolapinto.com)\" loading=\"lazy\" width=\"720\" height=\"100\" decoding=\"async\" data-nimg=\"1\" src=\"http:\/\/cordobadirecto.com\/wp-content\/uploads\/2025\/02\/lo-saca-a-doohan-colapinto-informo-sus-fechas-claves-en-la-f1-2025-2.jpg\"><span class=\"epigraphe\">Captura del sitio web de Franco Colapinto. (francolapinto.com)<\/span><\/div>\n<div class=\"custom-text \" readability=\"41\">\n<p>Los \u00faltimos tres sucesos son el GP de Azerbaiy\u00e1n (14\/9), el GP de San Pablo (9\/11) y el GP de Abu Dhabi (7\/12). Acerca del evento que se celebrar\u00e1 en Bak\u00fa, dice: &#8220;La edici\u00f3n de este a\u00f1o ser\u00e1 una oportunidad para recordar ese \u00e9xito y aspirar a un resultado a\u00fan mejor&#8221;. Adem\u00e1s, afirma: &#8220;La gran final de la temporada en el Circuito de Yas Marina ser\u00e1 un evento inolvidable. Nos dar\u00e1 la oportunidad de reflexionar sobre lo que, sin dudas, <strong>ser\u00e1 un a\u00f1o para recordar<\/strong>, cerrando la temporada de la mejor manera antes de encarar el 2026&#8243;.<\/p>\n<\/div>\n<div class=\"sc-a7166897-0 eoLsBE\" readability=\"6\">\n<section readability=\"2\"><picture><img alt=\"El truco de un equipo de la F1 para sacar ventaja en las carreras\" loading=\"lazy\" width=\"290\" height=\"290\" decoding=\"async\" data-nimg=\"1\" src=\"http:\/\/cordobadirecto.com\/wp-content\/uploads\/2025\/02\/lo-saca-a-doohan-colapinto-informo-sus-fechas-claves-en-la-f1-2025-3.jpg\"><\/picture>\n<p><span>Mir\u00e1 tambi\u00e9n<\/span><\/p>\n<hr>\n<h3>El truco de un equipo de la F1 para sacar ventaja en las carreras<\/h3>\n<\/p>\n<\/section>\n<\/div>\n<div class=\"sc-a7166897-0 eoLsBE\" readability=\"6.5\">\n<section readability=\"3\"><picture><img alt=\"Para darle m\u00e1s emoci\u00f3n: el hist\u00f3rico circuito de la F\u00f3rmula 1 que tendr\u00e1 un reglamento especial\" loading=\"lazy\" width=\"290\" height=\"290\" decoding=\"async\" data-nimg=\"1\" src=\"http:\/\/cordobadirecto.com\/wp-content\/uploads\/2025\/02\/lo-saca-a-doohan-colapinto-informo-sus-fechas-claves-en-la-f1-2025-4.jpg\"><\/picture>\n<p><span>Mir\u00e1 tambi\u00e9n<\/span><\/p>\n<hr>\n<h3>Para darle m\u00e1s emoci\u00f3n: el hist\u00f3rico circuito de la F\u00f3rmula 1 que tendr\u00e1 un reglamento especial<\/h3>\n<\/p>\n<\/section>\n<\/div>\n<div class=\"sc-a7166897-0 eoLsBE\" readability=\"6.5\">\n<section readability=\"3\"><picture><img alt=\"Por qu\u00e9 el auto de McLaren fue pintado de verde en el d\u00eda 1 de los test de la F1 en Bahrein\" loading=\"lazy\" width=\"290\" height=\"290\" decoding=\"async\" data-nimg=\"1\" src=\"http:\/\/cordobadirecto.com\/wp-content\/uploads\/2025\/02\/lo-saca-a-doohan-colapinto-informo-sus-fechas-claves-en-la-f1-2025-5.jpg\"><\/picture>\n<p><span>Mir\u00e1 tambi\u00e9n<\/span><\/p>\n<hr>\n<h3>Por qu\u00e9 el auto de McLaren fue pintado de verde en el d\u00eda 1 de los test de la F1 en Bahrein<\/h3>\n<\/p>\n<\/section>\n<\/div>\n<\/div>\n","protected":false},"excerpt":{"rendered":"<p>26\/02\/2025 19:00hs. \u00bfError o un adelanto de informaci\u00f3n? Mientras en Bahrein los pilotos est\u00e1n descansando para estar listos para la segunda jornada de los entrenamientos oficiales de pretemporada de la F\u00f3rmula 1, en el sitio web de Franco Colapinto se public\u00f3 una nota que gener\u00f3 ruido. Titulada &#8220;Fechas claves a tener en cuenta en 2025 [&hellip;]<\/p>\n","protected":false},"author":1,"featured_media":162679,"comment_status":"closed","ping_status":"closed","sticky":false,"template":"","format":"standard","meta":[],"categories":[21],"tags":[],"_links":{"self":[{"href":"http:\/\/cordobadirecto.com\/index.php\/wp-json\/wp\/v2\/posts\/162678"}],"collection":[{"href":"http:\/\/cordobadirecto.com\/index.php\/wp-json\/wp\/v2\/posts"}],"about":[{"href":"http:\/\/cordobadirecto.com\/index.php\/wp-json\/wp\/v2\/types\/post"}],"author":[{"embeddable":true,"href":"http:\/\/cordobadirecto.com\/index.php\/wp-json\/wp\/v2\/users\/1"}],"replies":[{"embeddable":true,"href":"http:\/\/cordobadirecto.com\/index.php\/wp-json\/wp\/v2\/comments?post=162678"}],"version-history":[{"count":0,"href":"http:\/\/cordobadirecto.com\/index.php\/wp-json\/wp\/v2\/posts\/162678\/revisions"}],"wp:featuredmedia":[{"embeddable":true,"href":"http:\/\/cordobadirecto.com\/index.php\/wp-json\/wp\/v2\/media\/162679"}],"wp:attachment":[{"href":"http:\/\/cordobadirecto.com\/index.php\/wp-json\/wp\/v2\/media?parent=162678"}],"wp:term":[{"taxonomy":"category","embeddable":true,"href":"http:\/\/cordobadirecto.com\/index.php\/wp-json\/wp\/v2\/categories?post=162678"},{"taxonomy":"post_tag","embeddable":true,"href":"http:\/\/cordobadirecto.com\/index.php\/wp-json\/wp\/v2\/tags?post=162678"}],"curies":[{"name":"wp","href":"https:\/\/api.w.org\/{rel}","templated":true}]}}