{"id":162688,"date":"2025-02-27T14:50:48","date_gmt":"2025-02-27T14:50:48","guid":{"rendered":"http:\/\/cordobadirecto.com\/index.php\/2025\/02\/27\/gran-movimiento-economico-genero-el-turismo-en-la-provincia-de-cordoba\/"},"modified":"2025-02-27T14:50:48","modified_gmt":"2025-02-27T14:50:48","slug":"gran-movimiento-economico-genero-el-turismo-en-la-provincia-de-cordoba","status":"publish","type":"post","link":"http:\/\/cordobadirecto.com\/index.php\/2025\/02\/27\/gran-movimiento-economico-genero-el-turismo-en-la-provincia-de-cordoba\/","title":{"rendered":"Gran movimiento econ\u00f3mico gener\u00f3 el turismo en la provincia de <b>C\u00f3rdoba<\/b>"},"content":{"rendered":"<p>El presidente de la Agencia <b>C\u00f3rdoba<\/b> Turismo, Dar\u00edo Capitani, valor\u00f3 el impacto positivo de la temporada: &quot;Fue un muy buen verano,&nbsp;&#8230; <\/p>\n","protected":false},"excerpt":{"rendered":"<p>El presidente de la Agencia C\u00f3rdoba Turismo, Dar\u00edo Capitani, valor\u00f3 el impacto positivo de la temporada: &quot;Fue un muy buen verano,&nbsp;&#8230;<\/p>\n","protected":false},"author":1,"featured_media":0,"comment_status":"closed","ping_status":"closed","sticky":false,"template":"","format":"standard","meta":[],"categories":[40],"tags":[],"_links":{"self":[{"href":"http:\/\/cordobadirecto.com\/index.php\/wp-json\/wp\/v2\/posts\/162688"}],"collection":[{"href":"http:\/\/cordobadirecto.com\/index.php\/wp-json\/wp\/v2\/posts"}],"about":[{"href":"http:\/\/cordobadirecto.com\/index.php\/wp-json\/wp\/v2\/types\/post"}],"author":[{"embeddable":true,"href":"http:\/\/cordobadirecto.com\/index.php\/wp-json\/wp\/v2\/users\/1"}],"replies":[{"embeddable":true,"href":"http:\/\/cordobadirecto.com\/index.php\/wp-json\/wp\/v2\/comments?post=162688"}],"version-history":[{"count":0,"href":"http:\/\/cordobadirecto.com\/index.php\/wp-json\/wp\/v2\/posts\/162688\/revisions"}],"wp:attachment":[{"href":"http:\/\/cordobadirecto.com\/index.php\/wp-json\/wp\/v2\/media?parent=162688"}],"wp:term":[{"taxonomy":"category","embeddable":true,"href":"http:\/\/cordobadirecto.com\/index.php\/wp-json\/wp\/v2\/categories?post=162688"},{"taxonomy":"post_tag","embeddable":true,"href":"http:\/\/cordobadirecto.com\/index.php\/wp-json\/wp\/v2\/tags?post=162688"}],"curies":[{"name":"wp","href":"https:\/\/api.w.org\/{rel}","templated":true}]}}