{"id":162689,"date":"2025-02-27T16:50:41","date_gmt":"2025-02-27T16:50:41","guid":{"rendered":"https:\/\/puntoapunto.com.ar\/?p=370575"},"modified":"2025-02-27T16:50:41","modified_gmt":"2025-02-27T16:50:41","slug":"cordoba-joven-productiva-renueva-autoridades-y-traza-su-agenda-2025-2026","status":"publish","type":"post","link":"http:\/\/cordobadirecto.com\/index.php\/2025\/02\/27\/cordoba-joven-productiva-renueva-autoridades-y-traza-su-agenda-2025-2026\/","title":{"rendered":"C\u00f3rdoba Joven Productiva renueva autoridades y traza su agenda 2025-2026"},"content":{"rendered":"<div><img src=\"http:\/\/cordobadirecto.com\/wp-content\/uploads\/2025\/02\/cordoba-joven-productiva-renueva-autoridades-y-traza-su-agenda-2025-2026.jpg\" class=\"ff-og-image-inserted\"><\/div>\n<p data-pm-slice=\"1 1 []\">En un encuentro que marc\u00f3 el inicio de un nuevo ciclo, <strong>C\u00f3rdoba Joven Productiva (CJP) llev\u00f3 a cabo su primera reuni\u00f3n del a\u00f1o<\/strong>, donde present\u00f3 a sus<strong> nuevas autoridades para el per\u00edodo 2025-2026<\/strong> y defini\u00f3 los lineamientos que orientar\u00e1n su gesti\u00f3n.<\/p>\n<p>Este espacio multisectorial, que re\u00fane a las c\u00e1maras e instituciones j\u00f3venes de la gremial empresaria de C\u00f3rdoba, tiene como objetivo representar, formar y generar instancias de debate para que los j\u00f3venes empresarios tengan voz y puedan aportar al desarrollo de la provincia y el pa\u00eds.<\/p>\n<p>Para el nuevo per\u00edodo,<strong> la presidencia de CJP estar\u00e1 a cargo de<a href=\"https:\/\/puntoapunto.com.ar\/empresario2024-para-bechara-los-jovenes-empresarios-son-el-motor-del-cambio-en-argentina\/\"> Maximiliano Bechara<\/a>, presidente de <a href=\"https:\/\/www.instagram.com\/aje.cba\/?hl=es\">AJE<\/a>, mientras que Gast\u00f3n Luna, titular de UIC Joven, ocupar\u00e1 la vicepresidencia.<\/strong> Cecilia Lorenz\u00f3n, directora ejecutiva de AJE, asumir\u00e1 el rol de coordinadora general del espacio.<\/p>\n<p>Integrada por referentes menores de 45 a\u00f1os, <strong>CJP se consolida como un punto de encuentro apartidario que promueve el di\u00e1logo y la articulaci\u00f3n de una agenda com\u00fan para el desarrollo sostenible del ecosistema empresarial cordob\u00e9s.<\/strong> En este sentido, la organizaci\u00f3n busca fortalecer v\u00ednculos con empresarios, funcionarios, dirigentes pol\u00edticos y sindicales, as\u00ed como con instituciones acad\u00e9micas y de investigaci\u00f3n, tanto a nivel provincial como nacional.<\/p>\n<p>Durante la primera reuni\u00f3n del a\u00f1o, los miembros de CJP delinearon los principales objetivos para 2025 y participaron de un intercambio con el asesor econ\u00f3mico Dami\u00e1n Di Pace, quien brind\u00f3 su an\u00e1lisis sobre el contexto econ\u00f3mico actual y los desaf\u00edos que enfrenta el sector empresarial joven.<\/p>\n<p>Con esta reuni\u00f3n inaugural, CJP reafirma su compromiso de trabajo colaborativo y propositivo, apostando al fortalecimiento del empresariado joven y a la construcci\u00f3n de un futuro pr\u00f3spero para la regi\u00f3n.<\/p>\n","protected":false},"excerpt":{"rendered":"<p>En un encuentro que marc\u00f3 el inicio de un nuevo ciclo, C\u00f3rdoba Joven Productiva (CJP) llev\u00f3 a cabo su primera reuni\u00f3n del a\u00f1o, donde present\u00f3 a sus nuevas autoridades para el per\u00edodo 2025-2026 y defini\u00f3 los lineamientos que orientar\u00e1n su gesti\u00f3n. Este espacio multisectorial, que re\u00fane a las c\u00e1maras e instituciones j\u00f3venes de la gremial [&hellip;]<\/p>\n","protected":false},"author":1,"featured_media":162690,"comment_status":"closed","ping_status":"closed","sticky":false,"template":"","format":"standard","meta":[],"categories":[25],"tags":[],"_links":{"self":[{"href":"http:\/\/cordobadirecto.com\/index.php\/wp-json\/wp\/v2\/posts\/162689"}],"collection":[{"href":"http:\/\/cordobadirecto.com\/index.php\/wp-json\/wp\/v2\/posts"}],"about":[{"href":"http:\/\/cordobadirecto.com\/index.php\/wp-json\/wp\/v2\/types\/post"}],"author":[{"embeddable":true,"href":"http:\/\/cordobadirecto.com\/index.php\/wp-json\/wp\/v2\/users\/1"}],"replies":[{"embeddable":true,"href":"http:\/\/cordobadirecto.com\/index.php\/wp-json\/wp\/v2\/comments?post=162689"}],"version-history":[{"count":0,"href":"http:\/\/cordobadirecto.com\/index.php\/wp-json\/wp\/v2\/posts\/162689\/revisions"}],"wp:featuredmedia":[{"embeddable":true,"href":"http:\/\/cordobadirecto.com\/index.php\/wp-json\/wp\/v2\/media\/162690"}],"wp:attachment":[{"href":"http:\/\/cordobadirecto.com\/index.php\/wp-json\/wp\/v2\/media?parent=162689"}],"wp:term":[{"taxonomy":"category","embeddable":true,"href":"http:\/\/cordobadirecto.com\/index.php\/wp-json\/wp\/v2\/categories?post=162689"},{"taxonomy":"post_tag","embeddable":true,"href":"http:\/\/cordobadirecto.com\/index.php\/wp-json\/wp\/v2\/tags?post=162689"}],"curies":[{"name":"wp","href":"https:\/\/api.w.org\/{rel}","templated":true}]}}