{"id":162693,"date":"2025-02-27T16:56:16","date_gmt":"2025-02-27T16:56:16","guid":{"rendered":"https:\/\/cordoba.gob.ar\/?p=75034"},"modified":"2025-02-27T16:56:16","modified_gmt":"2025-02-27T16:56:16","slug":"el-sabado-iniciaran-las-obras-que-completaran-la-bulevarizacion-de-la-avenida-maipu-hasta-el-rio","status":"publish","type":"post","link":"http:\/\/cordobadirecto.com\/index.php\/2025\/02\/27\/el-sabado-iniciaran-las-obras-que-completaran-la-bulevarizacion-de-la-avenida-maipu-hasta-el-rio\/","title":{"rendered":"El s\u00e1bado iniciar\u00e1n las obras que completar\u00e1n la bulevarizaci\u00f3n de la avenida Maip\u00fa hasta el r\u00edo"},"content":{"rendered":"<div><img src=\"http:\/\/cordobadirecto.com\/wp-content\/uploads\/2025\/02\/el-sabado-iniciaran-las-obras-que-completaran-la-bulevarizacion-de-la-avenida-maipu-hasta-el-rio.jpg\" class=\"ff-og-image-inserted\"><\/div>\n<ul>\n<li data-prosemirror-content-type=\"node\" data-prosemirror-node-name=\"paragraph\" data-prosemirror-node-block=\"true\"><strong>La obra mejorar\u00e1 la accesibilidad y seguridad para peatones y ciclistas, a la vez que ordenar\u00e1 el tr\u00e1nsito vehicular y el transporte p\u00fablico entre Plaza Espa\u00f1a y la nueva sede del Concejo Deliberante.<\/strong><\/li>\n<li data-prosemirror-content-type=\"node\" data-prosemirror-node-name=\"paragraph\" data-prosemirror-node-block=\"true\"><strong><strong>Por el comienzo de obra, desde el viernes a las 08:00 se proh\u00edbe el estacionamiento en la arteria entre Emilio Olmos y Catamarca. El s\u00e1bado se establecer\u00e1n desv\u00edos.<\/strong><\/strong><br \/>\n<hr>\n<\/li>\n<\/ul>\n<p data-prosemirror-content-type=\"node\" data-prosemirror-node-name=\"paragraph\" data-prosemirror-node-block=\"true\">Este s\u00e1bado, la Municipalidad de C\u00f3rdoba iniciar\u00e1 las obras de bulevarizaci\u00f3n de la Avenida Maip\u00fa, entre Avenida Emilio Olmos y Avenida Costanera Sur: la \u00faltima etapa de un proyecto que desde hace m\u00e1s de 90 a\u00f1os se desarrolla en la ciudad para mejorar la circulaci\u00f3n del \u00e1rea central.<\/p>\n<p data-prosemirror-content-type=\"node\" data-prosemirror-node-name=\"paragraph\" data-prosemirror-node-block=\"true\">\u201cCorredor de Convivencia Maip\u00fa\u201d es un proyecto dise\u00f1ado para mejorar la movilidad, la seguridad vehicular y la creaci\u00f3n de espacios verdes en esta arteria neur\u00e1lgica del centro capitalino.<\/p>\n<p data-prosemirror-content-type=\"node\" data-prosemirror-node-name=\"paragraph\" data-prosemirror-node-block=\"true\">Este trabajo prev\u00e9 transformar la avenida en un moderno corredor urbano que unir\u00e1 Plaza Espa\u00f1a con la nueva sede del Concejo Deliberante, mejorando la conectividad y el flujo del tr\u00e1nsito en una zona de mucha afluencia de particulares y transporte urbano de pasajero.<\/p>\n<p data-prosemirror-content-type=\"node\" data-prosemirror-node-name=\"paragraph\" data-prosemirror-node-block=\"true\">Tendr\u00e1 espacio verde, arbolado, ciclov\u00eda, paradas inteligentes de transporte p\u00fablico de pasajeros y bicicleteros. El proyecto incluye un carril exclusivo para colectivos, en continuidad con el flujo vehicular de la arteria.<\/p>\n<p data-prosemirror-content-type=\"node\" data-prosemirror-node-name=\"paragraph\" data-prosemirror-node-block=\"true\">Se ejecutar\u00e1n, adem\u00e1s, obras de infraestructura con el fin de mejorar los servicios de energ\u00eda y agua potable del sector, se instalar\u00e1n luces LED, contenedores soterrados para residuos y cruces peatonales accesibles con rampas y gu\u00edas podot\u00e1ctiles.<\/p>\n<p data-prosemirror-content-type=\"node\" data-prosemirror-node-name=\"paragraph\" data-prosemirror-node-block=\"true\">Cabe recordar que, cuando se ensanch\u00f3 el tramo entre Sarmiento y Libertad, y previendo las obras, se ejecut\u00f3 una base estructural que oficia de \u201cesqueleto\u201d de lo que ser\u00e1 el futuro bulevar.<\/p>\n<p data-prosemirror-content-type=\"node\" data-prosemirror-node-name=\"paragraph\" data-prosemirror-node-block=\"true\">La obra hasta el r\u00edo tendr\u00e1 una inversi\u00f3n de $5.057.600.000,00.<\/p>\n<p data-prosemirror-content-type=\"node\" data-prosemirror-node-name=\"paragraph\" data-prosemirror-node-block=\"true\">El proyecto va en lineamiento con la actual gesti\u00f3n del intendente Daniel Passerini, que busca crear m\u00e1s \u00e1reas verdes en el centro de la ciudad.<\/p>\n<p data-prosemirror-content-type=\"node\" data-prosemirror-node-name=\"paragraph\" data-prosemirror-node-block=\"true\">Estos trabajos ayudar\u00e1n a mejorar la conectividad vial entre Ciudad Universitaria, Plaza Espa\u00f1a, y la Costanera Sur, bordeando el r\u00edo Suqu\u00eda. Al mismo tiempo que facilitar\u00e1 la conexi\u00f3n y traslado hacia la zona norte por avenida Juan B. Justo.<\/p>\n<p data-prosemirror-content-type=\"node\" data-prosemirror-node-name=\"paragraph\" data-prosemirror-node-block=\"true\"><strong data-prosemirror-content-type=\"mark\" data-prosemirror-mark-name=\"strong\">Corte de tr\u00e1nsito<\/strong><\/p>\n<p data-prosemirror-content-type=\"node\" data-prosemirror-node-name=\"paragraph\" data-prosemirror-node-block=\"true\">A partir de este viernes a las 08:00, y a ra\u00edz del comienzo de la obra, se inhabilitar\u00e1n las d\u00e1rsenas de estacionamiento en Av. Maip\u00fa entre Av. Emilio Olmos y Catamarca. Todo veh\u00edculo que se encuentre estacionado ser\u00e1 removido.<\/p>\n<p data-prosemirror-content-type=\"node\" data-prosemirror-node-name=\"paragraph\" data-prosemirror-node-block=\"true\">A partir del s\u00e1bado se establecen cortes de tr\u00e1nsito y desv\u00edos acorde al siguiente esquema:<\/p>\n<ul class=\"ak-ul\" data-prosemirror-content-type=\"node\" data-prosemirror-node-name=\"bulletList\" data-prosemirror-node-block=\"true\" readability=\"0.5\">\n<li data-prosemirror-content-type=\"node\" data-prosemirror-node-name=\"listItem\" data-prosemirror-node-block=\"true\" readability=\"0\">\n<p data-prosemirror-content-type=\"node\" data-prosemirror-node-name=\"paragraph\" data-prosemirror-node-block=\"true\">La calzada izquierda tendr\u00e1 dos carriles por donde podr\u00e1n circular veh\u00edculos particulares y colectivos.<\/p>\n<\/li>\n<li data-prosemirror-content-type=\"node\" data-prosemirror-node-name=\"listItem\" data-prosemirror-node-block=\"true\" readability=\"1\">\n<p data-prosemirror-content-type=\"node\" data-prosemirror-node-name=\"paragraph\" data-prosemirror-node-block=\"true\">La calzada derecha estar\u00e1 cortada totalmente a la altura de Av. Emilio Olmos, por lo que los conductores deber\u00e1n desviar en la intersecci\u00f3n hacia Bv. Guzm\u00e1n.<\/p>\n<\/li>\n<\/ul>\n<p data-prosemirror-content-type=\"node\" data-prosemirror-node-name=\"paragraph\" data-prosemirror-node-block=\"true\">Se recomienda evitar la zona, y utilizar un recorrido alternativo para llegar a destino. Solo acceder a Bv. Maip\u00fa en caso de ser necesario.<\/p>\n","protected":false},"excerpt":{"rendered":"<p>La obra mejorar\u00e1 la accesibilidad y seguridad para peatones y ciclistas, a la vez que ordenar\u00e1 el tr\u00e1nsito vehicular y el transporte p\u00fablico entre Plaza Espa\u00f1a y la nueva sede del Concejo Deliberante. Por el comienzo de obra, desde el viernes a las 08:00 se proh\u00edbe el estacionamiento en la arteria entre Emilio Olmos y [&hellip;]<\/p>\n","protected":false},"author":1,"featured_media":162694,"comment_status":"closed","ping_status":"closed","sticky":false,"template":"","format":"standard","meta":[],"categories":[44],"tags":[],"_links":{"self":[{"href":"http:\/\/cordobadirecto.com\/index.php\/wp-json\/wp\/v2\/posts\/162693"}],"collection":[{"href":"http:\/\/cordobadirecto.com\/index.php\/wp-json\/wp\/v2\/posts"}],"about":[{"href":"http:\/\/cordobadirecto.com\/index.php\/wp-json\/wp\/v2\/types\/post"}],"author":[{"embeddable":true,"href":"http:\/\/cordobadirecto.com\/index.php\/wp-json\/wp\/v2\/users\/1"}],"replies":[{"embeddable":true,"href":"http:\/\/cordobadirecto.com\/index.php\/wp-json\/wp\/v2\/comments?post=162693"}],"version-history":[{"count":0,"href":"http:\/\/cordobadirecto.com\/index.php\/wp-json\/wp\/v2\/posts\/162693\/revisions"}],"wp:featuredmedia":[{"embeddable":true,"href":"http:\/\/cordobadirecto.com\/index.php\/wp-json\/wp\/v2\/media\/162694"}],"wp:attachment":[{"href":"http:\/\/cordobadirecto.com\/index.php\/wp-json\/wp\/v2\/media?parent=162693"}],"wp:term":[{"taxonomy":"category","embeddable":true,"href":"http:\/\/cordobadirecto.com\/index.php\/wp-json\/wp\/v2\/categories?post=162693"},{"taxonomy":"post_tag","embeddable":true,"href":"http:\/\/cordobadirecto.com\/index.php\/wp-json\/wp\/v2\/tags?post=162693"}],"curies":[{"name":"wp","href":"https:\/\/api.w.org\/{rel}","templated":true}]}}