{"id":162695,"date":"2025-02-27T23:40:18","date_gmt":"2025-02-27T23:40:18","guid":{"rendered":"http:\/\/cordobadirecto.com\/index.php\/2025\/02\/27\/la-salud-y-la-empresa-energetica-sufren-el-ajuste-demencial-los-reclamos-se-unieron-en\/"},"modified":"2025-02-27T23:40:18","modified_gmt":"2025-02-27T23:40:18","slug":"la-salud-y-la-empresa-energetica-sufren-el-ajuste-demencial-los-reclamos-se-unieron-en","status":"publish","type":"post","link":"http:\/\/cordobadirecto.com\/index.php\/2025\/02\/27\/la-salud-y-la-empresa-energetica-sufren-el-ajuste-demencial-los-reclamos-se-unieron-en\/","title":{"rendered":"&quot;La salud y la empresa energ\u00e9tica sufren el ajuste demencial&quot;: los reclamos se unieron en &#8230;"},"content":{"rendered":"<p>En <b>C\u00f3rdoba<\/b> la marcha confluy\u00f3 con la movilizaci\u00f3n en defensa de la empresa estatal Epec. <b>C\u00f3rdoba<\/b>27\/02\/2025 Redacci\u00f3n La <b>Nueva<\/b> Ma\u00f1ana. <\/p>\n","protected":false},"excerpt":{"rendered":"<p>En C\u00f3rdoba la marcha confluy\u00f3 con la movilizaci\u00f3n en defensa de la empresa estatal Epec. C\u00f3rdoba27\/02\/2025 Redacci\u00f3n La Nueva Ma\u00f1ana.<\/p>\n","protected":false},"author":1,"featured_media":0,"comment_status":"closed","ping_status":"closed","sticky":false,"template":"","format":"standard","meta":[],"categories":[40],"tags":[],"_links":{"self":[{"href":"http:\/\/cordobadirecto.com\/index.php\/wp-json\/wp\/v2\/posts\/162695"}],"collection":[{"href":"http:\/\/cordobadirecto.com\/index.php\/wp-json\/wp\/v2\/posts"}],"about":[{"href":"http:\/\/cordobadirecto.com\/index.php\/wp-json\/wp\/v2\/types\/post"}],"author":[{"embeddable":true,"href":"http:\/\/cordobadirecto.com\/index.php\/wp-json\/wp\/v2\/users\/1"}],"replies":[{"embeddable":true,"href":"http:\/\/cordobadirecto.com\/index.php\/wp-json\/wp\/v2\/comments?post=162695"}],"version-history":[{"count":0,"href":"http:\/\/cordobadirecto.com\/index.php\/wp-json\/wp\/v2\/posts\/162695\/revisions"}],"wp:attachment":[{"href":"http:\/\/cordobadirecto.com\/index.php\/wp-json\/wp\/v2\/media?parent=162695"}],"wp:term":[{"taxonomy":"category","embeddable":true,"href":"http:\/\/cordobadirecto.com\/index.php\/wp-json\/wp\/v2\/categories?post=162695"},{"taxonomy":"post_tag","embeddable":true,"href":"http:\/\/cordobadirecto.com\/index.php\/wp-json\/wp\/v2\/tags?post=162695"}],"curies":[{"name":"wp","href":"https:\/\/api.w.org\/{rel}","templated":true}]}}