{"id":162716,"date":"2025-02-27T21:42:58","date_gmt":"2025-02-27T21:42:58","guid":{"rendered":"https:\/\/www.ole.com.ar\/autos\/baltazar-leguizamon-entrevista-nascar-xfinity-series_0_H5Id7XAx31.html"},"modified":"2025-02-27T21:42:58","modified_gmt":"2025-02-27T21:42:58","slug":"baltazar-leguizamon-con-ole-a-horas-de-debutar-en-el-nascar-al-principio-por-ser-argentino-me-veian-como-un-extrano","status":"publish","type":"post","link":"http:\/\/cordobadirecto.com\/index.php\/2025\/02\/27\/baltazar-leguizamon-con-ole-a-horas-de-debutar-en-el-nascar-al-principio-por-ser-argentino-me-veian-como-un-extrano\/","title":{"rendered":"Baltazar Leguizam\u00f3n con Ol\u00e9, a horas de debutar en el NASCAR: &#8220;Al principio, por ser argentino, me ve\u00edan como un extra\u00f1o&#8221;"},"content":{"rendered":"<p><time class=\"createDate\" datetime=\"2025-02-27T18:42:58-03:00\">27\/02\/2025 18:42hs.<\/time><\/p>\n<div id=\"storyBody\">\n<div class=\"custom-text \" readability=\"37\">\n<p>El automovilismo argentino marcar\u00e1 un nuevo hito en su historia: <strong>por primera vez, un piloto albiceleste formar\u00e1 parte del NASCAR<\/strong>. Se trata de <strong>Baltazar Leguizam\u00f3n<\/strong>, quien previo a su estreno en la categor\u00eda, charl\u00f3 a fondo con <strong>Ol\u00e9<\/strong>.<\/p>\n<\/div>\n<div class=\"custom-text \" readability=\"41\">\n<p>Para el nacido en Arrecifes hace 24 a\u00f1os, pero con parte de su coraz\u00f3n en Capit\u00e1n Sarmiento y La Luisa, ya que vivi\u00f3 y creci\u00f3 en ambas localidades, el sue\u00f1o americano se volvi\u00f3 una realidad. <strong>Ser\u00e1 el primer volante local en formar parte de la<\/strong> <strong>Xfinity Series<\/strong>, el pelda\u00f1o previo a la competici\u00f3n de stock cars m\u00e1s importante del mundo y la m\u00e1s popular de los Estados Unidos, la NASCAR Cup Series. Adem\u00e1s, es el \u00fanico embajador sudamericano de la divisi\u00f3n.<\/p>\n<\/div>\n<div class=\"sc-e7b891c4-0 ifHnQL image-embed\"><img alt=\"El de Arrecifes ya realiz\u00f3 la prueba de asiento. (Foto: @BaltaLeguizam\u00f3n)\" loading=\"lazy\" width=\"720\" height=\"100\" decoding=\"async\" data-nimg=\"1\" src=\"http:\/\/cordobadirecto.com\/wp-content\/uploads\/2025\/02\/baltazar-leguizamon-con-ole-a-horas-de-debutar-en-el-nascar-al-principio-por-ser-argentino-me-veian-como-un-extrano.jpg\"><span class=\"epigraphe\">El de Arrecifes ya realiz\u00f3 la prueba de asiento. (Foto: @BaltaLeguizam\u00f3n)<\/span><\/div>\n<div class=\"custom-text \" readability=\"40\">\n<p>Y el puntapi\u00e9 inicial para poder ver a Leguizam\u00f3n en la pista tendr\u00e1 lugar este s\u00e1bado <strong>1 de marzo a las 17.30<\/strong>, cuando Leguizam\u00f3n se suba al Chevrolet Camaro #35 que le dej\u00f3 todo tuneado (con un logo gigante de Alfajores Guaymall\u00e9n) su flamante equipo, Joey Gase Motorsports. El escenario de la carrera, la cual contar\u00e1 con 65 vueltas y corresponde a la tercera jornada del campeonato, ser\u00e1 el <strong>Circuito de las Am\u00e9ricas<\/strong>. Por el momento, ninguna se\u00f1al se har\u00e1 cargo de que sea transmitida en Argentina.<\/p>\n<\/div>\n<div class=\"custom-text \" readability=\"41\">\n<p>Los fierreros locales lo tienen bastante visto al arrecife\u00f1o, producto de sus participaciones en el <strong>Top Race<\/strong> (Series y V6,) el <strong>TC Mouras<\/strong>, el <strong>TC2000<\/strong> y el <strong>TC Pista<\/strong>. Adem\u00e1s, Baltazar ya est\u00e1 familiarizado con los circuitos de Estados Unidos, dado que tuvo un paso por la <strong>F\u00f3rmula 4<\/strong> de aquella naci\u00f3n en 2016 y 2017. Tambi\u00e9n form\u00f3 parte de la <strong>F3 Americas<\/strong> y la <strong>F\u00f3rmula Atlantic<\/strong>, categor\u00eda en la que conquist\u00f3 el t\u00edtulo en 2018.<\/p>\n<\/div>\n<div class=\"sc-e7b891c4-0 ifHnQL image-embed\"><img alt=\"Leguizam\u00f3n, en sus tiempos de F\u00f3rmula 3 Am\u00e9ricas, junto a Fernando Alonso. (Foto: @BaltaLeguizam\u00f3n)\" loading=\"lazy\" width=\"720\" height=\"100\" decoding=\"async\" data-nimg=\"1\" src=\"http:\/\/cordobadirecto.com\/wp-content\/uploads\/2025\/02\/baltazar-leguizamon-con-ole-a-horas-de-debutar-en-el-nascar-al-principio-por-ser-argentino-me-veian-como-un-extrano-1.jpg\"><span class=\"epigraphe\">Leguizam\u00f3n, en sus tiempos de F\u00f3rmula 3 Am\u00e9ricas, junto a Fernando Alonso. (Foto: @BaltaLeguizam\u00f3n)<\/span><\/div>\n<p><h2><strong>Leguizam\u00f3n, mano a mano con Ol\u00e9<\/strong><\/h2>\n<\/p>\n<p><h3><strong>-\u00bfC\u00f3mo fue el momento en el que ca\u00edste que ibas a ser parte de una divisi\u00f3n del NASCAR?<\/strong><\/h3>\n<\/p>\n<div class=\"custom-text \" readability=\"38\">\n<p>-Incre\u00edble, porque voy a ser el primer argentino en la historia y el \u00fanico sudamericano de la temporada en correr ac\u00e1. Para m\u00ed, es un logro muy importante. <strong>Hoy en d\u00eda, es la categor\u00eda de autos m\u00e1s importante del mundo<\/strong>. Primero hay que hacer base y en las carreras tocar\u00e1 realizar el mejor papel posible para estar ac\u00e1 por mucho tiempo.<\/p>\n<\/div>\n<p><h3><strong>-Para los que no est\u00e1n al tanto ni escucharon mucho de esta categor\u00eda. \u00bfQu\u00e9 es el Xfinity Series?<\/strong><\/h3>\n<\/p>\n<div class=\"custom-text \" readability=\"44\">\n<p>-Es una categor\u00eda donde corren varios pilotos de la Cup (la m\u00e1xima del NASCAR). Los autos tienen algunas diferencias. A algunos pilotos, que tambi\u00e9n corren en la divisi\u00f3n mayor, <strong>les gusta m\u00e1s la Xfinity<\/strong>. En realidad, depende, pero muchos se inclinan m\u00e1s por este tipo de coches, que <strong>son m\u00e1s dif\u00edciles de manejar<\/strong>. Es una competencia que tiene much\u00edsima llegada, las marcas m\u00e1s reconocidas est\u00e1n ah\u00ed. Al principio, <strong>por ser argentino, me ve\u00edan como un extra\u00f1o<\/strong>, pero tuve mucha aceptaci\u00f3n por parte del resto. Con el tiempo me voy a hacer mi lugar.<\/p>\n<\/div>\n<p><h3><strong>-\u00bfCu\u00e1les son las caracter\u00edsticas del auto y qu\u00e9 comparaci\u00f3n har\u00edas con el TC?<\/strong><\/h3>\n<\/p>\n<div class=\"custom-text \" readability=\"37\">\n<p>-El auto tiene 700 caballos, un motor V8 y <strong>un casco parecido al Camaro del TC<\/strong>. La diferencia es que el estilo de la carrocer\u00eda es uno m\u00e1s adaptado al NASCAR. Tiene menos aler\u00f3n, menos carga aerodin\u00e1mica y mucha m\u00e1s potencia. Otra diferencia es que su caja es en forma de H y tiene cuatro cambios.<\/p>\n<\/div>\n<div class=\"custom-text \" readability=\"46\">\n<p>As\u00ed como en nuestro pa\u00eds surge el debate de cu\u00e1l es el segundo deporte m\u00e1s popular por detr\u00e1s del f\u00fatbol, en Estados Unidos sucede algo similar. B\u00e9isbol, b\u00e1squet, f\u00fatbol americano, automovilismo, <strong>todos son muy consumidos por el pueblo americano<\/strong>, aunque, Leguizam\u00f3n tiene bien claro cu\u00e1l es el m\u00e1s visto. &#8220;Son muy fan\u00e1ticos de la categor\u00eda ac\u00e1. <strong>Te dir\u00eda que, en promedio, es el deporte m\u00e1s visto de Estados Unidos<\/strong>. La \u00faltima carrera tuvo al rededor de 4 millones 600 mil espectadores. Hace poco se jugaron los partidos del All Star Game de la NBA, y los n\u00fameros est\u00e1n parejos. Una carrera importante tiene una audiencia de entre 7 y 8 millones, solo contando a los norteamericanos&#8221;.<\/p>\n<\/div>\n<p><h3><strong>-\u00bfQu\u00e9 deber\u00eda copiar el automovilismo argentino del estadounidense?<\/strong><\/h3>\n<\/p>\n<div class=\"custom-text \" readability=\"39\">\n<p>-Es dif\u00edcil responder. Dir\u00eda que ac\u00e1 se trabaja mucho en la visibilidad y en el show que se brinda, y creo que, de a poco, <strong>nuestro pa\u00eds va asimilando eso<\/strong>. Pero hay una diferencia, ac\u00e1 las marcas m\u00e1s importantes est\u00e1n muy compenetradas con patrocinar a la divisi\u00f3n. Hay que apuntar a eso. A sponsors de relevancia para que haya m\u00e1s recursos econ\u00f3micos.<\/p>\n<\/div>\n<div class=\"custom-text \" readability=\"43\">\n<p><strong>Agust\u00edn Canapino <\/strong>fue el anterior argentino en testearse ante los mejores en una categor\u00eda top de los Estados Unidos. Ahora bien, su vecino en Arrecifes gir\u00f3 en la IndyCar, donde corri\u00f3 bajo el ala del Juncos Holliger Racing durante una temporada y media. <strong>\u00bfQu\u00e9 tan distinta es esa categor\u00eda en relaci\u00f3n al NASCAR? <\/strong>Leguizam\u00f3n lo respondi\u00f3:<strong> <\/strong>&#8220;La IndyCar tiene un estilo m\u00e1s europeo, sin dudas. Yo hice ese camino. Es americano, s\u00ed, pero <strong>tiene muy impregnada la ideolog\u00eda de Europa<\/strong>, se asemeja bastante a la F\u00f3rmula 1. En cambio, el NASCAR es 100% estadounidense, por eso es la categor\u00eda m\u00e1s vista&#8221;.<\/p>\n<\/div>\n<p><h3><strong>-\u00bfC\u00f3mo lo valor\u00e1s a Canapino, que ahora se volvi\u00f3 y demostr\u00f3 su calidad en el inicio del campeonato del TC?<\/strong><\/h3>\n<\/p>\n<div class=\"custom-text \" readability=\"34\">\n<p>-Agust\u00edn es un vecino y lo conozco hace mucho tiempo. Nunca pude correr con \u00e9l, pero lo veo desde pibe y creo que <strong>hoy es uno de los referentes albicelestes m\u00e1s importantes<\/strong>.<\/p>\n<\/div>\n<p><h3><strong>-\u00bfY sobre Colapinto? Fue otro boom que llev\u00f3 el automovilismo argentino a otro nivel&#8230;<\/strong><\/h3>\n<\/p>\n<div class=\"custom-text \" readability=\"44\">\n<p>-Creo que <strong>se le dieron todos los recursos<\/strong>. Nunca hab\u00eda visto eso con un argentino en el exterior. Es primordial para un piloto de nuestro pa\u00eds, que te respalden, y a \u00e9l se le dio todo eso. Para llegar, es necesario ese sost\u00e9n, y Colapinto lo supo conseguir para que se le abrieran las puertas y se pudiera subir a un F\u00f3rmula 1, escalando desde la F3. En los pa\u00edses desarrollados es mucho m\u00e1s f\u00e1cil que para nosotros, que necesitamos de ayuda econ\u00f3mica. <strong>\u00c9l supo aprovechar su oportunidad<\/strong>. Cuando est\u00e1s en F2, esper\u00e1s el momento para dar el salto a la M\u00e1xima. Entonces,<strong> creo que uno ya est\u00e1 preparado para la F1 desde el momento en el que ingresa a la tercera divisi\u00f3n<\/strong>. Todav\u00eda tiene much\u00edsimo camino por recorrer, reci\u00e9n comienza. Es muy dif\u00edcil opinar sobre su rendimiento a estas alturas. Todos los pilotos necesitamos kil\u00f3metros para nuestro desarrollo. Ojal\u00e1 pueda seguir escalando.<\/p>\n<\/div>\n<p><h3><strong>-\u00bfSo\u00f1\u00e1s con traer para Argentina el t\u00edtulo de la NASCAR?<\/strong><\/h3>\n<\/p>\n<div class=\"custom-text \" readability=\"39\">\n<p>-Sue\u00f1o con ser un piloto de tiempo completo en la NASCAR, y por qu\u00e9 no, <strong>alg\u00fan d\u00eda ganar una carrera<\/strong>. Es muy pronto para decir cualquier cosa, reci\u00e9n voy a dar mi primer paso. Depende mucho tambi\u00e9n de lo que haga este fin de semana. Me tengo much\u00edsima fe, nos va a ir bien. Mi objetivo principal es ser parte de esta divisi\u00f3n.<\/p>\n<\/div>\n<div class=\"sc-e7b891c4-0 ifHnQL image-embed\"><img alt=\"El piloto y el f\u00fatbol van de la mano. (Foto: @BaltaLeguizam\u00f3n)\" loading=\"lazy\" width=\"720\" height=\"100\" decoding=\"async\" data-nimg=\"1\" src=\"http:\/\/cordobadirecto.com\/wp-content\/uploads\/2025\/02\/baltazar-leguizamon-con-ole-a-horas-de-debutar-en-el-nascar-al-principio-por-ser-argentino-me-veian-como-un-extrano-2.jpg\"><span class=\"epigraphe\">El piloto y el f\u00fatbol van de la mano. (Foto: @BaltaLeguizam\u00f3n)<\/span><\/div>\n<div class=\"custom-text \" readability=\"38\">\n<p>Adem\u00e1s de su pasi\u00f3n por los fierros, no es un misterio para nadie que Balta, como la mayor\u00eda de los argentinos, <strong>siente algo por el f\u00fatbol<\/strong>. Hincha de <strong>Boca<\/strong>, opin\u00f3 sobre el partido en el que el cuadro Xeneize <strong>fue eliminado <\/strong>de la Fase Previa de la Libertadores por Alianza Lima.<\/p>\n<\/div>\n<div class=\"custom-text \" readability=\"42\">\n<p>&#8220;No llegu\u00e9 a ver todo, vi la peor parte, el final. Lamentablemente me toc\u00f3 ver la eliminaci\u00f3n. Mejor que hayan perdido ahora y no m\u00e1s adelante, porque no estaban para pelear la Libertadores. Si segu\u00edan jugando de la forma en la que lo vienen haciendo, tampoco iban a llegar m\u00e1s lejos. Si Gago es bueno o no como t\u00e9cnico, no tengo idea. Creo que en Boca deber\u00edan jugar los mejores del mundo, <strong>porque es el equipo m\u00e1s grande del mundo<\/strong>&#8220;, dijo.<\/p>\n<\/div>\n<div class=\"sc-a7166897-0 eoLsBE\" readability=\"6.5\">\n<section readability=\"3\"><picture><img alt=\"Atento Franco: el respaldo del director de Alpine a Doohan en medio de los rumores de un posible reemplazo por Colapinto\" loading=\"lazy\" width=\"290\" height=\"290\" decoding=\"async\" data-nimg=\"1\" src=\"http:\/\/cordobadirecto.com\/wp-content\/uploads\/2025\/02\/baltazar-leguizamon-con-ole-a-horas-de-debutar-en-el-nascar-al-principio-por-ser-argentino-me-veian-como-un-extrano-3.jpg\"><\/picture>\n<p><span>Mir\u00e1 tambi\u00e9n<\/span><\/p>\n<hr>\n<h3>Atento Franco: el respaldo del director de Alpine a Doohan en medio de los rumores de un posible reemplazo por Colapinto<\/h3>\n<\/p>\n<\/section>\n<\/div>\n<div class=\"sc-a7166897-0 eoLsBE\" readability=\"6.5\">\n<section readability=\"3\"><picture><img alt=\"Un jefe de equipo de la F1 qued\u00f3 impresionado con Colapinto: &quot;Rindi\u00f3 extraordinariamente&quot;\" loading=\"lazy\" width=\"290\" height=\"290\" decoding=\"async\" data-nimg=\"1\" src=\"http:\/\/cordobadirecto.com\/wp-content\/uploads\/2025\/02\/baltazar-leguizamon-con-ole-a-horas-de-debutar-en-el-nascar-al-principio-por-ser-argentino-me-veian-como-un-extrano-4.jpg\"><\/picture>\n<p><span>Mir\u00e1 tambi\u00e9n<\/span><\/p>\n<hr>\n<h3>Un jefe de equipo de la F1 qued\u00f3 impresionado con Colapinto: &#8220;Rindi\u00f3 extraordinariamente&#8221;<\/h3>\n<\/p>\n<\/section>\n<\/div>\n<div class=\"sc-a7166897-0 eoLsBE\" readability=\"6\">\n<section readability=\"2\"><picture><img alt=\"\u00bfLo saca a Doohan? Colapinto inform\u00f3 sus &quot;fechas claves&quot; en la F1 2025\" loading=\"lazy\" width=\"290\" height=\"290\" decoding=\"async\" data-nimg=\"1\" src=\"http:\/\/cordobadirecto.com\/wp-content\/uploads\/2025\/02\/baltazar-leguizamon-con-ole-a-horas-de-debutar-en-el-nascar-al-principio-por-ser-argentino-me-veian-como-un-extrano-3.jpg\"><\/picture>\n<p><span>Mir\u00e1 tambi\u00e9n<\/span><\/p>\n<hr>\n<h3>\u00bfLo saca a Doohan? Colapinto inform\u00f3 sus &#8220;fechas claves&#8221; en la F1 2025<\/h3>\n<\/p>\n<\/section>\n<\/div>\n<\/div>\n","protected":false},"excerpt":{"rendered":"<p>27\/02\/2025 18:42hs. El automovilismo argentino marcar\u00e1 un nuevo hito en su historia: por primera vez, un piloto albiceleste formar\u00e1 parte del NASCAR. Se trata de Baltazar Leguizam\u00f3n, quien previo a su estreno en la categor\u00eda, charl\u00f3 a fondo con Ol\u00e9. Para el nacido en Arrecifes hace 24 a\u00f1os, pero con parte de su coraz\u00f3n en [&hellip;]<\/p>\n","protected":false},"author":1,"featured_media":162717,"comment_status":"closed","ping_status":"closed","sticky":false,"template":"","format":"standard","meta":[],"categories":[21],"tags":[],"_links":{"self":[{"href":"http:\/\/cordobadirecto.com\/index.php\/wp-json\/wp\/v2\/posts\/162716"}],"collection":[{"href":"http:\/\/cordobadirecto.com\/index.php\/wp-json\/wp\/v2\/posts"}],"about":[{"href":"http:\/\/cordobadirecto.com\/index.php\/wp-json\/wp\/v2\/types\/post"}],"author":[{"embeddable":true,"href":"http:\/\/cordobadirecto.com\/index.php\/wp-json\/wp\/v2\/users\/1"}],"replies":[{"embeddable":true,"href":"http:\/\/cordobadirecto.com\/index.php\/wp-json\/wp\/v2\/comments?post=162716"}],"version-history":[{"count":0,"href":"http:\/\/cordobadirecto.com\/index.php\/wp-json\/wp\/v2\/posts\/162716\/revisions"}],"wp:featuredmedia":[{"embeddable":true,"href":"http:\/\/cordobadirecto.com\/index.php\/wp-json\/wp\/v2\/media\/162717"}],"wp:attachment":[{"href":"http:\/\/cordobadirecto.com\/index.php\/wp-json\/wp\/v2\/media?parent=162716"}],"wp:term":[{"taxonomy":"category","embeddable":true,"href":"http:\/\/cordobadirecto.com\/index.php\/wp-json\/wp\/v2\/categories?post=162716"},{"taxonomy":"post_tag","embeddable":true,"href":"http:\/\/cordobadirecto.com\/index.php\/wp-json\/wp\/v2\/tags?post=162716"}],"curies":[{"name":"wp","href":"https:\/\/api.w.org\/{rel}","templated":true}]}}